{"id":8524,"date":"2017-05-01T09:08:54","date_gmt":"2017-05-01T12:08:54","guid":{"rendered":"http:\/\/lavras.tv\/site\/?p=8524"},"modified":"2017-05-01T09:08:54","modified_gmt":"2017-05-01T12:08:54","slug":"eleicoes-2018-bolsonaro-sobe-e-briga-pelo-2o-lugar-lula-aumenta-lideranca","status":"publish","type":"post","link":"https:\/\/lavras.tv\/site\/2017\/05\/01\/eleicoes-2018-bolsonaro-sobe-e-briga-pelo-2o-lugar-lula-aumenta-lideranca\/","title":{"rendered":"Elei\u00e7\u00f5es 2018: Bolsonaro sobe e briga pelo 2\u00ba lugar; Lula aumenta lideran\u00e7a"},"content":{"rendered":"<div class=\"lavra-antes-do-conteudo_2\" id=\"lavra-2595095345\"><div id=\"lavra-slider-27\" class=\"custom-slider lavra-slider-3780855053 lavra-slider\"><ul><li><div style=\"margin-left: auto;margin-right: auto;text-align: center;\" id=\"lavra-1698204309\"><a href=\"https:\/\/sistemas.lavras.mg.gov.br\/portalcidadao\/#df1b1a7c7b2a290bcb31e32771e610784662739a88807c0dacac58ede5f391a7530e299dc302d611ee73cb143fc22eaf93592e53e7b5bdb01b00a0b8d28dae460c141dd2ff83412e4dc1c31b16b25f33144a9e5620ea73b13f5bc1c59411d98439ad226e8af03840603796067d87afe130812cf3de24982d0e306f9e61e764e5\" aria-label=\"Lavras-TV&#8211;720x104px (1) (1)\"><img src=\"https:\/\/lavras.tv\/site\/wp-content\/uploads\/2025\/01\/Lavras-TV-720x104px-1-1.png\" alt=\"\"  srcset=\"https:\/\/lavras.tv\/site\/wp-content\/uploads\/2025\/01\/Lavras-TV-720x104px-1-1.png 720w, https:\/\/lavras.tv\/site\/wp-content\/uploads\/2025\/01\/Lavras-TV-720x104px-1-1-470x68.png 470w, https:\/\/lavras.tv\/site\/wp-content\/uploads\/2025\/01\/Lavras-TV-720x104px-1-1-170x25.png 170w, https:\/\/lavras.tv\/site\/wp-content\/uploads\/2025\/01\/Lavras-TV-720x104px-1-1-200x29.png 200w\" sizes=\"(max-width: 720px) 100vw, 720px\" width=\"720\" height=\"104\"  style=\"display: inline-block;\" \/><\/a><\/div><\/li><li><a href=\"https:\/\/sistemas.lavras.mg.gov.br\/portalcidadao\/#df1b1a7c7b2a290bcb31e32771e610784662739a88807c0dacac58ede5f391a7530e299dc302d611ee73cb143fc22eaf93592e53e7b5bdb01b00a0b8d28dae460c141dd2ff83412e4dc1c31b16b25f33144a9e5620ea73b13f5bc1c59411d98439ad226e8af03840603796067d87afe130812cf3de24982d0e306f9e61e764e5\" aria-label=\"Banner_Emprego_PortallavrasTV\"><img src=\"https:\/\/lavras.tv\/site\/wp-content\/uploads\/2025\/03\/Banner_Emprego_PortallavrasTV.png\" alt=\"\"  srcset=\"https:\/\/lavras.tv\/site\/wp-content\/uploads\/2025\/03\/Banner_Emprego_PortallavrasTV.png 720w, https:\/\/lavras.tv\/site\/wp-content\/uploads\/2025\/03\/Banner_Emprego_PortallavrasTV-470x68.png 470w, https:\/\/lavras.tv\/site\/wp-content\/uploads\/2025\/03\/Banner_Emprego_PortallavrasTV-170x25.png 170w, https:\/\/lavras.tv\/site\/wp-content\/uploads\/2025\/03\/Banner_Emprego_PortallavrasTV-200x29.png 200w\" sizes=\"(max-width: 720px) 100vw, 720px\" width=\"720\" height=\"104\"   \/><\/a><\/li><li><a href=\"https:\/\/sistemas.lavras.mg.gov.br\/portalcidadao\/#df1b1a7c7b2a290bcb31e32771e610784662739a88807c0dacac58ede5f391a7530e299dc302d611ee73cb143fc22eaf93592e53e7b5bdb01b00a0b8d28dae460c141dd2ff83412e4dc1c31b16b25f33144a9e5620ea73b13f5bc1c59411d98439ad226e8af03840603796067d87afe130812cf3de24982d0e306f9e61e764e5\" aria-label=\"Banner_Obras_PortallavrasTV\"><img src=\"https:\/\/lavras.tv\/site\/wp-content\/uploads\/2025\/03\/Banner_Obras_PortallavrasTV.png\" alt=\"\"  srcset=\"https:\/\/lavras.tv\/site\/wp-content\/uploads\/2025\/03\/Banner_Obras_PortallavrasTV.png 720w, https:\/\/lavras.tv\/site\/wp-content\/uploads\/2025\/03\/Banner_Obras_PortallavrasTV-470x68.png 470w, https:\/\/lavras.tv\/site\/wp-content\/uploads\/2025\/03\/Banner_Obras_PortallavrasTV-170x25.png 170w, https:\/\/lavras.tv\/site\/wp-content\/uploads\/2025\/03\/Banner_Obras_PortallavrasTV-200x29.png 200w\" sizes=\"(max-width: 720px) 100vw, 720px\" width=\"720\" height=\"104\"   \/><\/a><\/li><li><div style=\"margin-left: auto;margin-right: auto;text-align: center;\" id=\"lavra-2096114803\"><a href=\"https:\/\/sistemas.lavras.mg.gov.br\/portalcidadao\/#df1b1a7c7b2a290bcb31e32771e610784662739a88807c0dacac58ede5f391a7530e299dc302d611ee73cb143fc22eaf93592e53e7b5bdb01b00a0b8d28dae460c141dd2ff83412e4dc1c31b16b25f33144a9e5620ea73b13f5bc1c59411d98439ad226e8af03840603796067d87afe130812cf3de24982d0e306f9e61e764e5\" aria-label=\"Banner_Educa\u00e7\u00e3o_PortallavrasTV\"><img src=\"https:\/\/lavras.tv\/site\/wp-content\/uploads\/2025\/01\/Banner_Educacao_PortallavrasTV.png\" alt=\"\"  srcset=\"https:\/\/lavras.tv\/site\/wp-content\/uploads\/2025\/01\/Banner_Educacao_PortallavrasTV.png 720w, https:\/\/lavras.tv\/site\/wp-content\/uploads\/2025\/01\/Banner_Educacao_PortallavrasTV-470x68.png 470w, https:\/\/lavras.tv\/site\/wp-content\/uploads\/2025\/01\/Banner_Educacao_PortallavrasTV-170x25.png 170w, https:\/\/lavras.tv\/site\/wp-content\/uploads\/2025\/01\/Banner_Educacao_PortallavrasTV-200x29.png 200w\" sizes=\"(max-width: 720px) 100vw, 720px\" width=\"720\" height=\"104\"  style=\"display: inline-block;\" \/><\/a><\/div><\/li><li><a href=\"https:\/\/sistemas.lavras.mg.gov.br\/portalcidadao\/#df1b1a7c7b2a290bcb31e32771e610784662739a88807c0dacac58ede5f391a7530e299dc302d611ee73cb143fc22eaf93592e53e7b5bdb01b00a0b8d28dae460c141dd2ff83412e4dc1c31b16b25f33144a9e5620ea73b13f5bc1c59411d98439ad226e8af03840603796067d87afe130812cf3de24982d0e306f9e61e764e5\" aria-label=\"Banner_Sa\u00fade_PortallavrasTV\"><img src=\"https:\/\/lavras.tv\/site\/wp-content\/uploads\/2025\/03\/Banner_Saude_PortallavrasTV.png\" alt=\"\"  srcset=\"https:\/\/lavras.tv\/site\/wp-content\/uploads\/2025\/03\/Banner_Saude_PortallavrasTV.png 720w, https:\/\/lavras.tv\/site\/wp-content\/uploads\/2025\/03\/Banner_Saude_PortallavrasTV-470x68.png 470w, https:\/\/lavras.tv\/site\/wp-content\/uploads\/2025\/03\/Banner_Saude_PortallavrasTV-170x25.png 170w, https:\/\/lavras.tv\/site\/wp-content\/uploads\/2025\/03\/Banner_Saude_PortallavrasTV-200x29.png 200w\" sizes=\"(max-width: 720px) 100vw, 720px\" width=\"720\" height=\"104\"   \/><\/a><\/li><li><div id=\"lavra-3234785238\" style=\"width:720px;height:104px;background-color:#ddd;overflow:scroll;\">\n\t<strong>Sa\u00edda da depura\u00e7\u00e3o de an\u00fancios<\/strong>\n\t<br><br>\n\tO an\u00fancio n\u00e3o \u00e9 exibido na p\u00e1gina<br><br>post atual: Elei\u00e7\u00f5es 2018: Bolsonaro sobe e briga pelo 2\u00ba lugar; Lula aumenta lideran\u00e7a, ID: 8524<br><br><span style=\"color: red;\">O post atual n\u00e3o \u00e9 id\u00eantico ao post principal.<\/span><br><br>An\u00fancios: ROXO - TOPO INTERNA - ROTATIVO 2 (197)<br \/>Grupo de an\u00fancios: Princ_Meio01_720x104 (27)<br><br>Condi\u00e7\u00f5es de exibi\u00e7\u00e3o<div style=\"margin-bottom: 20px; white-space: pre-wrap; font-family: monospace; width: 100%; background: #ffe9e9;\"><strong>condi\u00e7\u00f5es gerais<\/strong><table border=\"1\"><thead><tr><th><\/th><th>An\u00fancios<\/th><th>wp_the_query<\/th><\/tr><\/thead><tr><td>is_main_query<\/td><td>1<\/td><td>1<\/td><\/tr><tr><td>is_rest_api<\/td><td>0<\/td><td>1<\/td><\/tr><tr><td>page<\/td><td>0<\/td><td>1<\/td><\/tr><tr><td>numpages<\/td><td>0<\/td><td>1<\/td><\/tr><tr><td>is_archive<\/td><td>1<\/td><td><\/td><\/tr><tr><td>is_search<\/td><td>1<\/td><td><\/td><\/tr><tr><td>is_home<\/td><td>1<\/td><td><\/td><\/tr><tr><td>is_404<\/td><td>1<\/td><td><\/td><\/tr><tr><td>is_attachment<\/td><td>1<\/td><td><\/td><\/tr><tr><td>is_singular<\/td><td>1<\/td><td><\/td><\/tr><tr><td>is_front_page<\/td><td>1<\/td><td><\/td><\/tr><tr><td>is_feed<\/td><td>1<\/td><td><\/td><\/tr><\/table><\/div><br><br><span style=\"color: red;\">Seu site usa HTTPS, mas o c\u00f3digo do an\u00fancio cont\u00e9m HTTP e pode n\u00e3o funcionar.<\/span>\t<br><br>\n\t<a style=\"color: green;\" href=\"https:\/\/wpadvancedads.com\/manual\/ad-debug-mode\/?utm_source=advanced-ads&utm_medium=link&utm_campaign=ad-debug-mode\" target=\"_blank\" rel=\"nofollow\">Encontre solu\u00e7\u00f5es no manual<\/a>\n<\/div>\n<\/li><\/ul><\/div><script>( window.advanced_ads_ready || jQuery( document ).ready ).call( null, function() {var $lavraslider3780855053 = jQuery( \".lavra-slider-3780855053\" );$lavraslider3780855053.on( \"unslider.ready\", function() { jQuery( \"div.custom-slider ul li\" ).css( \"display\", \"block\" ); });$lavraslider3780855053.unslider({ delay:4000, autoplay:true, nav:false, arrows:false, infinite:true });$lavraslider3780855053.on(\"mouseover\", function() {$lavraslider3780855053.unslider(\"stop\");}).on(\"mouseout\", function() {$lavraslider3780855053.unslider(\"start\");});});<\/script><\/div><p>O deputado Jair Bolsonaro (PSC-RJ) subiu e atingiu a segunda posi\u00e7\u00e3o &#8211; em empate t\u00e9cnico com a ex-senadora Marina Silva (Rede Sustentabilidade) &#8211; em pesquisa do Instituto Datafolha sobre a elei\u00e7\u00e3o presidencial de 2018, divulgada neste domingo, 30, pelo jornal Folha de S. Paulo.<!--more--> O ex-presidente Luiz In\u00e1cio Lula da Silva aumentou a lideran\u00e7a na sondagem em dois cen\u00e1rios pesquisados. Os dois principais cen\u00e1rios da pesquisa divulgada neste domingo s\u00e3o comparados pelo instituto com levantamento feito em 16 e 17 de dezembro de 2015.<\/p>\n<p><img fetchpriority=\"high\" decoding=\"async\" class=\"alignnone size-full wp-image-8525 aligncenter\" src=\"http:\/\/lavras.tv\/site\/wp-content\/uploads\/2017\/05\/bolsolula.jpg\" alt=\"bolsolula\" width=\"405\" height=\"272\" srcset=\"https:\/\/lavras.tv\/site\/wp-content\/uploads\/2017\/05\/bolsolula.jpg 405w, https:\/\/lavras.tv\/site\/wp-content\/uploads\/2017\/05\/bolsolula-150x101.jpg 150w, https:\/\/lavras.tv\/site\/wp-content\/uploads\/2017\/05\/bolsolula-300x201.jpg 300w, https:\/\/lavras.tv\/site\/wp-content\/uploads\/2017\/05\/bolsolula-272x182.jpg 272w\" sizes=\"(max-width: 405px) 100vw, 405px\" \/><\/p>\n<p>Esse \u00e9 o primeiro levantamento do Datafolha depois da divulga\u00e7\u00e3o das dela\u00e7\u00f5es de executivos e ex-executivos da Odebrecht na Opera\u00e7\u00e3o Lava Jato.<\/p>\n<p>Bolsonaro subiu de 4% para 15% e de 5% para 14% nos dois principais cen\u00e1rios pesquisados pelo Datafolha. No cen\u00e1rio 1, em que o presidente nacional do PSDB, senador A\u00e9cio Neves (MG), \u00e9 inclu\u00eddo, Lula aparece com 30% (ante 20% da \u00faltima pesquisa), seguido por Bolsonaro (15%), Marina (14%), A\u00e9cio (8%), Ciro Gomes\/PDT (5%), o presidente Michel Temer (2%) e Luciana Genro\/PSOL (2%). Ronaldo Caiado\/DEM e Eduardo Jorge\/PV aparecem empatados com 1% cada. Votos em branco, nulos e em nenhum dos candidatos somam 17% e n\u00e3o sabem, 4%. Neste cen\u00e1rio, A\u00e9cio caiu de 26% para 8% e Marina caiu de 19% para 14%.<\/p>\n<p>No cen\u00e1rio 2, quando o candidato tucano \u00e9 o governador de S\u00e3o Paulo, Geraldo Alckmin, Lula permanece com os mesmos 30% (ante 22% da pesquisa de 2015). Neste panorama, Marina caiu de 24% para 16% e Bolsonaro subiu de 5% para 14%. Depois, vem Alckmin, que caiu de 14% para 6%. Ciro ficou com 6% e Temer, com 2%. Luciana Genro e Caiado t\u00eam 2% cada e Eduardo Jorge, 1%. Votos em branco, nulos e em nenhum dos nomes somam 16% e n\u00e3o sabem 4%.<\/p>\n<p>No cen\u00e1rio 3, em que n\u00e3o h\u00e1 base de compara\u00e7\u00e3o com pesquisa anterior, Lula tem 31%, Marina aparece com 16% e Bolsonaro, com 13%. Neste recorte, foi inclu\u00eddo o nome de Doria, que tem 9%. Em seguida, v\u00eam Ciro Gomes, com 6%, e Temer, com 2%. Luciana Genro tamb\u00e9m aparece com 2%. Caiado e Eduardo Jorge figuram com 1% cada. Em branco, nulos ou em nenhum dos nomes, 15%. N\u00e3o sabem 4%.<\/p>\n<p>No cen\u00e1rio 4, em que n\u00e3o s\u00e3o pesquisados os nomes de Lula e Temer, mas \u00e9 inclu\u00eddo o de Doria, o levantamento \u00e9 liderado por Marina, com 25%, seguida por Bolsonaro, com 14%, Ciro (12%), Doria (11%), Luciana (3%), Eduardo Jorge (2%) e Caiado (2%). Votos em branco, nulos e em nenhum dos nomes somam 25% e n\u00e3o sabem, 6%. Neste cen\u00e1rio, tamb\u00e9m n\u00e3o h\u00e1 base de compara\u00e7\u00e3o com pesquisa anterior.<\/p>\n<p>Num quinto cen\u00e1rio, sem Lula e Temer, mas com Alckmin, Marina lidera com 25%. Depois v\u00eam, Bolsonaro (16%), Ciro (11%), Alckmin (8%), Luciana (4%), Caiado (2%) e Eduardo Jorge (2%). Em branco, nulos e nenhum somam 27% e n\u00e3o sabem, 6%. Tamb\u00e9m n\u00e3o h\u00e1 base de compara\u00e7\u00e3o com pesquisa anterior neste cen\u00e1rio.<\/p>\n<p>O Datafolha realizou ainda um sexto cen\u00e1rio. Os n\u00fameros s\u00e3o os seguintes: Lula (29%); Marina (11%), Bolsonaro (11%), juiz S\u00e9rgio Moro (9%), A\u00e9cio (5%), Doria (5%), ex-presidente do Supremo Tribunal Federal (STF) Joaquim Barbosa (5%), Ciro (5%), Alckmin (3%) e apresentador Luciano Huck (3%). Neste cen\u00e1rio, votos em branco, nulos e em nenhum nome somam 11% e n\u00e3o sabem, 4%, e tamb\u00e9m n\u00e3o h\u00e1 base de compara\u00e7\u00e3o.<\/p>\n<p><strong>No 2\u00ba turno, Lula empataria com Marina e Moro<\/strong><\/p>\n<p>O ex-presidente Luiz In\u00e1cio Lula da Silva (PT) vence os outros nomes, exceto a ex-senadora Marina Silva (Rede Sustentabilidade) e o juiz federal S\u00e9rgio Moro, na pesquisa do Instituto Datafolha sobre o segundo turno da elei\u00e7\u00e3o presidencial de 2018.<\/p>\n<p>O nome de Moro n\u00e3o havia sido testado at\u00e9 o momento em levantamentos do Datafolha. Moro vence Lula numericamente, com empate t\u00e9cnico: 42% a 40%. Contra Marina, no segundo turno, o ex-presidente fica com 38% ante 41% da ex-senadora da Rede Sustentabilidade. No cen\u00e1rio em que Lula disputa com o presidente nacional do PSDB, senador A\u00e9cio Neves (MG), o petista tem 43% contra 27% do tucano.<\/p>\n<p>O ex-presidente venceria tamb\u00e9m o governador de S\u00e3o Paulo, Geraldo Alckmin (PSDB), num eventual segundo turno, por 43% a 29%. Lula ganharia ainda do deputado Jair Bolsonaro (PSC-RJ) &#8211; 43% a 31%. Num cen\u00e1rio em que o segundo turno da elei\u00e7\u00e3o para presidente fosse disputado entre o ex-presidente e o prefeito de S\u00e3o Paulo, Jo\u00e3o Doria (PSDB), o ex-chefe do Executivo federal levaria novamente a Presid\u00eancia da Rep\u00fablica, com 43% das inten\u00e7\u00f5es de voto, contra 32% do tucano.<\/p>\n<p>O Datafolha fez 2.781 entrevistas em 172 cidades nestas quarta, 26, e quinta-feira, 27, antes da greve geral de sexta-feira, 28. A margem de erro da pesquisa \u00e9 de 2 pontos porcentuais para mais ou para menos, considerando-se um n\u00edvel de confian\u00e7a de 95%.<\/p>\n<p>&nbsp;<\/p>\n<p>Fonte: Itatiaia<\/p>\n","protected":false},"excerpt":{"rendered":"<p>O deputado Jair Bolsonaro (PSC-RJ) subiu e atingiu a segunda posi\u00e7\u00e3o &#8211; em empate t\u00e9cnico com a ex-senadora Marina Silva (Rede Sustentabilidade) &#8211; em pesquisa do Instituto Datafolha sobre a elei\u00e7\u00e3o presidencial de 2018, divulgada neste domingo, 30, pelo jornal Folha de S. Paulo.<\/p>\n","protected":false},"author":2,"featured_media":8525,"comment_status":"closed","ping_status":"open","sticky":false,"template":"","format":"standard","meta":{"advgb_blocks_editor_width":"","advgb_blocks_columns_visual_guide":"","_exactmetrics_skip_tracking":false,"_exactmetrics_sitenote_active":false,"_exactmetrics_sitenote_note":"","_exactmetrics_sitenote_category":0,"footnotes":""},"categories":[12],"tags":[3282,3281,1497],"class_list":["post-8524","post","type-post","status-publish","format-standard","has-post-thumbnail","hentry","category-politica","tag-bolsonaro","tag-eleicoes-2018","tag-lula"],"better_featured_image":{"id":8525,"alt_text":"","caption":"","description":"","media_type":"image","media_details":{"width":405,"height":272,"file":"2017\/05\/bolsolula.jpg","sizes":{"thumbnail":{"file":"bolsolula-150x101.jpg","width":150,"height":101,"mime-type":"image\/jpeg","source_url":"https:\/\/lavras.tv\/site\/wp-content\/uploads\/2017\/05\/bolsolula-150x101.jpg"},"medium":{"file":"bolsolula-300x201.jpg","width":300,"height":201,"mime-type":"image\/jpeg","source_url":"https:\/\/lavras.tv\/site\/wp-content\/uploads\/2017\/05\/bolsolula-300x201.jpg"},"sow-carousel-default":{"file":"bolsolula-272x182.jpg","width":272,"height":182,"mime-type":"image\/jpeg","source_url":"https:\/\/lavras.tv\/site\/wp-content\/uploads\/2017\/05\/bolsolula-272x182.jpg"}},"image_meta":{"aperture":"0","credit":"","camera":"","caption":"","created_timestamp":"0","copyright":"","focal_length":"0","iso":"0","shutter_speed":"0","title":"","orientation":"0","keywords":[]}},"post":8524,"source_url":"https:\/\/lavras.tv\/site\/wp-content\/uploads\/2017\/05\/bolsolula.jpg"},"author_meta":{"display_name":"Lavras TV","author_link":"https:\/\/lavras.tv\/site\/author\/lavrastv\/"},"featured_img":"https:\/\/lavras.tv\/site\/wp-content\/uploads\/2017\/05\/bolsolula-300x201.jpg","coauthors":[],"tax_additional":{"categories":{"linked":["<a href=\"https:\/\/lavras.tv\/site\/category\/politica\/\" class=\"advgb-post-tax-term\">Pol\u00edtica<\/a>"],"unlinked":["<span class=\"advgb-post-tax-term\">Pol\u00edtica<\/span>"]},"tags":{"linked":["<a href=\"https:\/\/lavras.tv\/site\/category\/politica\/\" class=\"advgb-post-tax-term\">Bolsonaro<\/a>","<a href=\"https:\/\/lavras.tv\/site\/category\/politica\/\" class=\"advgb-post-tax-term\">elei\u00e7\u00f5es 2018<\/a>","<a href=\"https:\/\/lavras.tv\/site\/category\/politica\/\" class=\"advgb-post-tax-term\">lula<\/a>"],"unlinked":["<span class=\"advgb-post-tax-term\">Bolsonaro<\/span>","<span class=\"advgb-post-tax-term\">elei\u00e7\u00f5es 2018<\/span>","<span class=\"advgb-post-tax-term\">lula<\/span>"]}},"comment_count":"0","relative_dates":{"created":"Publicado 9 anos atr\u00e1s","modified":"Atualizado 9 anos atr\u00e1s"},"absolute_dates":{"created":"Publicado em 1 de maio de 2017","modified":"Atualizado em 1 de maio de 2017"},"absolute_dates_time":{"created":"Publicado em 1 de maio de 2017 09:08","modified":"Atualizado em 1 de maio de 2017 09:08"},"featured_img_caption":"","series_order":"","_links":{"self":[{"href":"https:\/\/lavras.tv\/site\/wp-json\/wp\/v2\/posts\/8524","targetHints":{"allow":["GET"]}}],"collection":[{"href":"https:\/\/lavras.tv\/site\/wp-json\/wp\/v2\/posts"}],"about":[{"href":"https:\/\/lavras.tv\/site\/wp-json\/wp\/v2\/types\/post"}],"author":[{"embeddable":true,"href":"https:\/\/lavras.tv\/site\/wp-json\/wp\/v2\/users\/2"}],"replies":[{"embeddable":true,"href":"https:\/\/lavras.tv\/site\/wp-json\/wp\/v2\/comments?post=8524"}],"version-history":[{"count":1,"href":"https:\/\/lavras.tv\/site\/wp-json\/wp\/v2\/posts\/8524\/revisions"}],"predecessor-version":[{"id":8526,"href":"https:\/\/lavras.tv\/site\/wp-json\/wp\/v2\/posts\/8524\/revisions\/8526"}],"wp:featuredmedia":[{"embeddable":true,"href":"https:\/\/lavras.tv\/site\/wp-json\/wp\/v2\/media\/8525"}],"wp:attachment":[{"href":"https:\/\/lavras.tv\/site\/wp-json\/wp\/v2\/media?parent=8524"}],"wp:term":[{"taxonomy":"category","embeddable":true,"href":"https:\/\/lavras.tv\/site\/wp-json\/wp\/v2\/categories?post=8524"},{"taxonomy":"post_tag","embeddable":true,"href":"https:\/\/lavras.tv\/site\/wp-json\/wp\/v2\/tags?post=8524"}],"curies":[{"name":"wp","href":"https:\/\/api.w.org\/{rel}","templated":true}]}}