{"id":8535,"date":"2017-05-02T08:53:07","date_gmt":"2017-05-02T11:53:07","guid":{"rendered":"http:\/\/lavras.tv\/site\/?p=8535"},"modified":"2017-05-02T08:53:07","modified_gmt":"2017-05-02T11:53:07","slug":"reuniao-na-fmf-promete-dar-fim-a-polemica-sobre-presenca-de-cruzeirenses-no-horto","status":"publish","type":"post","link":"https:\/\/lavras.tv\/site\/2017\/05\/02\/reuniao-na-fmf-promete-dar-fim-a-polemica-sobre-presenca-de-cruzeirenses-no-horto\/","title":{"rendered":"Reuni\u00e3o na FMF promete dar fim \u00e0 pol\u00eamica sobre presen\u00e7a de cruzeirenses no Horto"},"content":{"rendered":"<div class=\"lavra-antes-do-conteudo_2\" id=\"lavra-3610897767\"><div id=\"lavra-slider-27\" class=\"custom-slider lavra-slider-3011251641 lavra-slider\"><ul><li><div style=\"margin-left: auto;margin-right: auto;text-align: center;\" id=\"lavra-1968141173\"><a href=\"https:\/\/sistemas.lavras.mg.gov.br\/portalcidadao\/#df1b1a7c7b2a290bcb31e32771e610784662739a88807c0dacac58ede5f391a7530e299dc302d611ee73cb143fc22eaf93592e53e7b5bdb01b00a0b8d28dae460c141dd2ff83412e4dc1c31b16b25f33144a9e5620ea73b13f5bc1c59411d98439ad226e8af03840603796067d87afe130812cf3de24982d0e306f9e61e764e5\" aria-label=\"Lavras-TV&#8211;720x104px (1) (1)\"><img src=\"https:\/\/lavras.tv\/site\/wp-content\/uploads\/2025\/01\/Lavras-TV-720x104px-1-1.png\" alt=\"\"  srcset=\"https:\/\/lavras.tv\/site\/wp-content\/uploads\/2025\/01\/Lavras-TV-720x104px-1-1.png 720w, https:\/\/lavras.tv\/site\/wp-content\/uploads\/2025\/01\/Lavras-TV-720x104px-1-1-470x68.png 470w, https:\/\/lavras.tv\/site\/wp-content\/uploads\/2025\/01\/Lavras-TV-720x104px-1-1-170x25.png 170w, https:\/\/lavras.tv\/site\/wp-content\/uploads\/2025\/01\/Lavras-TV-720x104px-1-1-200x29.png 200w\" sizes=\"(max-width: 720px) 100vw, 720px\" width=\"720\" height=\"104\"  style=\"display: inline-block;\" \/><\/a><\/div><\/li><li><a href=\"https:\/\/sistemas.lavras.mg.gov.br\/portalcidadao\/#df1b1a7c7b2a290bcb31e32771e610784662739a88807c0dacac58ede5f391a7530e299dc302d611ee73cb143fc22eaf93592e53e7b5bdb01b00a0b8d28dae460c141dd2ff83412e4dc1c31b16b25f33144a9e5620ea73b13f5bc1c59411d98439ad226e8af03840603796067d87afe130812cf3de24982d0e306f9e61e764e5\" aria-label=\"Banner_Emprego_PortallavrasTV\"><img src=\"https:\/\/lavras.tv\/site\/wp-content\/uploads\/2025\/03\/Banner_Emprego_PortallavrasTV.png\" alt=\"\"  srcset=\"https:\/\/lavras.tv\/site\/wp-content\/uploads\/2025\/03\/Banner_Emprego_PortallavrasTV.png 720w, https:\/\/lavras.tv\/site\/wp-content\/uploads\/2025\/03\/Banner_Emprego_PortallavrasTV-470x68.png 470w, https:\/\/lavras.tv\/site\/wp-content\/uploads\/2025\/03\/Banner_Emprego_PortallavrasTV-170x25.png 170w, https:\/\/lavras.tv\/site\/wp-content\/uploads\/2025\/03\/Banner_Emprego_PortallavrasTV-200x29.png 200w\" sizes=\"(max-width: 720px) 100vw, 720px\" width=\"720\" height=\"104\"   \/><\/a><\/li><li><a href=\"https:\/\/sistemas.lavras.mg.gov.br\/portalcidadao\/#df1b1a7c7b2a290bcb31e32771e610784662739a88807c0dacac58ede5f391a7530e299dc302d611ee73cb143fc22eaf93592e53e7b5bdb01b00a0b8d28dae460c141dd2ff83412e4dc1c31b16b25f33144a9e5620ea73b13f5bc1c59411d98439ad226e8af03840603796067d87afe130812cf3de24982d0e306f9e61e764e5\" aria-label=\"Banner_Obras_PortallavrasTV\"><img src=\"https:\/\/lavras.tv\/site\/wp-content\/uploads\/2025\/03\/Banner_Obras_PortallavrasTV.png\" alt=\"\"  srcset=\"https:\/\/lavras.tv\/site\/wp-content\/uploads\/2025\/03\/Banner_Obras_PortallavrasTV.png 720w, https:\/\/lavras.tv\/site\/wp-content\/uploads\/2025\/03\/Banner_Obras_PortallavrasTV-470x68.png 470w, https:\/\/lavras.tv\/site\/wp-content\/uploads\/2025\/03\/Banner_Obras_PortallavrasTV-170x25.png 170w, https:\/\/lavras.tv\/site\/wp-content\/uploads\/2025\/03\/Banner_Obras_PortallavrasTV-200x29.png 200w\" sizes=\"(max-width: 720px) 100vw, 720px\" width=\"720\" height=\"104\"   \/><\/a><\/li><li><div style=\"margin-left: auto;margin-right: auto;text-align: center;\" id=\"lavra-1049208360\"><a href=\"https:\/\/sistemas.lavras.mg.gov.br\/portalcidadao\/#df1b1a7c7b2a290bcb31e32771e610784662739a88807c0dacac58ede5f391a7530e299dc302d611ee73cb143fc22eaf93592e53e7b5bdb01b00a0b8d28dae460c141dd2ff83412e4dc1c31b16b25f33144a9e5620ea73b13f5bc1c59411d98439ad226e8af03840603796067d87afe130812cf3de24982d0e306f9e61e764e5\" aria-label=\"Banner_Educa\u00e7\u00e3o_PortallavrasTV\"><img src=\"https:\/\/lavras.tv\/site\/wp-content\/uploads\/2025\/01\/Banner_Educacao_PortallavrasTV.png\" alt=\"\"  srcset=\"https:\/\/lavras.tv\/site\/wp-content\/uploads\/2025\/01\/Banner_Educacao_PortallavrasTV.png 720w, https:\/\/lavras.tv\/site\/wp-content\/uploads\/2025\/01\/Banner_Educacao_PortallavrasTV-470x68.png 470w, https:\/\/lavras.tv\/site\/wp-content\/uploads\/2025\/01\/Banner_Educacao_PortallavrasTV-170x25.png 170w, https:\/\/lavras.tv\/site\/wp-content\/uploads\/2025\/01\/Banner_Educacao_PortallavrasTV-200x29.png 200w\" sizes=\"(max-width: 720px) 100vw, 720px\" width=\"720\" height=\"104\"  style=\"display: inline-block;\" \/><\/a><\/div><\/li><li><a href=\"https:\/\/sistemas.lavras.mg.gov.br\/portalcidadao\/#df1b1a7c7b2a290bcb31e32771e610784662739a88807c0dacac58ede5f391a7530e299dc302d611ee73cb143fc22eaf93592e53e7b5bdb01b00a0b8d28dae460c141dd2ff83412e4dc1c31b16b25f33144a9e5620ea73b13f5bc1c59411d98439ad226e8af03840603796067d87afe130812cf3de24982d0e306f9e61e764e5\" aria-label=\"Banner_Sa\u00fade_PortallavrasTV\"><img src=\"https:\/\/lavras.tv\/site\/wp-content\/uploads\/2025\/03\/Banner_Saude_PortallavrasTV.png\" alt=\"\"  srcset=\"https:\/\/lavras.tv\/site\/wp-content\/uploads\/2025\/03\/Banner_Saude_PortallavrasTV.png 720w, https:\/\/lavras.tv\/site\/wp-content\/uploads\/2025\/03\/Banner_Saude_PortallavrasTV-470x68.png 470w, https:\/\/lavras.tv\/site\/wp-content\/uploads\/2025\/03\/Banner_Saude_PortallavrasTV-170x25.png 170w, https:\/\/lavras.tv\/site\/wp-content\/uploads\/2025\/03\/Banner_Saude_PortallavrasTV-200x29.png 200w\" sizes=\"(max-width: 720px) 100vw, 720px\" width=\"720\" height=\"104\"   \/><\/a><\/li><li><div id=\"lavra-1583193089\" style=\"width:720px;height:104px;background-color:#ddd;overflow:scroll;\">\n\t<strong>Sa\u00edda da depura\u00e7\u00e3o de an\u00fancios<\/strong>\n\t<br><br>\n\tO an\u00fancio n\u00e3o \u00e9 exibido na p\u00e1gina<br><br>post atual: Reuni\u00e3o na FMF promete dar fim \u00e0 pol\u00eamica sobre presen\u00e7a de cruzeirenses no Horto, ID: 8535<br><br><span style=\"color: red;\">O post atual n\u00e3o \u00e9 id\u00eantico ao post principal.<\/span><br><br>An\u00fancios: ROXO - TOPO INTERNA - ROTATIVO 2 (197)<br \/>Grupo de an\u00fancios: Princ_Meio01_720x104 (27)<br><br>Condi\u00e7\u00f5es de exibi\u00e7\u00e3o<div style=\"margin-bottom: 20px; white-space: pre-wrap; font-family: monospace; width: 100%; background: #ffe9e9;\"><strong>condi\u00e7\u00f5es gerais<\/strong><table border=\"1\"><thead><tr><th><\/th><th>An\u00fancios<\/th><th>wp_the_query<\/th><\/tr><\/thead><tr><td>is_main_query<\/td><td>1<\/td><td>1<\/td><\/tr><tr><td>is_rest_api<\/td><td>0<\/td><td>1<\/td><\/tr><tr><td>page<\/td><td>0<\/td><td>1<\/td><\/tr><tr><td>numpages<\/td><td>0<\/td><td>1<\/td><\/tr><tr><td>is_archive<\/td><td>1<\/td><td><\/td><\/tr><tr><td>is_search<\/td><td>1<\/td><td><\/td><\/tr><tr><td>is_home<\/td><td>1<\/td><td><\/td><\/tr><tr><td>is_404<\/td><td>1<\/td><td><\/td><\/tr><tr><td>is_attachment<\/td><td>1<\/td><td><\/td><\/tr><tr><td>is_singular<\/td><td>1<\/td><td><\/td><\/tr><tr><td>is_front_page<\/td><td>1<\/td><td><\/td><\/tr><tr><td>is_feed<\/td><td>1<\/td><td><\/td><\/tr><\/table><\/div><br><br><span style=\"color: red;\">Seu site usa HTTPS, mas o c\u00f3digo do an\u00fancio cont\u00e9m HTTP e pode n\u00e3o funcionar.<\/span>\t<br><br>\n\t<a style=\"color: green;\" href=\"https:\/\/wpadvancedads.com\/manual\/ad-debug-mode\/?utm_source=advanced-ads&utm_medium=link&utm_campaign=ad-debug-mode\" target=\"_blank\" rel=\"nofollow\">Encontre solu\u00e7\u00f5es no manual<\/a>\n<\/div>\n<\/li><\/ul><\/div><script>( window.advanced_ads_ready || jQuery( document ).ready ).call( null, function() {var $lavraslider3011251641 = jQuery( \".lavra-slider-3011251641\" );$lavraslider3011251641.on( \"unslider.ready\", function() { jQuery( \"div.custom-slider ul li\" ).css( \"display\", \"block\" ); });$lavraslider3011251641.unslider({ delay:4000, autoplay:true, nav:false, arrows:false, infinite:true });$lavraslider3011251641.on(\"mouseover\", function() {$lavraslider3011251641.unslider(\"stop\");}).on(\"mouseout\", function() {$lavraslider3011251641.unslider(\"start\");});});<\/script><\/div><p>Uma reuni\u00e3o entre Atl\u00e9tico, Cruzeiro, Federa\u00e7\u00e3o Mineira de Futebol (FMF) e Pol\u00edcia Militar (PM) deve colocar um ponto final na pol\u00eamica sobre a presen\u00e7a ou n\u00e3o da torcida celeste no segundo jogo da final do Campeonato Mineiro, no pr\u00f3ximo domingo, \u00e0s 16h, no Independ\u00eancia, que ter\u00e1 a maioria de alvinegros. O encontro que ir\u00e1 definir os detalhes da partida vai acontecer \u00e0s 10h desta ter\u00e7a-feira, na sede da FMF.<\/p>\n<p><img fetchpriority=\"high\" decoding=\"async\" class=\"alignnone size-full wp-image-8536 aligncenter\" src=\"http:\/\/lavras.tv\/site\/wp-content\/uploads\/2017\/05\/horto.jpg\" alt=\"horto\" width=\"405\" height=\"272\" srcset=\"https:\/\/lavras.tv\/site\/wp-content\/uploads\/2017\/05\/horto.jpg 405w, https:\/\/lavras.tv\/site\/wp-content\/uploads\/2017\/05\/horto-150x101.jpg 150w, https:\/\/lavras.tv\/site\/wp-content\/uploads\/2017\/05\/horto-300x201.jpg 300w, https:\/\/lavras.tv\/site\/wp-content\/uploads\/2017\/05\/horto-272x182.jpg 272w\" sizes=\"(max-width: 405px) 100vw, 405px\" \/><\/p>\n<p>Ap\u00f3s muita reclama\u00e7\u00e3o do Cruzeiro durante a semana passada, que envolveu at\u00e9 o Minist\u00e9rio P\u00fablico, o comandante-geral da PM, coronel Helbert Figueir\u00f3, afirmou que n\u00e3o vetou a presen\u00e7a da torcida celeste no Horto \u2013 pois foi uma decis\u00e3o t\u00e9cnica \u2013 e que a corpora\u00e7\u00e3o poder\u00e1 fazer a seguran\u00e7a do cl\u00e1ssico no Independ\u00eancia. Desta forma, segundo ele, a pol\u00edcia ir\u00e1 acatar a escolha dos clubes e da FMF na reuni\u00e3o desta ter\u00e7a-feira.<\/p>\n<p>A discuss\u00e3o se arrasta h\u00e1 exatamente uma semana. Tudo come\u00e7ou quando a PM emitiu um of\u00edcio \u00e0 Federa\u00e7\u00e3o, na segunda-feira (24) \u2013 v\u00e9spera da reuni\u00e3o para o primeiro jogo, disputado nesse domingo, no Mineir\u00e3o \u2013, vetando as duas torcidas no Independ\u00eancia por quest\u00f5es de seguran\u00e7a.<\/p>\n<p>No encontro, o Atl\u00e9tico n\u00e3o definiu o local do jogo de volta e garantiu 10% dos seus torcedores no primeiro duelo, no Mineir\u00e3o. Desta forma, o Cruzeiro se sentiu prejudicado, pois n\u00e3o poderia ter a mesma quantidade de cruzeirenses no confronto no Horto, e foi at\u00e9 o Minist\u00e9rio P\u00fablico pedir uma interven\u00e7\u00e3o.<\/p>\n<p>Em meio \u00e0 pol\u00eamica, o vice-presidente de futebol do Cruzeiro, Bruno Vicintin, bateu boca pela imprensa com o presidente da FMF, Castellar Neto.<\/p>\n<p>Ap\u00f3s a vit\u00f3ria do Atl\u00e9tico sobre o Libertad, pela Copa Libertadores, o presidente do Atl\u00e9tico, Daniel Nepomuceno, confirmou o Independ\u00eancia como palco do segundo jogo da final do Mineiro e ainda cutucou o rival dizendo que seria torcida \u00fanica.<\/p>\n<p>Al\u00e9m de decidir sobre a quantidade de torcedores visitantes no Horto, a reuni\u00e3o desta ter\u00e7a-feira ir\u00e1 definir a carga total de ingressos \u2013 e quantos ser\u00e3o destinados aos cruzeirenses, caso se confirme que eles poder\u00e3o ir ao est\u00e1dio \u2013, e o esquema de seguran\u00e7a para o duelo que ir\u00e1 apontar o novo campe\u00e3o mineiro.<\/p>\n<p>O primeiro jogo, nesse domingo, no Mineir\u00e3o, terminou empatado em 0 a 0. Com o resultado, o Atl\u00e9tico precisa apenas de um novo empate para ser campe\u00e3o mineiro, pois fez melhor campanha na fase de classifica\u00e7\u00e3o. J\u00e1 ao Cruzeiro resta somente a vit\u00f3ria para voltar a levantar a ta\u00e7a do Estadual depois de dois anos.<\/p>\n<p>Fonte: Itatiaia<\/p>\n","protected":false},"excerpt":{"rendered":"<p>Uma reuni\u00e3o entre Atl\u00e9tico, Cruzeiro, Federa\u00e7\u00e3o Mineira de Futebol (FMF) e Pol\u00edcia Militar (PM) deve colocar um ponto final na pol\u00eamica sobre a presen\u00e7a ou n\u00e3o da torcida celeste no segundo jogo da final do Campeonato Mineiro, no pr\u00f3ximo domingo, \u00e0s 16h, no Independ\u00eancia, que ter\u00e1 a maioria de alvinegros. O encontro que ir\u00e1 definir [&hellip;]<\/p>\n","protected":false},"author":2,"featured_media":8536,"comment_status":"closed","ping_status":"open","sticky":false,"template":"","format":"standard","meta":{"advgb_blocks_editor_width":"","advgb_blocks_columns_visual_guide":"","_exactmetrics_skip_tracking":false,"_exactmetrics_sitenote_active":false,"_exactmetrics_sitenote_note":"","_exactmetrics_sitenote_category":0,"footnotes":""},"categories":[3],"tags":[895,923,2843,3038,908,966,1703,1036,3290],"class_list":["post-8535","post","type-post","status-publish","format-standard","has-post-thumbnail","hentry","category-esportes","tag-895","tag-atletico","tag-campeonato-mineiro","tag-classico","tag-cruzeiro","tag-esporte","tag-final","tag-futebol","tag-horto"],"better_featured_image":{"id":8536,"alt_text":"","caption":"","description":"","media_type":"image","media_details":{"width":405,"height":272,"file":"2017\/05\/horto.jpg","sizes":{"thumbnail":{"file":"horto-150x101.jpg","width":150,"height":101,"mime-type":"image\/jpeg","source_url":"https:\/\/lavras.tv\/site\/wp-content\/uploads\/2017\/05\/horto-150x101.jpg"},"medium":{"file":"horto-300x201.jpg","width":300,"height":201,"mime-type":"image\/jpeg","source_url":"https:\/\/lavras.tv\/site\/wp-content\/uploads\/2017\/05\/horto-300x201.jpg"},"sow-carousel-default":{"file":"horto-272x182.jpg","width":272,"height":182,"mime-type":"image\/jpeg","source_url":"https:\/\/lavras.tv\/site\/wp-content\/uploads\/2017\/05\/horto-272x182.jpg"}},"image_meta":{"aperture":"0","credit":"","camera":"","caption":"","created_timestamp":"0","copyright":"","focal_length":"0","iso":"0","shutter_speed":"0","title":"","orientation":"0","keywords":[]}},"post":8535,"source_url":"https:\/\/lavras.tv\/site\/wp-content\/uploads\/2017\/05\/horto.jpg"},"author_meta":{"display_name":"Lavras TV","author_link":"https:\/\/lavras.tv\/site\/author\/lavrastv\/"},"featured_img":"https:\/\/lavras.tv\/site\/wp-content\/uploads\/2017\/05\/horto-300x201.jpg","coauthors":[],"tax_additional":{"categories":{"linked":["<a href=\"https:\/\/lavras.tv\/site\/category\/esportes\/\" class=\"advgb-post-tax-term\">Esportes<\/a>"],"unlinked":["<span class=\"advgb-post-tax-term\">Esportes<\/span>"]},"tags":{"linked":["<a href=\"https:\/\/lavras.tv\/site\/category\/esportes\/\" class=\"advgb-post-tax-term\">2017<\/a>","<a href=\"https:\/\/lavras.tv\/site\/category\/esportes\/\" class=\"advgb-post-tax-term\">atl\u00e9tico<\/a>","<a href=\"https:\/\/lavras.tv\/site\/category\/esportes\/\" class=\"advgb-post-tax-term\">campeonato mineiro<\/a>","<a href=\"https:\/\/lavras.tv\/site\/category\/esportes\/\" class=\"advgb-post-tax-term\">cl\u00e1ssico<\/a>","<a href=\"https:\/\/lavras.tv\/site\/category\/esportes\/\" class=\"advgb-post-tax-term\">cruzeiro<\/a>","<a href=\"https:\/\/lavras.tv\/site\/category\/esportes\/\" class=\"advgb-post-tax-term\">esporte<\/a>","<a href=\"https:\/\/lavras.tv\/site\/category\/esportes\/\" class=\"advgb-post-tax-term\">final<\/a>","<a href=\"https:\/\/lavras.tv\/site\/category\/esportes\/\" class=\"advgb-post-tax-term\">futebol<\/a>","<a href=\"https:\/\/lavras.tv\/site\/category\/esportes\/\" class=\"advgb-post-tax-term\">horto<\/a>"],"unlinked":["<span class=\"advgb-post-tax-term\">2017<\/span>","<span class=\"advgb-post-tax-term\">atl\u00e9tico<\/span>","<span class=\"advgb-post-tax-term\">campeonato mineiro<\/span>","<span class=\"advgb-post-tax-term\">cl\u00e1ssico<\/span>","<span class=\"advgb-post-tax-term\">cruzeiro<\/span>","<span class=\"advgb-post-tax-term\">esporte<\/span>","<span class=\"advgb-post-tax-term\">final<\/span>","<span class=\"advgb-post-tax-term\">futebol<\/span>","<span class=\"advgb-post-tax-term\">horto<\/span>"]}},"comment_count":"0","relative_dates":{"created":"Publicado 9 anos atr\u00e1s","modified":"Atualizado 9 anos atr\u00e1s"},"absolute_dates":{"created":"Publicado em 2 de maio de 2017","modified":"Atualizado em 2 de maio de 2017"},"absolute_dates_time":{"created":"Publicado em 2 de maio de 2017 08:53","modified":"Atualizado em 2 de maio de 2017 08:53"},"featured_img_caption":"","series_order":"","_links":{"self":[{"href":"https:\/\/lavras.tv\/site\/wp-json\/wp\/v2\/posts\/8535","targetHints":{"allow":["GET"]}}],"collection":[{"href":"https:\/\/lavras.tv\/site\/wp-json\/wp\/v2\/posts"}],"about":[{"href":"https:\/\/lavras.tv\/site\/wp-json\/wp\/v2\/types\/post"}],"author":[{"embeddable":true,"href":"https:\/\/lavras.tv\/site\/wp-json\/wp\/v2\/users\/2"}],"replies":[{"embeddable":true,"href":"https:\/\/lavras.tv\/site\/wp-json\/wp\/v2\/comments?post=8535"}],"version-history":[{"count":1,"href":"https:\/\/lavras.tv\/site\/wp-json\/wp\/v2\/posts\/8535\/revisions"}],"predecessor-version":[{"id":8537,"href":"https:\/\/lavras.tv\/site\/wp-json\/wp\/v2\/posts\/8535\/revisions\/8537"}],"wp:featuredmedia":[{"embeddable":true,"href":"https:\/\/lavras.tv\/site\/wp-json\/wp\/v2\/media\/8536"}],"wp:attachment":[{"href":"https:\/\/lavras.tv\/site\/wp-json\/wp\/v2\/media?parent=8535"}],"wp:term":[{"taxonomy":"category","embeddable":true,"href":"https:\/\/lavras.tv\/site\/wp-json\/wp\/v2\/categories?post=8535"},{"taxonomy":"post_tag","embeddable":true,"href":"https:\/\/lavras.tv\/site\/wp-json\/wp\/v2\/tags?post=8535"}],"curies":[{"name":"wp","href":"https:\/\/api.w.org\/{rel}","templated":true}]}}