{"id":8539,"date":"2017-05-02T08:57:54","date_gmt":"2017-05-02T11:57:54","guid":{"rendered":"http:\/\/lavras.tv\/site\/?p=8539"},"modified":"2017-05-02T08:57:54","modified_gmt":"2017-05-02T11:57:54","slug":"goleiro-bruno-cumprira-restante-da-pena-em-varginha-onde-tem-residencia-fixa","status":"publish","type":"post","link":"https:\/\/lavras.tv\/site\/2017\/05\/02\/goleiro-bruno-cumprira-restante-da-pena-em-varginha-onde-tem-residencia-fixa\/","title":{"rendered":"Goleiro Bruno cumprir\u00e1 restante da pena em Varginha, onde tem resid\u00eancia fixa"},"content":{"rendered":"<div class=\"lavra-antes-do-conteudo_2\" id=\"lavra-763334051\"><div id=\"lavra-slider-27\" class=\"custom-slider lavra-slider-3067561965 lavra-slider\"><ul><li><div style=\"margin-left: auto;margin-right: auto;text-align: center;\" id=\"lavra-2755615224\"><a href=\"https:\/\/sistemas.lavras.mg.gov.br\/portalcidadao\/#df1b1a7c7b2a290bcb31e32771e610784662739a88807c0dacac58ede5f391a7530e299dc302d611ee73cb143fc22eaf93592e53e7b5bdb01b00a0b8d28dae460c141dd2ff83412e4dc1c31b16b25f33144a9e5620ea73b13f5bc1c59411d98439ad226e8af03840603796067d87afe130812cf3de24982d0e306f9e61e764e5\" aria-label=\"Lavras-TV&#8211;720x104px (1) (1)\"><img src=\"https:\/\/lavras.tv\/site\/wp-content\/uploads\/2025\/01\/Lavras-TV-720x104px-1-1.png\" alt=\"\"  srcset=\"https:\/\/lavras.tv\/site\/wp-content\/uploads\/2025\/01\/Lavras-TV-720x104px-1-1.png 720w, https:\/\/lavras.tv\/site\/wp-content\/uploads\/2025\/01\/Lavras-TV-720x104px-1-1-470x68.png 470w, https:\/\/lavras.tv\/site\/wp-content\/uploads\/2025\/01\/Lavras-TV-720x104px-1-1-170x25.png 170w, https:\/\/lavras.tv\/site\/wp-content\/uploads\/2025\/01\/Lavras-TV-720x104px-1-1-200x29.png 200w\" sizes=\"(max-width: 720px) 100vw, 720px\" width=\"720\" height=\"104\"  style=\"display: inline-block;\" \/><\/a><\/div><\/li><li><a href=\"https:\/\/sistemas.lavras.mg.gov.br\/portalcidadao\/#df1b1a7c7b2a290bcb31e32771e610784662739a88807c0dacac58ede5f391a7530e299dc302d611ee73cb143fc22eaf93592e53e7b5bdb01b00a0b8d28dae460c141dd2ff83412e4dc1c31b16b25f33144a9e5620ea73b13f5bc1c59411d98439ad226e8af03840603796067d87afe130812cf3de24982d0e306f9e61e764e5\" aria-label=\"Banner_Emprego_PortallavrasTV\"><img src=\"https:\/\/lavras.tv\/site\/wp-content\/uploads\/2025\/03\/Banner_Emprego_PortallavrasTV.png\" alt=\"\"  srcset=\"https:\/\/lavras.tv\/site\/wp-content\/uploads\/2025\/03\/Banner_Emprego_PortallavrasTV.png 720w, https:\/\/lavras.tv\/site\/wp-content\/uploads\/2025\/03\/Banner_Emprego_PortallavrasTV-470x68.png 470w, https:\/\/lavras.tv\/site\/wp-content\/uploads\/2025\/03\/Banner_Emprego_PortallavrasTV-170x25.png 170w, https:\/\/lavras.tv\/site\/wp-content\/uploads\/2025\/03\/Banner_Emprego_PortallavrasTV-200x29.png 200w\" sizes=\"(max-width: 720px) 100vw, 720px\" width=\"720\" height=\"104\"   \/><\/a><\/li><li><a href=\"https:\/\/sistemas.lavras.mg.gov.br\/portalcidadao\/#df1b1a7c7b2a290bcb31e32771e610784662739a88807c0dacac58ede5f391a7530e299dc302d611ee73cb143fc22eaf93592e53e7b5bdb01b00a0b8d28dae460c141dd2ff83412e4dc1c31b16b25f33144a9e5620ea73b13f5bc1c59411d98439ad226e8af03840603796067d87afe130812cf3de24982d0e306f9e61e764e5\" aria-label=\"Banner_Obras_PortallavrasTV\"><img src=\"https:\/\/lavras.tv\/site\/wp-content\/uploads\/2025\/03\/Banner_Obras_PortallavrasTV.png\" alt=\"\"  srcset=\"https:\/\/lavras.tv\/site\/wp-content\/uploads\/2025\/03\/Banner_Obras_PortallavrasTV.png 720w, https:\/\/lavras.tv\/site\/wp-content\/uploads\/2025\/03\/Banner_Obras_PortallavrasTV-470x68.png 470w, https:\/\/lavras.tv\/site\/wp-content\/uploads\/2025\/03\/Banner_Obras_PortallavrasTV-170x25.png 170w, https:\/\/lavras.tv\/site\/wp-content\/uploads\/2025\/03\/Banner_Obras_PortallavrasTV-200x29.png 200w\" sizes=\"(max-width: 720px) 100vw, 720px\" width=\"720\" height=\"104\"   \/><\/a><\/li><li><div style=\"margin-left: auto;margin-right: auto;text-align: center;\" id=\"lavra-4130716262\"><a href=\"https:\/\/sistemas.lavras.mg.gov.br\/portalcidadao\/#df1b1a7c7b2a290bcb31e32771e610784662739a88807c0dacac58ede5f391a7530e299dc302d611ee73cb143fc22eaf93592e53e7b5bdb01b00a0b8d28dae460c141dd2ff83412e4dc1c31b16b25f33144a9e5620ea73b13f5bc1c59411d98439ad226e8af03840603796067d87afe130812cf3de24982d0e306f9e61e764e5\" aria-label=\"Banner_Educa\u00e7\u00e3o_PortallavrasTV\"><img src=\"https:\/\/lavras.tv\/site\/wp-content\/uploads\/2025\/01\/Banner_Educacao_PortallavrasTV.png\" alt=\"\"  srcset=\"https:\/\/lavras.tv\/site\/wp-content\/uploads\/2025\/01\/Banner_Educacao_PortallavrasTV.png 720w, https:\/\/lavras.tv\/site\/wp-content\/uploads\/2025\/01\/Banner_Educacao_PortallavrasTV-470x68.png 470w, https:\/\/lavras.tv\/site\/wp-content\/uploads\/2025\/01\/Banner_Educacao_PortallavrasTV-170x25.png 170w, https:\/\/lavras.tv\/site\/wp-content\/uploads\/2025\/01\/Banner_Educacao_PortallavrasTV-200x29.png 200w\" sizes=\"(max-width: 720px) 100vw, 720px\" width=\"720\" height=\"104\"  style=\"display: inline-block;\" \/><\/a><\/div><\/li><li><a href=\"https:\/\/sistemas.lavras.mg.gov.br\/portalcidadao\/#df1b1a7c7b2a290bcb31e32771e610784662739a88807c0dacac58ede5f391a7530e299dc302d611ee73cb143fc22eaf93592e53e7b5bdb01b00a0b8d28dae460c141dd2ff83412e4dc1c31b16b25f33144a9e5620ea73b13f5bc1c59411d98439ad226e8af03840603796067d87afe130812cf3de24982d0e306f9e61e764e5\" aria-label=\"Banner_Sa\u00fade_PortallavrasTV\"><img src=\"https:\/\/lavras.tv\/site\/wp-content\/uploads\/2025\/03\/Banner_Saude_PortallavrasTV.png\" alt=\"\"  srcset=\"https:\/\/lavras.tv\/site\/wp-content\/uploads\/2025\/03\/Banner_Saude_PortallavrasTV.png 720w, https:\/\/lavras.tv\/site\/wp-content\/uploads\/2025\/03\/Banner_Saude_PortallavrasTV-470x68.png 470w, https:\/\/lavras.tv\/site\/wp-content\/uploads\/2025\/03\/Banner_Saude_PortallavrasTV-170x25.png 170w, https:\/\/lavras.tv\/site\/wp-content\/uploads\/2025\/03\/Banner_Saude_PortallavrasTV-200x29.png 200w\" sizes=\"(max-width: 720px) 100vw, 720px\" width=\"720\" height=\"104\"   \/><\/a><\/li><li><div id=\"lavra-3616198733\" style=\"width:720px;height:104px;background-color:#ddd;overflow:scroll;\">\n\t<strong>Sa\u00edda da depura\u00e7\u00e3o de an\u00fancios<\/strong>\n\t<br><br>\n\tO an\u00fancio n\u00e3o \u00e9 exibido na p\u00e1gina<br><br>post atual: Goleiro Bruno cumprir\u00e1 restante da pena em Varginha, onde tem resid\u00eancia fixa, ID: 8539<br><br><span style=\"color: red;\">O post atual n\u00e3o \u00e9 id\u00eantico ao post principal.<\/span><br><br>An\u00fancios: ROXO - TOPO INTERNA - ROTATIVO 2 (197)<br \/>Grupo de an\u00fancios: Princ_Meio01_720x104 (27)<br><br>Condi\u00e7\u00f5es de exibi\u00e7\u00e3o<div style=\"margin-bottom: 20px; white-space: pre-wrap; font-family: monospace; width: 100%; background: #ffe9e9;\"><strong>condi\u00e7\u00f5es gerais<\/strong><table border=\"1\"><thead><tr><th><\/th><th>An\u00fancios<\/th><th>wp_the_query<\/th><\/tr><\/thead><tr><td>is_main_query<\/td><td>1<\/td><td>1<\/td><\/tr><tr><td>is_rest_api<\/td><td>0<\/td><td>1<\/td><\/tr><tr><td>page<\/td><td>0<\/td><td>1<\/td><\/tr><tr><td>numpages<\/td><td>0<\/td><td>1<\/td><\/tr><tr><td>is_archive<\/td><td>1<\/td><td><\/td><\/tr><tr><td>is_search<\/td><td>1<\/td><td><\/td><\/tr><tr><td>is_home<\/td><td>1<\/td><td><\/td><\/tr><tr><td>is_404<\/td><td>1<\/td><td><\/td><\/tr><tr><td>is_attachment<\/td><td>1<\/td><td><\/td><\/tr><tr><td>is_singular<\/td><td>1<\/td><td><\/td><\/tr><tr><td>is_front_page<\/td><td>1<\/td><td><\/td><\/tr><tr><td>is_feed<\/td><td>1<\/td><td><\/td><\/tr><\/table><\/div><br><br><span style=\"color: red;\">Seu site usa HTTPS, mas o c\u00f3digo do an\u00fancio cont\u00e9m HTTP e pode n\u00e3o funcionar.<\/span>\t<br><br>\n\t<a style=\"color: green;\" href=\"https:\/\/wpadvancedads.com\/manual\/ad-debug-mode\/?utm_source=advanced-ads&utm_medium=link&utm_campaign=ad-debug-mode\" target=\"_blank\" rel=\"nofollow\">Encontre solu\u00e7\u00f5es no manual<\/a>\n<\/div>\n<\/li><\/ul><\/div><script>( window.advanced_ads_ready || jQuery( document ).ready ).call( null, function() {var $lavraslider3067561965 = jQuery( \".lavra-slider-3067561965\" );$lavraslider3067561965.on( \"unslider.ready\", function() { jQuery( \"div.custom-slider ul li\" ).css( \"display\", \"block\" ); });$lavraslider3067561965.unslider({ delay:4000, autoplay:true, nav:false, arrows:false, infinite:true });$lavraslider3067561965.on(\"mouseover\", function() {$lavraslider3067561965.unslider(\"stop\");}).on(\"mouseout\", function() {$lavraslider3067561965.unslider(\"start\");});});<\/script><\/div><p>A defesa do goleiro Bruno Fernandes obteve decis\u00e3o favor\u00e1vel do Tribunal de Justi\u00e7a de Minas Gerais (TJMG), e o atleta poder\u00e1 cumprir o restante da pena pelo assassinato de Eliza Sam\u00fadio em Varginha (MG), onde ele declarou ter resid\u00eancia fixa.<!--more--> Seu retorno \u00e0 pris\u00e3o foi determinado pelo Supremo Tribunal Federal (STF) no dia 25 de abril. Ele ficou em liberdade por dois meses, ap\u00f3s habeas corpus concedido pelo ministro do STF Marco Aur\u00e9lio Mello.<\/p>\n<p><img fetchpriority=\"high\" decoding=\"async\" class=\"alignnone size-full wp-image-7239 aligncenter\" src=\"http:\/\/lavras.tv\/site\/wp-content\/uploads\/2017\/03\/brunocorte.jpg\" alt=\"brunocorte\" width=\"300\" height=\"211\" srcset=\"https:\/\/lavras.tv\/site\/wp-content\/uploads\/2017\/03\/brunocorte.jpg 300w, https:\/\/lavras.tv\/site\/wp-content\/uploads\/2017\/03\/brunocorte-150x106.jpg 150w\" sizes=\"(max-width: 300px) 100vw, 300px\" \/><\/p>\n<p>Bruno se apresentou \u00e0 Pol\u00edcia Civil em Varginha na \u00faltima quinta-feira (27) e foi encaminhado para a penitenci\u00e1ria do munic\u00edpio. No dia seguinte, conforme decis\u00e3o da Secretaria de Administra\u00e7\u00e3o Prisional de Minas Gerais, ele foi transferido para a Penitenci\u00e1ria de Tr\u00eas Cora\u00e7\u00f5es (MG), onde lhe foi reservada uma cela individual. Com a decis\u00e3o do TJMG, por\u00e9m, ele retornou a Varginha.<\/p>\n<p>O juiz Wagner de Oliveira Cavalieri, da Vara de Execu\u00e7\u00f5es Criminais da comarca de Contagem, considerou haver requisitos necess\u00e1rios para o pedido, entre eles, a demonstra\u00e7\u00e3o de boa-f\u00e9 de Bruno ao se apresentar espontaneamente \u00e0 Pol\u00edcia Civil ap\u00f3s a decis\u00e3o do STF. O magistrado tamb\u00e9m registrou em sua senten\u00e7a que o goleiro n\u00e3o tem classifica\u00e7\u00e3o de alta periculosidade e que seus antecedentes afastam qualquer presun\u00e7\u00e3o de descumprimento da pena. A decis\u00e3o \u00e9 da \u00faltima sexta-feira (28).<\/p>\n<p>Em 2013, Bruno foi condenado a 22 anos e tr\u00eas meses pelos crimes de homic\u00eddio triplamente qualificado, sequestro e oculta\u00e7\u00e3o de cad\u00e1ver. Ele \u00e9 apontado como autor do assassinato de Eliza Samudio, com quem teve um relacionamento e um filho. Ela desapareceu em 2010, aos 25 anos, e foi considerada morta pela Justi\u00e7a. Na \u00e9poca, o goleiro jogava no Flamengo.<\/p>\n<p><strong>Liminar<\/strong><\/p>\n<p>Em fevereiro deste ano, o ministro do STF Marco Aur\u00e9lio concedeu uma liminar determinando sua soltura para que pudesse recorrer em liberdade. O ministro destacou que ele j\u00e1 somava seis anos e sete meses de pris\u00e3o sem que tivesse sido condenado em segunda inst\u00e2ncia.<\/p>\n<p>Marco Aur\u00e9lio se baseou em decis\u00e3o do Supremo tomada no ano passado, segundo a qual a pena deve come\u00e7ar a ser cumprida ap\u00f3s senten\u00e7a de segunda inst\u00e2ncia, o que n\u00e3o era o caso de Bruno. Ele vinha sendo mantido preso preventivamente. De acordo com o C\u00f3digo do Processo Penal, a pris\u00e3o preventiva deve atender aos princ\u00edpios da proporcionalidade e necessidade, n\u00e3o tendo prazo de dura\u00e7\u00e3o m\u00e1xima.<\/p>\n<p>Por\u00e9m, ao derrubar a liminar, a Primeira Turma do STF considerou que a soltura de Bruno vai contra a decis\u00e3o soberana do j\u00fari popular, que negou ao goleiro o direito de recorrer de sua condena\u00e7\u00e3o em liberdade. Esse foi o entendimento do ministro relator Alexandre de Moraes, que foi acompanhado pelos votos de Rosa Weber e Luiz Fux.<\/p>\n<p>A Corte considerou ainda que a demora no julgamento pela segunda inst\u00e2ncia se d\u00e1 pelas peculiaridades do caso, n\u00e3o podendo ser atribu\u00edda \u00e0 in\u00e9rcia dos \u00f3rg\u00e3os de Justi\u00e7a. O car\u00e1ter hediondo dos crimes tamb\u00e9m justificaria a manuten\u00e7\u00e3o da pris\u00e3o. O advogado L\u00facio Adolfo, respons\u00e1vel pela defesa de Bruno, n\u00e3o atendeu \u00e0s tentativas de contato da Ag\u00eancia Brasil para comentar a decis\u00e3o.<\/p>\n<p>Nos dois meses em que esteve em liberdade, Bruno voltou a atuar no futebol profissional. Aos 32 anos, ele fechou acordo com a equipe mineira Boa Esporte, sediada em Varginha. Ele entrou em campo em cinco partidas na segunda divis\u00e3o do Campeonato Mineiro. O contrato do goleiro com a equipe mineira previa a rescis\u00e3o autom\u00e1tica caso ele voltasse \u00e0 pris\u00e3o e ficasse incapacitado de atuar.<\/p>\n<p>Fonte: Ag\u00eancia Brasil<\/p>\n","protected":false},"excerpt":{"rendered":"<p>A defesa do goleiro Bruno Fernandes obteve decis\u00e3o favor\u00e1vel do Tribunal de Justi\u00e7a de Minas Gerais (TJMG), e o atleta poder\u00e1 cumprir o restante da pena pelo assassinato de Eliza Sam\u00fadio em Varginha (MG), onde ele declarou ter resid\u00eancia fixa.<\/p>\n","protected":false},"author":2,"featured_media":8383,"comment_status":"closed","ping_status":"open","sticky":false,"template":"","format":"standard","meta":{"advgb_blocks_editor_width":"","advgb_blocks_columns_visual_guide":"","_exactmetrics_skip_tracking":false,"_exactmetrics_sitenote_active":false,"_exactmetrics_sitenote_note":"","_exactmetrics_sitenote_category":0,"footnotes":""},"categories":[3],"tags":[2905,1036,3257,3291,2046,1241],"class_list":["post-8539","post","type-post","status-publish","format-standard","has-post-thumbnail","hentry","category-esportes","tag-boa","tag-futebol","tag-goleiro-bruno","tag-pena","tag-presidio","tag-varginha"],"better_featured_image":{"id":8383,"alt_text":"","caption":"","description":"","media_type":"image","media_details":{"width":600,"height":398,"file":"2017\/04\/goleiro-bruno.jpg","sizes":{"thumbnail":{"file":"goleiro-bruno-150x100.jpg","width":150,"height":100,"mime-type":"image\/jpeg","source_url":"https:\/\/lavras.tv\/site\/wp-content\/uploads\/2017\/04\/goleiro-bruno-150x100.jpg"},"medium":{"file":"goleiro-bruno-300x199.jpg","width":300,"height":199,"mime-type":"image\/jpeg","source_url":"https:\/\/lavras.tv\/site\/wp-content\/uploads\/2017\/04\/goleiro-bruno-300x199.jpg"},"featured-post-img":{"file":"goleiro-bruno-480x320.jpg","width":480,"height":320,"mime-type":"image\/jpeg","source_url":"https:\/\/lavras.tv\/site\/wp-content\/uploads\/2017\/04\/goleiro-bruno-480x320.jpg"},"sow-carousel-default":{"file":"goleiro-bruno-272x182.jpg","width":272,"height":182,"mime-type":"image\/jpeg","source_url":"https:\/\/lavras.tv\/site\/wp-content\/uploads\/2017\/04\/goleiro-bruno-272x182.jpg"}},"image_meta":{"aperture":"0","credit":"","camera":"","caption":"","created_timestamp":"0","copyright":"","focal_length":"0","iso":"0","shutter_speed":"0","title":"","orientation":"0","keywords":[]}},"post":8382,"source_url":"https:\/\/lavras.tv\/site\/wp-content\/uploads\/2017\/04\/goleiro-bruno.jpg"},"author_meta":{"display_name":"Lavras TV","author_link":"https:\/\/lavras.tv\/site\/author\/lavrastv\/"},"featured_img":"https:\/\/lavras.tv\/site\/wp-content\/uploads\/2017\/04\/goleiro-bruno-300x199.jpg","coauthors":[],"tax_additional":{"categories":{"linked":["<a href=\"https:\/\/lavras.tv\/site\/category\/esportes\/\" class=\"advgb-post-tax-term\">Esportes<\/a>"],"unlinked":["<span class=\"advgb-post-tax-term\">Esportes<\/span>"]},"tags":{"linked":["<a href=\"https:\/\/lavras.tv\/site\/category\/esportes\/\" class=\"advgb-post-tax-term\">BOA<\/a>","<a href=\"https:\/\/lavras.tv\/site\/category\/esportes\/\" class=\"advgb-post-tax-term\">futebol<\/a>","<a href=\"https:\/\/lavras.tv\/site\/category\/esportes\/\" class=\"advgb-post-tax-term\">goleiro Bruno<\/a>","<a href=\"https:\/\/lavras.tv\/site\/category\/esportes\/\" class=\"advgb-post-tax-term\">pena<\/a>","<a href=\"https:\/\/lavras.tv\/site\/category\/esportes\/\" class=\"advgb-post-tax-term\">pres\u00eddio<\/a>","<a href=\"https:\/\/lavras.tv\/site\/category\/esportes\/\" class=\"advgb-post-tax-term\">varginha<\/a>"],"unlinked":["<span class=\"advgb-post-tax-term\">BOA<\/span>","<span class=\"advgb-post-tax-term\">futebol<\/span>","<span class=\"advgb-post-tax-term\">goleiro Bruno<\/span>","<span class=\"advgb-post-tax-term\">pena<\/span>","<span class=\"advgb-post-tax-term\">pres\u00eddio<\/span>","<span class=\"advgb-post-tax-term\">varginha<\/span>"]}},"comment_count":"0","relative_dates":{"created":"Publicado 9 anos atr\u00e1s","modified":"Atualizado 9 anos atr\u00e1s"},"absolute_dates":{"created":"Publicado em 2 de maio de 2017","modified":"Atualizado em 2 de maio de 2017"},"absolute_dates_time":{"created":"Publicado em 2 de maio de 2017 08:57","modified":"Atualizado em 2 de maio de 2017 08:57"},"featured_img_caption":"","series_order":"","_links":{"self":[{"href":"https:\/\/lavras.tv\/site\/wp-json\/wp\/v2\/posts\/8539","targetHints":{"allow":["GET"]}}],"collection":[{"href":"https:\/\/lavras.tv\/site\/wp-json\/wp\/v2\/posts"}],"about":[{"href":"https:\/\/lavras.tv\/site\/wp-json\/wp\/v2\/types\/post"}],"author":[{"embeddable":true,"href":"https:\/\/lavras.tv\/site\/wp-json\/wp\/v2\/users\/2"}],"replies":[{"embeddable":true,"href":"https:\/\/lavras.tv\/site\/wp-json\/wp\/v2\/comments?post=8539"}],"version-history":[{"count":1,"href":"https:\/\/lavras.tv\/site\/wp-json\/wp\/v2\/posts\/8539\/revisions"}],"predecessor-version":[{"id":8540,"href":"https:\/\/lavras.tv\/site\/wp-json\/wp\/v2\/posts\/8539\/revisions\/8540"}],"wp:featuredmedia":[{"embeddable":true,"href":"https:\/\/lavras.tv\/site\/wp-json\/wp\/v2\/media\/8383"}],"wp:attachment":[{"href":"https:\/\/lavras.tv\/site\/wp-json\/wp\/v2\/media?parent=8539"}],"wp:term":[{"taxonomy":"category","embeddable":true,"href":"https:\/\/lavras.tv\/site\/wp-json\/wp\/v2\/categories?post=8539"},{"taxonomy":"post_tag","embeddable":true,"href":"https:\/\/lavras.tv\/site\/wp-json\/wp\/v2\/tags?post=8539"}],"curies":[{"name":"wp","href":"https:\/\/api.w.org\/{rel}","templated":true}]}}