{"id":8617,"date":"2017-05-04T08:49:42","date_gmt":"2017-05-04T11:49:42","guid":{"rendered":"http:\/\/lavras.tv\/site\/?p=8617"},"modified":"2017-05-04T08:49:42","modified_gmt":"2017-05-04T11:49:42","slug":"stf-dispensa-autorizacao-da-assembleia-para-processar-fernando-pimentel","status":"publish","type":"post","link":"https:\/\/lavras.tv\/site\/2017\/05\/04\/stf-dispensa-autorizacao-da-assembleia-para-processar-fernando-pimentel\/","title":{"rendered":"STF dispensa autoriza\u00e7\u00e3o da Assembleia para processar Fernando Pimentel"},"content":{"rendered":"<div class=\"lavra-antes-do-conteudo_2\" id=\"lavra-2563444284\"><div id=\"lavra-slider-27\" class=\"custom-slider lavra-slider-4238741381 lavra-slider\"><ul><li><div style=\"margin-left: auto;margin-right: auto;text-align: center;\" id=\"lavra-1531922394\"><a href=\"https:\/\/sistemas.lavras.mg.gov.br\/portalcidadao\/#df1b1a7c7b2a290bcb31e32771e610784662739a88807c0dacac58ede5f391a7530e299dc302d611ee73cb143fc22eaf93592e53e7b5bdb01b00a0b8d28dae460c141dd2ff83412e4dc1c31b16b25f33144a9e5620ea73b13f5bc1c59411d98439ad226e8af03840603796067d87afe130812cf3de24982d0e306f9e61e764e5\" aria-label=\"Lavras-TV&#8211;720x104px (1) (1)\"><img src=\"https:\/\/lavras.tv\/site\/wp-content\/uploads\/2025\/01\/Lavras-TV-720x104px-1-1.png\" alt=\"\"  srcset=\"https:\/\/lavras.tv\/site\/wp-content\/uploads\/2025\/01\/Lavras-TV-720x104px-1-1.png 720w, https:\/\/lavras.tv\/site\/wp-content\/uploads\/2025\/01\/Lavras-TV-720x104px-1-1-470x68.png 470w, https:\/\/lavras.tv\/site\/wp-content\/uploads\/2025\/01\/Lavras-TV-720x104px-1-1-170x25.png 170w, https:\/\/lavras.tv\/site\/wp-content\/uploads\/2025\/01\/Lavras-TV-720x104px-1-1-200x29.png 200w\" sizes=\"(max-width: 720px) 100vw, 720px\" width=\"720\" height=\"104\"  style=\"display: inline-block;\" \/><\/a><\/div><\/li><li><a href=\"https:\/\/sistemas.lavras.mg.gov.br\/portalcidadao\/#df1b1a7c7b2a290bcb31e32771e610784662739a88807c0dacac58ede5f391a7530e299dc302d611ee73cb143fc22eaf93592e53e7b5bdb01b00a0b8d28dae460c141dd2ff83412e4dc1c31b16b25f33144a9e5620ea73b13f5bc1c59411d98439ad226e8af03840603796067d87afe130812cf3de24982d0e306f9e61e764e5\" aria-label=\"Banner_Emprego_PortallavrasTV\"><img src=\"https:\/\/lavras.tv\/site\/wp-content\/uploads\/2025\/03\/Banner_Emprego_PortallavrasTV.png\" alt=\"\"  srcset=\"https:\/\/lavras.tv\/site\/wp-content\/uploads\/2025\/03\/Banner_Emprego_PortallavrasTV.png 720w, https:\/\/lavras.tv\/site\/wp-content\/uploads\/2025\/03\/Banner_Emprego_PortallavrasTV-470x68.png 470w, https:\/\/lavras.tv\/site\/wp-content\/uploads\/2025\/03\/Banner_Emprego_PortallavrasTV-170x25.png 170w, https:\/\/lavras.tv\/site\/wp-content\/uploads\/2025\/03\/Banner_Emprego_PortallavrasTV-200x29.png 200w\" sizes=\"(max-width: 720px) 100vw, 720px\" width=\"720\" height=\"104\"   \/><\/a><\/li><li><a href=\"https:\/\/sistemas.lavras.mg.gov.br\/portalcidadao\/#df1b1a7c7b2a290bcb31e32771e610784662739a88807c0dacac58ede5f391a7530e299dc302d611ee73cb143fc22eaf93592e53e7b5bdb01b00a0b8d28dae460c141dd2ff83412e4dc1c31b16b25f33144a9e5620ea73b13f5bc1c59411d98439ad226e8af03840603796067d87afe130812cf3de24982d0e306f9e61e764e5\" aria-label=\"Banner_Obras_PortallavrasTV\"><img src=\"https:\/\/lavras.tv\/site\/wp-content\/uploads\/2025\/03\/Banner_Obras_PortallavrasTV.png\" alt=\"\"  srcset=\"https:\/\/lavras.tv\/site\/wp-content\/uploads\/2025\/03\/Banner_Obras_PortallavrasTV.png 720w, https:\/\/lavras.tv\/site\/wp-content\/uploads\/2025\/03\/Banner_Obras_PortallavrasTV-470x68.png 470w, https:\/\/lavras.tv\/site\/wp-content\/uploads\/2025\/03\/Banner_Obras_PortallavrasTV-170x25.png 170w, https:\/\/lavras.tv\/site\/wp-content\/uploads\/2025\/03\/Banner_Obras_PortallavrasTV-200x29.png 200w\" sizes=\"(max-width: 720px) 100vw, 720px\" width=\"720\" height=\"104\"   \/><\/a><\/li><li><div style=\"margin-left: auto;margin-right: auto;text-align: center;\" id=\"lavra-46606871\"><a href=\"https:\/\/sistemas.lavras.mg.gov.br\/portalcidadao\/#df1b1a7c7b2a290bcb31e32771e610784662739a88807c0dacac58ede5f391a7530e299dc302d611ee73cb143fc22eaf93592e53e7b5bdb01b00a0b8d28dae460c141dd2ff83412e4dc1c31b16b25f33144a9e5620ea73b13f5bc1c59411d98439ad226e8af03840603796067d87afe130812cf3de24982d0e306f9e61e764e5\" aria-label=\"Banner_Educa\u00e7\u00e3o_PortallavrasTV\"><img src=\"https:\/\/lavras.tv\/site\/wp-content\/uploads\/2025\/01\/Banner_Educacao_PortallavrasTV.png\" alt=\"\"  srcset=\"https:\/\/lavras.tv\/site\/wp-content\/uploads\/2025\/01\/Banner_Educacao_PortallavrasTV.png 720w, https:\/\/lavras.tv\/site\/wp-content\/uploads\/2025\/01\/Banner_Educacao_PortallavrasTV-470x68.png 470w, https:\/\/lavras.tv\/site\/wp-content\/uploads\/2025\/01\/Banner_Educacao_PortallavrasTV-170x25.png 170w, https:\/\/lavras.tv\/site\/wp-content\/uploads\/2025\/01\/Banner_Educacao_PortallavrasTV-200x29.png 200w\" sizes=\"(max-width: 720px) 100vw, 720px\" width=\"720\" height=\"104\"  style=\"display: inline-block;\" \/><\/a><\/div><\/li><li><a href=\"https:\/\/sistemas.lavras.mg.gov.br\/portalcidadao\/#df1b1a7c7b2a290bcb31e32771e610784662739a88807c0dacac58ede5f391a7530e299dc302d611ee73cb143fc22eaf93592e53e7b5bdb01b00a0b8d28dae460c141dd2ff83412e4dc1c31b16b25f33144a9e5620ea73b13f5bc1c59411d98439ad226e8af03840603796067d87afe130812cf3de24982d0e306f9e61e764e5\" aria-label=\"Banner_Sa\u00fade_PortallavrasTV\"><img src=\"https:\/\/lavras.tv\/site\/wp-content\/uploads\/2025\/03\/Banner_Saude_PortallavrasTV.png\" alt=\"\"  srcset=\"https:\/\/lavras.tv\/site\/wp-content\/uploads\/2025\/03\/Banner_Saude_PortallavrasTV.png 720w, https:\/\/lavras.tv\/site\/wp-content\/uploads\/2025\/03\/Banner_Saude_PortallavrasTV-470x68.png 470w, https:\/\/lavras.tv\/site\/wp-content\/uploads\/2025\/03\/Banner_Saude_PortallavrasTV-170x25.png 170w, https:\/\/lavras.tv\/site\/wp-content\/uploads\/2025\/03\/Banner_Saude_PortallavrasTV-200x29.png 200w\" sizes=\"(max-width: 720px) 100vw, 720px\" width=\"720\" height=\"104\"   \/><\/a><\/li><li><div id=\"lavra-3891338798\" style=\"width:720px;height:104px;background-color:#ddd;overflow:scroll;\">\n\t<strong>Sa\u00edda da depura\u00e7\u00e3o de an\u00fancios<\/strong>\n\t<br><br>\n\tO an\u00fancio n\u00e3o \u00e9 exibido na p\u00e1gina<br><br>post atual: STF dispensa autoriza\u00e7\u00e3o da Assembleia para processar Fernando Pimentel, ID: 8617<br><br><span style=\"color: red;\">O post atual n\u00e3o \u00e9 id\u00eantico ao post principal.<\/span><br><br>An\u00fancios: ROXO - TOPO INTERNA - ROTATIVO 2 (197)<br \/>Grupo de an\u00fancios: Princ_Meio01_720x104 (27)<br><br>Condi\u00e7\u00f5es de exibi\u00e7\u00e3o<div style=\"margin-bottom: 20px; white-space: pre-wrap; font-family: monospace; width: 100%; background: #ffe9e9;\"><strong>condi\u00e7\u00f5es gerais<\/strong><table border=\"1\"><thead><tr><th><\/th><th>An\u00fancios<\/th><th>wp_the_query<\/th><\/tr><\/thead><tr><td>is_main_query<\/td><td>1<\/td><td>1<\/td><\/tr><tr><td>is_rest_api<\/td><td>0<\/td><td>1<\/td><\/tr><tr><td>page<\/td><td>0<\/td><td>1<\/td><\/tr><tr><td>numpages<\/td><td>0<\/td><td>1<\/td><\/tr><tr><td>is_archive<\/td><td>1<\/td><td><\/td><\/tr><tr><td>is_search<\/td><td>1<\/td><td><\/td><\/tr><tr><td>is_home<\/td><td>1<\/td><td><\/td><\/tr><tr><td>is_404<\/td><td>1<\/td><td><\/td><\/tr><tr><td>is_attachment<\/td><td>1<\/td><td><\/td><\/tr><tr><td>is_singular<\/td><td>1<\/td><td><\/td><\/tr><tr><td>is_front_page<\/td><td>1<\/td><td><\/td><\/tr><tr><td>is_feed<\/td><td>1<\/td><td><\/td><\/tr><\/table><\/div><br><br><span style=\"color: red;\">Seu site usa HTTPS, mas o c\u00f3digo do an\u00fancio cont\u00e9m HTTP e pode n\u00e3o funcionar.<\/span>\t<br><br>\n\t<a style=\"color: green;\" href=\"https:\/\/wpadvancedads.com\/manual\/ad-debug-mode\/?utm_source=advanced-ads&utm_medium=link&utm_campaign=ad-debug-mode\" target=\"_blank\" rel=\"nofollow\">Encontre solu\u00e7\u00f5es no manual<\/a>\n<\/div>\n<\/li><\/ul><\/div><script>( window.advanced_ads_ready || jQuery( document ).ready ).call( null, function() {var $lavraslider4238741381 = jQuery( \".lavra-slider-4238741381\" );$lavraslider4238741381.on( \"unslider.ready\", function() { jQuery( \"div.custom-slider ul li\" ).css( \"display\", \"block\" ); });$lavraslider4238741381.unslider({ delay:4000, autoplay:true, nav:false, arrows:false, infinite:true });$lavraslider4238741381.on(\"mouseover\", function() {$lavraslider4238741381.unslider(\"stop\");}).on(\"mouseout\", function() {$lavraslider4238741381.unslider(\"start\");});});<\/script><\/div><p>O Supremo Tribunal Federal (STF) decidiu nesta quarta-feira (3) que n\u00e3o h\u00e1 necessidade de pr\u00e9via autoriza\u00e7\u00e3o da Assembleia Legislativa para abertura de a\u00e7\u00e3o penal contra o governador de Minas Gerais, Fernando Pimentel (PT). <!--more-->O placar do julgamento foi 9 a 2.<\/p>\n<div class=\"mc-column content-text active-extra-styles \" data-block-type=\"unstyled\" data-block-weight=\"30\">\n<p class=\"content-text__container \" data-track-category=\"Link no Texto\" data-track-links=\"\">Com isso, bastar\u00e1 ao Superior Tribunal de Justi\u00e7a (STJ) \u2013 inst\u00e2ncia respons\u00e1vel por processar governadores por crimes \u2013 aceitar uma den\u00fancia do Minist\u00e9rio P\u00fablico contra o governador para torn\u00e1-lo r\u00e9u.<\/p>\n<p class=\"content-text__container \" data-track-category=\"Link no Texto\" data-track-links=\"\"><img fetchpriority=\"high\" decoding=\"async\" class=\"alignnone size-full wp-image-4630 aligncenter\" src=\"http:\/\/lavras.tv\/site\/wp-content\/uploads\/2016\/12\/pimentel.jpg\" alt=\"pimentel\" width=\"600\" height=\"400\" srcset=\"https:\/\/lavras.tv\/site\/wp-content\/uploads\/2016\/12\/pimentel.jpg 600w, https:\/\/lavras.tv\/site\/wp-content\/uploads\/2016\/12\/pimentel-150x100.jpg 150w, https:\/\/lavras.tv\/site\/wp-content\/uploads\/2016\/12\/pimentel-300x200.jpg 300w, https:\/\/lavras.tv\/site\/wp-content\/uploads\/2016\/12\/pimentel-480x320.jpg 480w, https:\/\/lavras.tv\/site\/wp-content\/uploads\/2016\/12\/pimentel-272x182.jpg 272w\" sizes=\"(max-width: 600px) 100vw, 600px\" \/><\/p>\n<\/div>\n<div class=\"mc-column content-text active-extra-styles \" data-block-type=\"unstyled\" data-block-weight=\"37\">\n<p class=\"content-text__container \" data-track-category=\"Link no Texto\" data-track-links=\"\">Os ministros tamb\u00e9m decidiram que uma eventual aceita\u00e7\u00e3o de den\u00fancia contra o governador pelo STJ n\u00e3o bastar\u00e1 para afast\u00e1-lo do cargo, como prev\u00ea a Constitui\u00e7\u00e3o de Minas Gerais (<em>leia mais sobre o assunto ao longo da reportagem<\/em>).<\/p>\n<\/div>\n<div class=\"mc-column content-text active-extra-styles \" data-block-type=\"unstyled\" data-block-weight=\"18\">\n<p class=\"content-text__container \" data-track-category=\"Link no Texto\" data-track-links=\"\">Pimentel \u00e9 alvo de duas den\u00fancias j\u00e1 apresentadas pelo Minist\u00e9rio P\u00fablico Federal. Nenhuma delas, por\u00e9m, ainda foi aceita.<\/p>\n<\/div>\n<div class=\"mc-column content-text active-extra-styles \" data-block-type=\"unstyled\" data-block-weight=\"37\">\n<p class=\"content-text__container \" data-track-category=\"Link no Texto\" data-track-links=\"\">Votaram para dispensar a necessidade de autoriza\u00e7\u00e3o pr\u00e9via o relator do caso, Edson Fachin, e os ministros Lu\u00eds Roberto Barroso, Rosa Weber, Luiz Fux, Marco Aur\u00e9lio Mello, Alexandre de Moraes, Gilmar Mendes, Ricardo Lewandowski e C\u00e1rmen L\u00facia.<\/p>\n<\/div>\n<div class=\"mc-column content-text active-extra-styles \" data-block-type=\"unstyled\" data-block-weight=\"17\">\n<p class=\"content-text__container \" data-track-category=\"Link no Texto\" data-track-links=\"\">Os ministros Dias Toffoli e Celso de Mello votaram pela exig\u00eancia de autoriza\u00e7\u00e3o pr\u00e9via da Assembleia Legislativa.<\/p>\n<\/div>\n<div class=\"mc-column content-text active-extra-styles \" data-block-type=\"unstyled\" data-block-weight=\"29\">\n<p class=\"content-text__container \" data-track-category=\"Link no Texto\" data-track-links=\"\">Ap\u00f3s o fim do julgamento, Fernando Pimentel divulgou nota na qual afirma que decis\u00f5es do STF s\u00e3o &#8220;soberanas&#8221;. O governador, por\u00e9m, ressaltou que h\u00e1 &#8220;ilegalidades expl\u00edcitas&#8221; durante as investiga\u00e7\u00f5es.<\/p>\n<\/div>\n<div class=\"mc-column content-text active-extra-styles \" data-block-type=\"unstyled\" data-block-weight=\"3\">\n<p class=\"content-text__container \" data-track-category=\"Link no Texto\" data-track-links=\"\">Leia a nota:<\/p>\n<\/div>\n<div class=\"mc-column content-text active-extra-styles \" data-block-type=\"unstyled\" data-block-weight=\"33\">\n<p class=\"content-text__container \" data-track-category=\"Link no Texto\" data-track-links=\"\"><em>Decis\u00f5es da Suprema Corte s\u00e3o soberanas, exigindo cumprimento e respeito. Contudo, \u00e9 preciso esclarecer que a Suprema Corte, por unanimidade, reconheceu a impossibilidade de afastamento autom\u00e1tico do Governador, por simples recebimento da den\u00fancia.<\/em><\/p>\n<\/div>\n<div class=\"mc-column content-text active-extra-styles \" data-block-type=\"unstyled\" data-block-weight=\"11\">\n<p class=\"content-text__container \" data-track-category=\"Link no Texto\" data-track-links=\"\"><em>Ser\u00e1 sempre necess\u00e1ria uma decis\u00e3o judicial, fundada em raz\u00f5es cautelares processuais.<\/em><\/p>\n<\/div>\n<div class=\"mc-column content-text active-extra-styles \" data-block-type=\"unstyled\" data-block-weight=\"43\">\n<p class=\"content-text__container \" data-track-category=\"Link no Texto\" data-track-links=\"\"><em>Por tudo isso, confiamos no Superior Tribunal de Justi\u00e7a, quanto \u00e0 normalidade e \u00e0 regularidade no processamento de todos os governadores de Estado, inclusive no que diz respeito ao reconhecimento de ilegalidades expl\u00edcitas colhidas em investiga\u00e7\u00f5es, na linha da jurisprud\u00eancia expressiva daquele Tribunal.<\/em><\/p>\n<\/div>\n<div class=\"mc-column content-text active-extra-styles\" data-block-type=\"raw\" data-block-weight=\"3\">\n<div class=\"content-intertitle\">\n<h2>Afastamento do cargo<\/h2>\n<\/div>\n<\/div>\n<div class=\"content-ads content-ads--reveal\"><\/div>\n<div class=\"mc-column content-text active-extra-styles \" data-block-type=\"unstyled\" data-block-weight=\"34\">\n<p class=\"content-text__container \" data-track-category=\"Link no Texto\" data-track-links=\"\">Ao final do julgamento, a maioria dos ministros tamb\u00e9m entendeu que somente a aceita\u00e7\u00e3o da den\u00fancia contra o governador pelo STJ n\u00e3o basta para afast\u00e1-lo do cargo, como prev\u00ea a Constitui\u00e7\u00e3o de Minas Gerais.<\/p>\n<\/div>\n<div class=\"mc-column content-text active-extra-styles \" data-block-type=\"unstyled\" data-block-weight=\"39\">\n<p class=\"content-text__container \" data-track-category=\"Link no Texto\" data-track-links=\"\">Assim, caber\u00e1 ao pr\u00f3prio tribunal avaliar, caso a caso, se essa medida \u00e9 ou n\u00e3o necess\u00e1ria, de modo a preservar o andamento da a\u00e7\u00e3o penal. Isso poder\u00e1 ocorrer tanto no recebimento da den\u00fancia quanto no curso do pr\u00f3prio processo.<\/p>\n<\/div>\n<div class=\"mc-column content-text active-extra-styles \" data-block-type=\"unstyled\" data-block-weight=\"32\">\n<p class=\"content-text__container \" data-track-category=\"Link no Texto\" data-track-links=\"\">Os ministros tamb\u00e9m acordaram que a decis\u00e3o s\u00f3 valer\u00e1 para o caso de Minas Gerais. H\u00e1 pelo menos outras 20 a\u00e7\u00f5es semelhantes na Corte sobre o assunto, mas todas ser\u00e3o decididas individualmente.<\/p>\n<\/div>\n<div class=\"mc-column content-text active-extra-styles \" data-block-type=\"unstyled\" data-block-weight=\"20\">\n<p class=\"content-text__container \" data-track-category=\"Link no Texto\" data-track-links=\"\">Na fila de julgamentos do STF, h\u00e1 a\u00e7\u00f5es semelhantes envolvendo os estados do Piau\u00ed, Acre, Mato Grosso e Santa Catarina.<\/p>\n<\/div>\n<div class=\"mc-column content-text active-extra-styles\" data-block-type=\"raw\" data-block-weight=\"1\">\n<div class=\"content-intertitle\">\n<h2>Julgamento<\/h2>\n<\/div>\n<\/div>\n<div class=\"mc-column content-text active-extra-styles \" data-block-type=\"unstyled\" data-block-weight=\"44\">\n<p class=\"content-text__container \" data-track-category=\"Link no Texto\" data-track-links=\"\">O julgamento foi iniciado no ano passado e interrompido em mar\u00e7o deste ano. Nesta quarta-feira (3), foi retomado, com os votos de Marco Aur\u00e9lio Mello e Alexandre de Moraes. Os dois ministros votaram pela dispensa da autoriza\u00e7\u00e3o da Assembleia Legislativa para processar o governador.<\/p>\n<\/div>\n<div class=\"mc-column content-text active-extra-styles \" data-block-type=\"unstyled\" data-block-weight=\"37\">\n<p class=\"content-text__container \" data-track-category=\"Link no Texto\" data-track-links=\"\">Em seu voto, Alexandre de Moraes entendeu que a pr\u00e9via autoriza\u00e7\u00e3o do Legislativo \u00e9 um obst\u00e1culo v\u00e1lido somente para o presidente da Rep\u00fablica, que acumula mais poderes do que um governador, como o de chefe de Estado.<\/p>\n<\/div>\n<div class=\"mc-column content-text active-extra-styles \" data-block-type=\"unstyled\" data-block-weight=\"43\">\n<p class=\"content-text__container \" data-track-category=\"Link no Texto\" data-track-links=\"\">\u201cEntendo que todas as previs\u00f5es excepcionais de obst\u00e1culos para a responsabiliza\u00e7\u00e3o do presidente s\u00e3o exclusivas da mais alta autoridade do pa\u00eds, por sua condi\u00e7\u00e3o de chefe de Estado e chefe de governo. N\u00e3o se tratando portanto, de princ\u00edpios constitucionais extens\u00edveis\u201d, afirmou o ministro.<\/p>\n<\/div>\n<div class=\"mc-column content-text active-extra-styles \" data-block-type=\"unstyled\" data-block-weight=\"38\">\n<p class=\"content-text__container \" data-track-category=\"Link no Texto\" data-track-links=\"\">Ao abrir a diverg\u00eancia e votar em favor da necessidade de autoriza\u00e7\u00e3o da Assembleia, ministro Dias Toffoli disse que essa sempre foi a orienta\u00e7\u00e3o do STF em casos anteriores, como forma de equilibrar a rela\u00e7\u00e3o entre os poderes.<\/p>\n<\/div>\n<div class=\"mc-column content-text active-extra-styles \" data-block-type=\"unstyled\" data-block-weight=\"62\">\n<p class=\"content-text__container \" data-track-category=\"Link no Texto\" data-track-links=\"\">\u201cEssa quest\u00e3o de se ter um \u00f3rg\u00e3o da Uni\u00e3o a julgar um poder local, sem n\u00edvel de controle do poder local, o reverso da medalha tamb\u00e9m pode existir, de uma interfer\u00eancia de um poder centralizador central diante da autonomia do estado. Isso faz partes dos freios de contrapesos de uma federa\u00e7\u00e3o, de um estado nacional complexo e grande como o brasileiro\u201d, afirmou.<\/p>\n<\/div>\n<div class=\"mc-column content-text active-extra-styles\" data-block-type=\"raw\" data-block-weight=\"1\">\n<div class=\"content-intertitle\">\n<h2>Acusa\u00e7\u00f5es<\/h2>\n<\/div>\n<\/div>\n<div class=\"mc-column content-text active-extra-styles \" data-block-type=\"unstyled\" data-block-weight=\"24\">\n<p class=\"content-text__container \" data-track-category=\"Link no Texto\" data-track-links=\"\">Pimentel j\u00e1 \u00e9 alvo de duas den\u00fancias criminais apresentadas pela Procuradoria Geral da Rep\u00fablica (PGR) por suposta pr\u00e1tica de corrup\u00e7\u00e3o e lavagem de dinheiro.<\/p>\n<\/div>\n<div class=\"mc-column content-text active-extra-styles \" data-block-type=\"unstyled\" data-block-weight=\"46\">\n<p class=\"content-text__container \" data-track-category=\"Link no Texto\" data-track-links=\"\">No ano passado, o STJ decidiu que recebimento das acusa\u00e7\u00f5es pela Corte, o que levaria \u00e0 abertura de a\u00e7\u00e3o penal, dependeria de aval da maioria dos deputados estaduais da Assembleia Legislativa de Minas Gerais (ALMG). \u00c9 esse o entendimento que foi derrubado no julgamento desta quarta.<\/p>\n<\/div>\n<div class=\"mc-column content-text active-extra-styles \" data-block-type=\"unstyled\" data-block-weight=\"38\">\n<p class=\"content-text__container \" data-track-category=\"Link no Texto\" data-track-links=\"\">A primeira den\u00fancia contra Pimentel, j\u00e1 enviada para a Assembleia de Minas, acusa Pimentel de solicitar e receber propina de R$ 2 milh\u00f5es da montadora de ve\u00edculos Caoa, em troca da concess\u00e3o de benef\u00edcios tribut\u00e1rios para a empresa.<\/p>\n<\/div>\n<div class=\"mc-column content-text active-extra-styles \" data-block-type=\"unstyled\" data-block-weight=\"19\">\n<p class=\"content-text__container \" data-track-category=\"Link no Texto\" data-track-links=\"\">O ato teria ocorrido quando o atual governador era ministro do Desenvolvimento durante o governo da ex-presidente Dilma Rousseff.<\/p>\n<\/div>\n<div class=\"mc-column content-text active-extra-styles \" data-block-type=\"unstyled\" data-block-weight=\"16\">\n<p class=\"content-text__container \" data-track-category=\"Link no Texto\" data-track-links=\"\">A defesa de Pimentel criticou a den\u00fancia \u00e0 \u00e9poca e disse que \u00e9 cheia de &#8220;ilegalidades&#8221;.<\/p>\n<\/div>\n<div class=\"mc-column content-text active-extra-styles \" data-block-type=\"unstyled\" data-block-weight=\"26\">\n<p class=\"content-text__container \" data-track-category=\"Link no Texto\" data-track-links=\"\">A segunda den\u00fancia, ainda sob an\u00e1lise do STJ, acusa Pimentel de pedir e levar propina para facilitar libera\u00e7\u00e3o de recursos para dois projetos da Construtora Odebrecht.<\/p>\n<\/div>\n<div class=\"mc-column content-text active-extra-styles \" data-block-type=\"unstyled\" data-block-weight=\"27\">\n<p class=\"content-text__container \" data-track-category=\"Link no Texto\" data-track-links=\"\">Em dela\u00e7\u00e3o premiada, o empres\u00e1rio Benedito Rodrigues de Oliveira, o Ben\u00e9, disse que Pimentel pediu R$ 20 milh\u00f5es, mas que a empreiteira aceitou pagar R$ 15 milh\u00f5es.<\/p>\n<\/div>\n<div class=\"mc-column content-text active-extra-styles \" data-block-type=\"unstyled\" data-block-weight=\"23\">\n<p class=\"content-text__container \" data-track-category=\"Link no Texto\" data-track-links=\"\">A defesa de Pimentel afirmou \u00e0 \u00e9poca que a den\u00fancia \u00e9 &#8220;fr\u00e1gil&#8221; e que foi feita &#8220;com base exclusivamente em depoimento do delator&#8221;.<\/p>\n<p class=\"content-text__container \" data-track-category=\"Link no Texto\" data-track-links=\"\">Fonte: G1<\/p>\n<\/div>\n","protected":false},"excerpt":{"rendered":"<p>O Supremo Tribunal Federal (STF) decidiu nesta quarta-feira (3) que n\u00e3o h\u00e1 necessidade de pr\u00e9via autoriza\u00e7\u00e3o da Assembleia Legislativa para abertura de a\u00e7\u00e3o penal contra o governador de Minas Gerais, Fernando Pimentel (PT).<\/p>\n","protected":false},"author":2,"featured_media":4630,"comment_status":"closed","ping_status":"open","sticky":false,"template":"","format":"standard","meta":{"advgb_blocks_editor_width":"","advgb_blocks_columns_visual_guide":"","_exactmetrics_skip_tracking":false,"_exactmetrics_sitenote_active":false,"_exactmetrics_sitenote_note":"","_exactmetrics_sitenote_category":0,"footnotes":""},"categories":[7,12],"tags":[1157,3224,530,1383,2484],"class_list":["post-8617","post","type-post","status-publish","format-standard","has-post-thumbnail","hentry","category-destaques","category-politica","tag-fernando-pimentel","tag-governador","tag-minas-gerais","tag-processo","tag-stf"],"better_featured_image":{"id":4630,"alt_text":"","caption":"","description":"","media_type":"image","media_details":{"width":600,"height":400,"file":"2016\/12\/pimentel.jpg","sizes":{"thumbnail":{"file":"pimentel-150x100.jpg","width":150,"height":100,"mime-type":"image\/jpeg","source_url":"https:\/\/lavras.tv\/site\/wp-content\/uploads\/2016\/12\/pimentel-150x100.jpg"},"medium":{"file":"pimentel-300x200.jpg","width":300,"height":200,"mime-type":"image\/jpeg","source_url":"https:\/\/lavras.tv\/site\/wp-content\/uploads\/2016\/12\/pimentel-300x200.jpg"},"featured-post-img":{"file":"pimentel-480x320.jpg","width":480,"height":320,"mime-type":"image\/jpeg","source_url":"https:\/\/lavras.tv\/site\/wp-content\/uploads\/2016\/12\/pimentel-480x320.jpg"},"sow-carousel-default":{"file":"pimentel-272x182.jpg","width":272,"height":182,"mime-type":"image\/jpeg","source_url":"https:\/\/lavras.tv\/site\/wp-content\/uploads\/2016\/12\/pimentel-272x182.jpg"}},"image_meta":{"aperture":"8","credit":"","camera":"NIKON D810","caption":"","created_timestamp":"1392352390","copyright":"","focal_length":"45","iso":"3200","shutter_speed":"0.008","title":"","orientation":"1","keywords":[]}},"post":4629,"source_url":"https:\/\/lavras.tv\/site\/wp-content\/uploads\/2016\/12\/pimentel.jpg"},"author_meta":{"display_name":"Lavras TV","author_link":"https:\/\/lavras.tv\/site\/author\/lavrastv\/"},"featured_img":"https:\/\/lavras.tv\/site\/wp-content\/uploads\/2016\/12\/pimentel-300x200.jpg","coauthors":[],"tax_additional":{"categories":{"linked":["<a href=\"https:\/\/lavras.tv\/site\/category\/destaques\/\" class=\"advgb-post-tax-term\">Destaques<\/a>","<a href=\"https:\/\/lavras.tv\/site\/category\/politica\/\" class=\"advgb-post-tax-term\">Pol\u00edtica<\/a>"],"unlinked":["<span class=\"advgb-post-tax-term\">Destaques<\/span>","<span class=\"advgb-post-tax-term\">Pol\u00edtica<\/span>"]},"tags":{"linked":["<a href=\"https:\/\/lavras.tv\/site\/category\/politica\/\" class=\"advgb-post-tax-term\">fernando pimentel<\/a>","<a href=\"https:\/\/lavras.tv\/site\/category\/politica\/\" class=\"advgb-post-tax-term\">Governador<\/a>","<a href=\"https:\/\/lavras.tv\/site\/category\/politica\/\" class=\"advgb-post-tax-term\">minas gerais<\/a>","<a href=\"https:\/\/lavras.tv\/site\/category\/politica\/\" class=\"advgb-post-tax-term\">processo<\/a>","<a href=\"https:\/\/lavras.tv\/site\/category\/politica\/\" class=\"advgb-post-tax-term\">stf<\/a>"],"unlinked":["<span class=\"advgb-post-tax-term\">fernando pimentel<\/span>","<span class=\"advgb-post-tax-term\">Governador<\/span>","<span class=\"advgb-post-tax-term\">minas gerais<\/span>","<span class=\"advgb-post-tax-term\">processo<\/span>","<span class=\"advgb-post-tax-term\">stf<\/span>"]}},"comment_count":"0","relative_dates":{"created":"Publicado 9 anos atr\u00e1s","modified":"Atualizado 9 anos atr\u00e1s"},"absolute_dates":{"created":"Publicado em 4 de maio de 2017","modified":"Atualizado em 4 de maio de 2017"},"absolute_dates_time":{"created":"Publicado em 4 de maio de 2017 08:49","modified":"Atualizado em 4 de maio de 2017 08:49"},"featured_img_caption":"","series_order":"","_links":{"self":[{"href":"https:\/\/lavras.tv\/site\/wp-json\/wp\/v2\/posts\/8617","targetHints":{"allow":["GET"]}}],"collection":[{"href":"https:\/\/lavras.tv\/site\/wp-json\/wp\/v2\/posts"}],"about":[{"href":"https:\/\/lavras.tv\/site\/wp-json\/wp\/v2\/types\/post"}],"author":[{"embeddable":true,"href":"https:\/\/lavras.tv\/site\/wp-json\/wp\/v2\/users\/2"}],"replies":[{"embeddable":true,"href":"https:\/\/lavras.tv\/site\/wp-json\/wp\/v2\/comments?post=8617"}],"version-history":[{"count":1,"href":"https:\/\/lavras.tv\/site\/wp-json\/wp\/v2\/posts\/8617\/revisions"}],"predecessor-version":[{"id":8618,"href":"https:\/\/lavras.tv\/site\/wp-json\/wp\/v2\/posts\/8617\/revisions\/8618"}],"wp:featuredmedia":[{"embeddable":true,"href":"https:\/\/lavras.tv\/site\/wp-json\/wp\/v2\/media\/4630"}],"wp:attachment":[{"href":"https:\/\/lavras.tv\/site\/wp-json\/wp\/v2\/media?parent=8617"}],"wp:term":[{"taxonomy":"category","embeddable":true,"href":"https:\/\/lavras.tv\/site\/wp-json\/wp\/v2\/categories?post=8617"},{"taxonomy":"post_tag","embeddable":true,"href":"https:\/\/lavras.tv\/site\/wp-json\/wp\/v2\/tags?post=8617"}],"curies":[{"name":"wp","href":"https:\/\/api.w.org\/{rel}","templated":true}]}}