{"id":8702,"date":"2017-05-08T09:18:51","date_gmt":"2017-05-08T12:18:51","guid":{"rendered":"http:\/\/lavras.tv\/site\/?p=8702"},"modified":"2017-05-08T09:18:51","modified_gmt":"2017-05-08T12:18:51","slug":"atletico-vence-o-campeonato-mineiro-pela-44a-vez","status":"publish","type":"post","link":"https:\/\/lavras.tv\/site\/2017\/05\/08\/atletico-vence-o-campeonato-mineiro-pela-44a-vez\/","title":{"rendered":"Atl\u00e9tico vence o Campeonato Mineiro pela 44\u00aa vez"},"content":{"rendered":"<div class=\"lavra-antes-do-conteudo_2\" id=\"lavra-1656782649\"><div id=\"lavra-slider-27\" class=\"custom-slider lavra-slider-4032354455 lavra-slider\"><ul><li><div style=\"margin-left: auto;margin-right: auto;text-align: center;\" id=\"lavra-761874549\"><a href=\"https:\/\/sistemas.lavras.mg.gov.br\/portalcidadao\/#df1b1a7c7b2a290bcb31e32771e610784662739a88807c0dacac58ede5f391a7530e299dc302d611ee73cb143fc22eaf93592e53e7b5bdb01b00a0b8d28dae460c141dd2ff83412e4dc1c31b16b25f33144a9e5620ea73b13f5bc1c59411d98439ad226e8af03840603796067d87afe130812cf3de24982d0e306f9e61e764e5\" aria-label=\"Lavras-TV&#8211;720x104px (1) (1)\"><img src=\"https:\/\/lavras.tv\/site\/wp-content\/uploads\/2025\/01\/Lavras-TV-720x104px-1-1.png\" alt=\"\"  srcset=\"https:\/\/lavras.tv\/site\/wp-content\/uploads\/2025\/01\/Lavras-TV-720x104px-1-1.png 720w, https:\/\/lavras.tv\/site\/wp-content\/uploads\/2025\/01\/Lavras-TV-720x104px-1-1-470x68.png 470w, https:\/\/lavras.tv\/site\/wp-content\/uploads\/2025\/01\/Lavras-TV-720x104px-1-1-170x25.png 170w, https:\/\/lavras.tv\/site\/wp-content\/uploads\/2025\/01\/Lavras-TV-720x104px-1-1-200x29.png 200w\" sizes=\"(max-width: 720px) 100vw, 720px\" width=\"720\" height=\"104\"  style=\"display: inline-block;\" \/><\/a><\/div><\/li><li><a href=\"https:\/\/sistemas.lavras.mg.gov.br\/portalcidadao\/#df1b1a7c7b2a290bcb31e32771e610784662739a88807c0dacac58ede5f391a7530e299dc302d611ee73cb143fc22eaf93592e53e7b5bdb01b00a0b8d28dae460c141dd2ff83412e4dc1c31b16b25f33144a9e5620ea73b13f5bc1c59411d98439ad226e8af03840603796067d87afe130812cf3de24982d0e306f9e61e764e5\" aria-label=\"Banner_Emprego_PortallavrasTV\"><img src=\"https:\/\/lavras.tv\/site\/wp-content\/uploads\/2025\/03\/Banner_Emprego_PortallavrasTV.png\" alt=\"\"  srcset=\"https:\/\/lavras.tv\/site\/wp-content\/uploads\/2025\/03\/Banner_Emprego_PortallavrasTV.png 720w, https:\/\/lavras.tv\/site\/wp-content\/uploads\/2025\/03\/Banner_Emprego_PortallavrasTV-470x68.png 470w, https:\/\/lavras.tv\/site\/wp-content\/uploads\/2025\/03\/Banner_Emprego_PortallavrasTV-170x25.png 170w, https:\/\/lavras.tv\/site\/wp-content\/uploads\/2025\/03\/Banner_Emprego_PortallavrasTV-200x29.png 200w\" sizes=\"(max-width: 720px) 100vw, 720px\" width=\"720\" height=\"104\"   \/><\/a><\/li><li><a href=\"https:\/\/sistemas.lavras.mg.gov.br\/portalcidadao\/#df1b1a7c7b2a290bcb31e32771e610784662739a88807c0dacac58ede5f391a7530e299dc302d611ee73cb143fc22eaf93592e53e7b5bdb01b00a0b8d28dae460c141dd2ff83412e4dc1c31b16b25f33144a9e5620ea73b13f5bc1c59411d98439ad226e8af03840603796067d87afe130812cf3de24982d0e306f9e61e764e5\" aria-label=\"Banner_Obras_PortallavrasTV\"><img src=\"https:\/\/lavras.tv\/site\/wp-content\/uploads\/2025\/03\/Banner_Obras_PortallavrasTV.png\" alt=\"\"  srcset=\"https:\/\/lavras.tv\/site\/wp-content\/uploads\/2025\/03\/Banner_Obras_PortallavrasTV.png 720w, https:\/\/lavras.tv\/site\/wp-content\/uploads\/2025\/03\/Banner_Obras_PortallavrasTV-470x68.png 470w, https:\/\/lavras.tv\/site\/wp-content\/uploads\/2025\/03\/Banner_Obras_PortallavrasTV-170x25.png 170w, https:\/\/lavras.tv\/site\/wp-content\/uploads\/2025\/03\/Banner_Obras_PortallavrasTV-200x29.png 200w\" sizes=\"(max-width: 720px) 100vw, 720px\" width=\"720\" height=\"104\"   \/><\/a><\/li><li><div style=\"margin-left: auto;margin-right: auto;text-align: center;\" id=\"lavra-3020126305\"><a href=\"https:\/\/sistemas.lavras.mg.gov.br\/portalcidadao\/#df1b1a7c7b2a290bcb31e32771e610784662739a88807c0dacac58ede5f391a7530e299dc302d611ee73cb143fc22eaf93592e53e7b5bdb01b00a0b8d28dae460c141dd2ff83412e4dc1c31b16b25f33144a9e5620ea73b13f5bc1c59411d98439ad226e8af03840603796067d87afe130812cf3de24982d0e306f9e61e764e5\" aria-label=\"Banner_Educa\u00e7\u00e3o_PortallavrasTV\"><img src=\"https:\/\/lavras.tv\/site\/wp-content\/uploads\/2025\/01\/Banner_Educacao_PortallavrasTV.png\" alt=\"\"  srcset=\"https:\/\/lavras.tv\/site\/wp-content\/uploads\/2025\/01\/Banner_Educacao_PortallavrasTV.png 720w, https:\/\/lavras.tv\/site\/wp-content\/uploads\/2025\/01\/Banner_Educacao_PortallavrasTV-470x68.png 470w, https:\/\/lavras.tv\/site\/wp-content\/uploads\/2025\/01\/Banner_Educacao_PortallavrasTV-170x25.png 170w, https:\/\/lavras.tv\/site\/wp-content\/uploads\/2025\/01\/Banner_Educacao_PortallavrasTV-200x29.png 200w\" sizes=\"(max-width: 720px) 100vw, 720px\" width=\"720\" height=\"104\"  style=\"display: inline-block;\" \/><\/a><\/div><\/li><li><a href=\"https:\/\/sistemas.lavras.mg.gov.br\/portalcidadao\/#df1b1a7c7b2a290bcb31e32771e610784662739a88807c0dacac58ede5f391a7530e299dc302d611ee73cb143fc22eaf93592e53e7b5bdb01b00a0b8d28dae460c141dd2ff83412e4dc1c31b16b25f33144a9e5620ea73b13f5bc1c59411d98439ad226e8af03840603796067d87afe130812cf3de24982d0e306f9e61e764e5\" aria-label=\"Banner_Sa\u00fade_PortallavrasTV\"><img src=\"https:\/\/lavras.tv\/site\/wp-content\/uploads\/2025\/03\/Banner_Saude_PortallavrasTV.png\" alt=\"\"  srcset=\"https:\/\/lavras.tv\/site\/wp-content\/uploads\/2025\/03\/Banner_Saude_PortallavrasTV.png 720w, https:\/\/lavras.tv\/site\/wp-content\/uploads\/2025\/03\/Banner_Saude_PortallavrasTV-470x68.png 470w, https:\/\/lavras.tv\/site\/wp-content\/uploads\/2025\/03\/Banner_Saude_PortallavrasTV-170x25.png 170w, https:\/\/lavras.tv\/site\/wp-content\/uploads\/2025\/03\/Banner_Saude_PortallavrasTV-200x29.png 200w\" sizes=\"(max-width: 720px) 100vw, 720px\" width=\"720\" height=\"104\"   \/><\/a><\/li><li><div id=\"lavra-1000691506\" style=\"width:720px;height:104px;background-color:#ddd;overflow:scroll;\">\n\t<strong>Sa\u00edda da depura\u00e7\u00e3o de an\u00fancios<\/strong>\n\t<br><br>\n\tO an\u00fancio n\u00e3o \u00e9 exibido na p\u00e1gina<br><br>post atual: Atl\u00e9tico vence o Campeonato Mineiro pela 44\u00aa vez, ID: 8702<br><br><span style=\"color: red;\">O post atual n\u00e3o \u00e9 id\u00eantico ao post principal.<\/span><br><br>An\u00fancios: ROXO - TOPO INTERNA - ROTATIVO 2 (197)<br \/>Grupo de an\u00fancios: Princ_Meio01_720x104 (27)<br><br>Condi\u00e7\u00f5es de exibi\u00e7\u00e3o<div style=\"margin-bottom: 20px; white-space: pre-wrap; font-family: monospace; width: 100%; background: #ffe9e9;\"><strong>condi\u00e7\u00f5es gerais<\/strong><table border=\"1\"><thead><tr><th><\/th><th>An\u00fancios<\/th><th>wp_the_query<\/th><\/tr><\/thead><tr><td>is_main_query<\/td><td>1<\/td><td>1<\/td><\/tr><tr><td>is_rest_api<\/td><td>0<\/td><td>1<\/td><\/tr><tr><td>page<\/td><td>0<\/td><td>1<\/td><\/tr><tr><td>numpages<\/td><td>0<\/td><td>1<\/td><\/tr><tr><td>is_archive<\/td><td>1<\/td><td><\/td><\/tr><tr><td>is_search<\/td><td>1<\/td><td><\/td><\/tr><tr><td>is_home<\/td><td>1<\/td><td><\/td><\/tr><tr><td>is_404<\/td><td>1<\/td><td><\/td><\/tr><tr><td>is_attachment<\/td><td>1<\/td><td><\/td><\/tr><tr><td>is_singular<\/td><td>1<\/td><td><\/td><\/tr><tr><td>is_front_page<\/td><td>1<\/td><td><\/td><\/tr><tr><td>is_feed<\/td><td>1<\/td><td><\/td><\/tr><\/table><\/div><br><br><span style=\"color: red;\">Seu site usa HTTPS, mas o c\u00f3digo do an\u00fancio cont\u00e9m HTTP e pode n\u00e3o funcionar.<\/span>\t<br><br>\n\t<a style=\"color: green;\" href=\"https:\/\/wpadvancedads.com\/manual\/ad-debug-mode\/?utm_source=advanced-ads&utm_medium=link&utm_campaign=ad-debug-mode\" target=\"_blank\" rel=\"nofollow\">Encontre solu\u00e7\u00f5es no manual<\/a>\n<\/div>\n<\/li><\/ul><\/div><script>( window.advanced_ads_ready || jQuery( document ).ready ).call( null, function() {var $lavraslider4032354455 = jQuery( \".lavra-slider-4032354455\" );$lavraslider4032354455.on( \"unslider.ready\", function() { jQuery( \"div.custom-slider ul li\" ).css( \"display\", \"block\" ); });$lavraslider4032354455.unslider({ delay:4000, autoplay:true, nav:false, arrows:false, infinite:true });$lavraslider4032354455.on(\"mouseover\", function() {$lavraslider4032354455.unslider(\"stop\");}).on(\"mouseout\", function() {$lavraslider4032354455.unslider(\"start\");});});<\/script><\/div><p>O Atl\u00e9tico \u00e9 o campe\u00e3o mineiro pela 44\u00aa vez na hist\u00f3ria! <!--more-->Com recorde de p\u00fablico na Arena Independ\u00eancia \u2013 22.411 torcedores presentes \u2013 o Galo venceu o cl\u00e1ssico contra o Cruzeiro por 2 a 1, neste domingo, e ainda acabou com o jejum de oito jogos sem ganhar do rival. A partida foi quente nos minutos finais e teve dois jogadores expulsos: Rafinha, da Raposa, e Adilson, do Alvinegro.<\/p>\n<p><img fetchpriority=\"high\" decoding=\"async\" class=\"alignnone size-full wp-image-8703 aligncenter\" src=\"http:\/\/lavras.tv\/site\/wp-content\/uploads\/2017\/05\/galo-ta\u00e7a.jpg\" alt=\"galo ta\u00e7a\" width=\"405\" height=\"272\" srcset=\"https:\/\/lavras.tv\/site\/wp-content\/uploads\/2017\/05\/galo-ta\u00e7a.jpg 405w, https:\/\/lavras.tv\/site\/wp-content\/uploads\/2017\/05\/galo-ta\u00e7a-150x101.jpg 150w, https:\/\/lavras.tv\/site\/wp-content\/uploads\/2017\/05\/galo-ta\u00e7a-300x201.jpg 300w, https:\/\/lavras.tv\/site\/wp-content\/uploads\/2017\/05\/galo-ta\u00e7a-272x182.jpg 272w\" sizes=\"(max-width: 405px) 100vw, 405px\" \/><\/p>\n<p>Um dos jogadores mais criticados pela torcida neste ano, Robinho abriu o placar para o Galo aos 12 minutos do primeiro tempo. O camisa 7 chegou a balan\u00e7ar as redes novamente aos 30, mas o bandeira Ricardo J\u00fanio de Souza assinalou impedimento. Mas a TV mostrou que o atacante atleticano estava na mesma linha.<\/p>\n<p>O Cruzeiro empatou no in\u00edcio do segundo tempo. Da direta, Rafinha cruzou e \u00c1bila apareceu sozinho na \u00e1rea, dominou no peito e mandou um belo voleio no canto de Victor.<\/p>\n<p>Mas o Atl\u00e9tico desempatou aos 24 com o dedo de Roger. O treinador sacou Robinho para colocar Cazares. Dando prosseguimento \u00e0 jogada iniciada por Marcos Rocha, que roubou a bola de Rafael Sobis no campo de defesa, o equatoriano achou Elias, que invadiu a \u00e1rea e fuzilou o goleiro Rafael. Galo na frente de novo!<\/p>\n<p>O t\u00edtulo tamb\u00e9m confirmou a aposta da diretoria no Independ\u00eancia principal casa do Atl\u00e9tico desde a sua reinaugura\u00e7\u00e3o em 2012 e escolhido para ser o palco da final\u00edssima em detrimento do Mineir\u00e3o, com capacidade maior. E com o triunfo do t\u00edtulo, manteve 100% de aproveitamento no est\u00e1dio do Horto em 2017, com dez vit\u00f3rias no local.<\/p>\n<p>Agora, o Atl\u00e9tico ter\u00e1 a semana de descanso antes da estreia no Campeonato Brasileiro, no s\u00e1bado, \u00e0s 16h, contra o Flamengo, no Maracan\u00e3.<\/p>\n<p>J\u00e1 o Cruzeiro passa a pensar para o segundo duelo diante do Nacional, do Paraguai, no est\u00e1dio Ars\u00eanio Erico, em Assun\u00e7\u00e3o, na pr\u00f3xima quarta-feira, \u00e0s 19h15 (de Bras\u00edlia), pela primeira fase da Copa Sul-Americana. No jogo de ida, no Mineir\u00e3o, a Raposa venceu por 2 a 1 e joga pelo empate para avan\u00e7ar.<\/p>\n<p><strong>O JOGO &#8211; <\/strong>Com a vantagem do empate para ser o campe\u00e3o estadual, o Atl\u00e9tico entrou em campo com uma forma\u00e7\u00e3o teoricamente mais cautelosa, com a presen\u00e7a de tr\u00eas volantes de origem &#8211; Adilson, Rafael Carioca e Elias -, apostando no controle do meio-de-campo e dando mais liberdade a Otero, Robinho e Fred, enquanto o Cruzeiro iniciou o cl\u00e1ssico com a mesma forma\u00e7\u00e3o que ficou no 0 a 0 no jogo de ida da final.<\/p>\n<p>Precisando da vit\u00f3ria para conquistar o t\u00edtulo estadual, o Cruzeiro tentou pressionar o Atl\u00e9tico no in\u00edcio da partida no Independ\u00eancia e at\u00e9 conseguiu alguns escanteios nos primeiros minutos. Mas nada que amea\u00e7asse efetivamente a defesa advers\u00e1ria.<\/p>\n<p>E o Atl\u00e9tico abriu o placar da decis\u00e3o em uma jogada que contou com a participa\u00e7\u00e3o dos dois principais jogadores do seu ataque, ainda que fazendo uma &#8220;troca de fun\u00e7\u00f5es&#8221;. Aos 12 minutos, Robinho recebeu passe na intermedi\u00e1ria, passou por Hudson e acionou Fred na ponta direita. O centroavante fez cruzamento rasteiro na segunda trave para Robinho, que s\u00f3 precisou completar \u00e0s redes.<\/p>\n<p>A partir do gol, o predom\u00ednio na partida foi do Atl\u00e9tico. O Cruzeiro at\u00e9 tinha o controle da posse de bola, mas enfrentava dificuldades na transi\u00e7\u00e3o ofensiva e n\u00e3o encontrava espa\u00e7os na defesa advers\u00e1ria. Assim, n\u00e3o conseguia nem finalizar ao gol atleticano.<\/p>\n<p>Enquanto isso, a equipe da casa era muito perigosa nos contra-ataques. No principal deles, aos 32 minutos, Robinho passou pelo seu marcador e rolou para Fred, que bateu de primeira, com a bola subindo demais.<\/p>\n<p>O Atl\u00e9tico ainda teve um gol de Robinho anulado por impedimento e chegou com perigo em um chute de fora da \u00e1rea de Elias ap\u00f3s roubada de bola na intermedi\u00e1ria, em uma jogada que exemplificou a maior pegada do time. O Cruzeiro s\u00f3 conseguiu ser efetivo no ataque nos acr\u00e9scimos da etapa inicial, quando Rafael Sobis pegou sobre de uma divida e finalizou forte, mas sem muita dire\u00e7\u00e3o.<\/p>\n<p>O Cruzeiro voltou do intervalo com uma novidade: Ram\u00f3n \u00c1bila. O atacante argentino entrou na vaga de Hudson, com Mano Menezes tornando a sua equipe mais ofensiva. E foi exatamente o centroavante que empatou a decis\u00e3o. Aos sete minutos, Rafinha avan\u00e7ou pela direita e cruzou para o argentino, que dominou a bola no peito e finalizou com um voleio, marcando um belo gol e empatando a decis\u00e3o.<\/p>\n<p>O gol e os minutos seguintes da partida mostraram uma mudan\u00e7a no controle do jogo, assumido pelo Cruzeiro. O Atl\u00e9tico apresentava dificuldades para marcar o novo posicionamento do ataque advers\u00e1rio, que quase conseguiu a virada aos 12 minutos, ap\u00f3s um cruzamento de Arrascaeta. Thiago Neves, de peixinho, concluiu para fora.<\/p>\n<p>Preocupado, Roger promoveu mudan\u00e7as no Atl\u00e9tico, com as entradas de Maicosuel e Cazares. E foi o equatoriano, que entrou em campo el\u00e9trico, quem mudou o rumo da decis\u00e3o mineira. Aos 24 minutos, Marcos Rocha roubou bola na intermedi\u00e1ria e acionou Elias na entrada da grande \u00e1rea, no lado direito. O volante fuzilou Rafael e recolocou o Atl\u00e9tico em vantagem e com a m\u00e3o na ta\u00e7a.<\/p>\n<p>O Cruzeiro n\u00e3o deixou de lutar, mas j\u00e1 n\u00e3o conseguia ser t\u00e3o incisivo no ataque, tanto que foi o Atl\u00e9tico quem quase marcou novamente, aos 37 minutos, em um chute rasteiro de F\u00e1bio Santos, do lado esquerdo da grande \u00e1rea, que foi para fora.<\/p>\n<p>Nos minutos finais, Rafinha e Adilson foram expulsos ap\u00f3s receberem o segundo cart\u00e3o amarelo em faltas na intermedi\u00e1ria. O clima entre os jogadores esquentou. Al\u00e9m disso, Cazares desperdi\u00e7ou uma chance clara nos acr\u00e9scimos, finalizando por cima da meta advers\u00e1ria. Mas nada que estragasse a conquista do Atl\u00e9tico, o campe\u00e3o mineiro de 2017.<\/p>\n<p><strong>Atl\u00e9tico 2 x 1 Cruzeiro<\/strong><\/p>\n<p>Atl\u00e9tico: Victor; Marcos Rocha, Leonardo Silva, Gabriel e F\u00e1bio Santos; Rafael Carioca, Elias (Danilo), Ad\u00edlson e Otero (Maicosuel) e Robinho (Cazares); Fred. T\u00e9cnico: Roger Machado<\/p>\n<p>Cruzeiro: Rafael; Mayke, Caicedo, L\u00e9o e Diogo Barbosa; Hudson (\u00c1bila), Henrique, Rafinha, Thiago Neves e Arrascaeta (Raniel); Rafael Sobis (Alisson). T\u00e9cnico: Mano Menezes<\/p>\n<p>Motivo: jogo de volta &#8211; final do Campeonato Mineiro<br \/>\nData e hor\u00e1rio: 7 de maio \u00a0de 2017, domingo, \u00e0s 16h<br \/>\nLocal: Independ\u00eancia, em Belo Horizonte (MG)<\/p>\n<p>Gols: Robinho (12\u2019\/1\u00ba), \u00c1bila (7\u2019\/2\u00ba), Elias (24\u2019\/2\u00ba)<\/p>\n<p>Cart\u00e3o Amarelo: Hudson, Rafinha, Henrique (Cruzeiro); Rafael Carioca, Adilson, Elias, Danilo, Gabriel (Atl\u00e9tico)<br \/>\nCart\u00e3o Vermelho: Rafinha (Cruzeiro); Adilson (Atl\u00e9tico)<\/p>\n<p>\u00c1rbitro: Igor J\u00fanio Benevenuto<br \/>\nBandeiras: Pedro Ara\u00fajo Dias Cota e Ricardo J\u00fanio de Souza<br \/>\nAssistentes adicionais: Emerson de Almeida Ferreira e Renato Cardoso Concei\u00e7\u00e3o<\/p>\n<p>P\u00fablico: 22.411<br \/>\nRenda: R$ 1.602.000,00<\/p>\n<p>&nbsp;<\/p>\n<p>Fonte: Itatiaia<\/p>\n","protected":false},"excerpt":{"rendered":"<p>O Atl\u00e9tico \u00e9 o campe\u00e3o mineiro pela 44\u00aa vez na hist\u00f3ria!<\/p>\n","protected":false},"author":2,"featured_media":8703,"comment_status":"closed","ping_status":"open","sticky":false,"template":"","format":"standard","meta":{"advgb_blocks_editor_width":"","advgb_blocks_columns_visual_guide":"","_exactmetrics_skip_tracking":false,"_exactmetrics_sitenote_active":false,"_exactmetrics_sitenote_note":"","_exactmetrics_sitenote_category":0,"footnotes":""},"categories":[3],"tags":[895,923,1585,2843,908,966,1036],"class_list":["post-8702","post","type-post","status-publish","format-standard","has-post-thumbnail","hentry","category-esportes","tag-895","tag-atletico","tag-campeao","tag-campeonato-mineiro","tag-cruzeiro","tag-esporte","tag-futebol"],"better_featured_image":{"id":8703,"alt_text":"","caption":"","description":"","media_type":"image","media_details":{"width":405,"height":272,"file":"2017\/05\/galo-ta\u00e7a.jpg","sizes":{"thumbnail":{"file":"galo-ta\u00e7a-150x101.jpg","width":150,"height":101,"mime-type":"image\/jpeg","source_url":"https:\/\/lavras.tv\/site\/wp-content\/uploads\/2017\/05\/galo-ta\u00e7a-150x101.jpg"},"medium":{"file":"galo-ta\u00e7a-300x201.jpg","width":300,"height":201,"mime-type":"image\/jpeg","source_url":"https:\/\/lavras.tv\/site\/wp-content\/uploads\/2017\/05\/galo-ta\u00e7a-300x201.jpg"},"sow-carousel-default":{"file":"galo-ta\u00e7a-272x182.jpg","width":272,"height":182,"mime-type":"image\/jpeg","source_url":"https:\/\/lavras.tv\/site\/wp-content\/uploads\/2017\/05\/galo-ta\u00e7a-272x182.jpg"}},"image_meta":{"aperture":"0","credit":"","camera":"","caption":"","created_timestamp":"0","copyright":"","focal_length":"0","iso":"0","shutter_speed":"0","title":"","orientation":"0","keywords":[]}},"post":8702,"source_url":"https:\/\/lavras.tv\/site\/wp-content\/uploads\/2017\/05\/galo-ta\u00e7a.jpg"},"author_meta":{"display_name":"Lavras TV","author_link":"https:\/\/lavras.tv\/site\/author\/lavrastv\/"},"featured_img":"https:\/\/lavras.tv\/site\/wp-content\/uploads\/2017\/05\/galo-ta\u00e7a-300x201.jpg","coauthors":[],"tax_additional":{"categories":{"linked":["<a href=\"https:\/\/lavras.tv\/site\/category\/esportes\/\" class=\"advgb-post-tax-term\">Esportes<\/a>"],"unlinked":["<span class=\"advgb-post-tax-term\">Esportes<\/span>"]},"tags":{"linked":["<a href=\"https:\/\/lavras.tv\/site\/category\/esportes\/\" class=\"advgb-post-tax-term\">2017<\/a>","<a href=\"https:\/\/lavras.tv\/site\/category\/esportes\/\" class=\"advgb-post-tax-term\">atl\u00e9tico<\/a>","<a href=\"https:\/\/lavras.tv\/site\/category\/esportes\/\" class=\"advgb-post-tax-term\">campe\u00e3o<\/a>","<a href=\"https:\/\/lavras.tv\/site\/category\/esportes\/\" class=\"advgb-post-tax-term\">campeonato mineiro<\/a>","<a href=\"https:\/\/lavras.tv\/site\/category\/esportes\/\" class=\"advgb-post-tax-term\">cruzeiro<\/a>","<a href=\"https:\/\/lavras.tv\/site\/category\/esportes\/\" class=\"advgb-post-tax-term\">esporte<\/a>","<a href=\"https:\/\/lavras.tv\/site\/category\/esportes\/\" class=\"advgb-post-tax-term\">futebol<\/a>"],"unlinked":["<span class=\"advgb-post-tax-term\">2017<\/span>","<span class=\"advgb-post-tax-term\">atl\u00e9tico<\/span>","<span class=\"advgb-post-tax-term\">campe\u00e3o<\/span>","<span class=\"advgb-post-tax-term\">campeonato mineiro<\/span>","<span class=\"advgb-post-tax-term\">cruzeiro<\/span>","<span class=\"advgb-post-tax-term\">esporte<\/span>","<span class=\"advgb-post-tax-term\">futebol<\/span>"]}},"comment_count":"0","relative_dates":{"created":"Publicado 9 anos atr\u00e1s","modified":"Atualizado 9 anos atr\u00e1s"},"absolute_dates":{"created":"Publicado em 8 de maio de 2017","modified":"Atualizado em 8 de maio de 2017"},"absolute_dates_time":{"created":"Publicado em 8 de maio de 2017 09:18","modified":"Atualizado em 8 de maio de 2017 09:18"},"featured_img_caption":"","series_order":"","_links":{"self":[{"href":"https:\/\/lavras.tv\/site\/wp-json\/wp\/v2\/posts\/8702","targetHints":{"allow":["GET"]}}],"collection":[{"href":"https:\/\/lavras.tv\/site\/wp-json\/wp\/v2\/posts"}],"about":[{"href":"https:\/\/lavras.tv\/site\/wp-json\/wp\/v2\/types\/post"}],"author":[{"embeddable":true,"href":"https:\/\/lavras.tv\/site\/wp-json\/wp\/v2\/users\/2"}],"replies":[{"embeddable":true,"href":"https:\/\/lavras.tv\/site\/wp-json\/wp\/v2\/comments?post=8702"}],"version-history":[{"count":1,"href":"https:\/\/lavras.tv\/site\/wp-json\/wp\/v2\/posts\/8702\/revisions"}],"predecessor-version":[{"id":8704,"href":"https:\/\/lavras.tv\/site\/wp-json\/wp\/v2\/posts\/8702\/revisions\/8704"}],"wp:featuredmedia":[{"embeddable":true,"href":"https:\/\/lavras.tv\/site\/wp-json\/wp\/v2\/media\/8703"}],"wp:attachment":[{"href":"https:\/\/lavras.tv\/site\/wp-json\/wp\/v2\/media?parent=8702"}],"wp:term":[{"taxonomy":"category","embeddable":true,"href":"https:\/\/lavras.tv\/site\/wp-json\/wp\/v2\/categories?post=8702"},{"taxonomy":"post_tag","embeddable":true,"href":"https:\/\/lavras.tv\/site\/wp-json\/wp\/v2\/tags?post=8702"}],"curies":[{"name":"wp","href":"https:\/\/api.w.org\/{rel}","templated":true}]}}