{"id":8762,"date":"2017-05-10T09:21:19","date_gmt":"2017-05-10T12:21:19","guid":{"rendered":"http:\/\/lavras.tv\/site\/?p=8762"},"modified":"2017-05-10T09:21:19","modified_gmt":"2017-05-10T12:21:19","slug":"governo-prepara-acoes-nas-midias-sociais-para-tentar-diminuir-rejeicao-de-michel-temer","status":"publish","type":"post","link":"https:\/\/lavras.tv\/site\/2017\/05\/10\/governo-prepara-acoes-nas-midias-sociais-para-tentar-diminuir-rejeicao-de-michel-temer\/","title":{"rendered":"Governo prepara a\u00e7\u00f5es nas m\u00eddias sociais para tentar diminuir rejei\u00e7\u00e3o de Michel Temer"},"content":{"rendered":"<div class=\"lavra-antes-do-conteudo_2\" id=\"lavra-2220950486\"><div id=\"lavra-slider-27\" class=\"custom-slider lavra-slider-3035099193 lavra-slider\"><ul><li><div style=\"margin-left: auto;margin-right: auto;text-align: center;\" id=\"lavra-1050185615\"><a href=\"https:\/\/sistemas.lavras.mg.gov.br\/portalcidadao\/#df1b1a7c7b2a290bcb31e32771e610784662739a88807c0dacac58ede5f391a7530e299dc302d611ee73cb143fc22eaf93592e53e7b5bdb01b00a0b8d28dae460c141dd2ff83412e4dc1c31b16b25f33144a9e5620ea73b13f5bc1c59411d98439ad226e8af03840603796067d87afe130812cf3de24982d0e306f9e61e764e5\" aria-label=\"Lavras-TV&#8211;720x104px (1) (1)\"><img src=\"https:\/\/lavras.tv\/site\/wp-content\/uploads\/2025\/01\/Lavras-TV-720x104px-1-1.png\" alt=\"\"  srcset=\"https:\/\/lavras.tv\/site\/wp-content\/uploads\/2025\/01\/Lavras-TV-720x104px-1-1.png 720w, https:\/\/lavras.tv\/site\/wp-content\/uploads\/2025\/01\/Lavras-TV-720x104px-1-1-470x68.png 470w, https:\/\/lavras.tv\/site\/wp-content\/uploads\/2025\/01\/Lavras-TV-720x104px-1-1-170x25.png 170w, https:\/\/lavras.tv\/site\/wp-content\/uploads\/2025\/01\/Lavras-TV-720x104px-1-1-200x29.png 200w\" sizes=\"(max-width: 720px) 100vw, 720px\" width=\"720\" height=\"104\"  style=\"display: inline-block;\" \/><\/a><\/div><\/li><li><a href=\"https:\/\/sistemas.lavras.mg.gov.br\/portalcidadao\/#df1b1a7c7b2a290bcb31e32771e610784662739a88807c0dacac58ede5f391a7530e299dc302d611ee73cb143fc22eaf93592e53e7b5bdb01b00a0b8d28dae460c141dd2ff83412e4dc1c31b16b25f33144a9e5620ea73b13f5bc1c59411d98439ad226e8af03840603796067d87afe130812cf3de24982d0e306f9e61e764e5\" aria-label=\"Banner_Emprego_PortallavrasTV\"><img src=\"https:\/\/lavras.tv\/site\/wp-content\/uploads\/2025\/03\/Banner_Emprego_PortallavrasTV.png\" alt=\"\"  srcset=\"https:\/\/lavras.tv\/site\/wp-content\/uploads\/2025\/03\/Banner_Emprego_PortallavrasTV.png 720w, https:\/\/lavras.tv\/site\/wp-content\/uploads\/2025\/03\/Banner_Emprego_PortallavrasTV-470x68.png 470w, https:\/\/lavras.tv\/site\/wp-content\/uploads\/2025\/03\/Banner_Emprego_PortallavrasTV-170x25.png 170w, https:\/\/lavras.tv\/site\/wp-content\/uploads\/2025\/03\/Banner_Emprego_PortallavrasTV-200x29.png 200w\" sizes=\"(max-width: 720px) 100vw, 720px\" width=\"720\" height=\"104\"   \/><\/a><\/li><li><a href=\"https:\/\/sistemas.lavras.mg.gov.br\/portalcidadao\/#df1b1a7c7b2a290bcb31e32771e610784662739a88807c0dacac58ede5f391a7530e299dc302d611ee73cb143fc22eaf93592e53e7b5bdb01b00a0b8d28dae460c141dd2ff83412e4dc1c31b16b25f33144a9e5620ea73b13f5bc1c59411d98439ad226e8af03840603796067d87afe130812cf3de24982d0e306f9e61e764e5\" aria-label=\"Banner_Obras_PortallavrasTV\"><img src=\"https:\/\/lavras.tv\/site\/wp-content\/uploads\/2025\/03\/Banner_Obras_PortallavrasTV.png\" alt=\"\"  srcset=\"https:\/\/lavras.tv\/site\/wp-content\/uploads\/2025\/03\/Banner_Obras_PortallavrasTV.png 720w, https:\/\/lavras.tv\/site\/wp-content\/uploads\/2025\/03\/Banner_Obras_PortallavrasTV-470x68.png 470w, https:\/\/lavras.tv\/site\/wp-content\/uploads\/2025\/03\/Banner_Obras_PortallavrasTV-170x25.png 170w, https:\/\/lavras.tv\/site\/wp-content\/uploads\/2025\/03\/Banner_Obras_PortallavrasTV-200x29.png 200w\" sizes=\"(max-width: 720px) 100vw, 720px\" width=\"720\" height=\"104\"   \/><\/a><\/li><li><div style=\"margin-left: auto;margin-right: auto;text-align: center;\" id=\"lavra-2258168833\"><a href=\"https:\/\/sistemas.lavras.mg.gov.br\/portalcidadao\/#df1b1a7c7b2a290bcb31e32771e610784662739a88807c0dacac58ede5f391a7530e299dc302d611ee73cb143fc22eaf93592e53e7b5bdb01b00a0b8d28dae460c141dd2ff83412e4dc1c31b16b25f33144a9e5620ea73b13f5bc1c59411d98439ad226e8af03840603796067d87afe130812cf3de24982d0e306f9e61e764e5\" aria-label=\"Banner_Educa\u00e7\u00e3o_PortallavrasTV\"><img src=\"https:\/\/lavras.tv\/site\/wp-content\/uploads\/2025\/01\/Banner_Educacao_PortallavrasTV.png\" alt=\"\"  srcset=\"https:\/\/lavras.tv\/site\/wp-content\/uploads\/2025\/01\/Banner_Educacao_PortallavrasTV.png 720w, https:\/\/lavras.tv\/site\/wp-content\/uploads\/2025\/01\/Banner_Educacao_PortallavrasTV-470x68.png 470w, https:\/\/lavras.tv\/site\/wp-content\/uploads\/2025\/01\/Banner_Educacao_PortallavrasTV-170x25.png 170w, https:\/\/lavras.tv\/site\/wp-content\/uploads\/2025\/01\/Banner_Educacao_PortallavrasTV-200x29.png 200w\" sizes=\"(max-width: 720px) 100vw, 720px\" width=\"720\" height=\"104\"  style=\"display: inline-block;\" \/><\/a><\/div><\/li><li><a href=\"https:\/\/sistemas.lavras.mg.gov.br\/portalcidadao\/#df1b1a7c7b2a290bcb31e32771e610784662739a88807c0dacac58ede5f391a7530e299dc302d611ee73cb143fc22eaf93592e53e7b5bdb01b00a0b8d28dae460c141dd2ff83412e4dc1c31b16b25f33144a9e5620ea73b13f5bc1c59411d98439ad226e8af03840603796067d87afe130812cf3de24982d0e306f9e61e764e5\" aria-label=\"Banner_Sa\u00fade_PortallavrasTV\"><img src=\"https:\/\/lavras.tv\/site\/wp-content\/uploads\/2025\/03\/Banner_Saude_PortallavrasTV.png\" alt=\"\"  srcset=\"https:\/\/lavras.tv\/site\/wp-content\/uploads\/2025\/03\/Banner_Saude_PortallavrasTV.png 720w, https:\/\/lavras.tv\/site\/wp-content\/uploads\/2025\/03\/Banner_Saude_PortallavrasTV-470x68.png 470w, https:\/\/lavras.tv\/site\/wp-content\/uploads\/2025\/03\/Banner_Saude_PortallavrasTV-170x25.png 170w, https:\/\/lavras.tv\/site\/wp-content\/uploads\/2025\/03\/Banner_Saude_PortallavrasTV-200x29.png 200w\" sizes=\"(max-width: 720px) 100vw, 720px\" width=\"720\" height=\"104\"   \/><\/a><\/li><li><div id=\"lavra-32141418\" style=\"width:720px;height:104px;background-color:#ddd;overflow:scroll;\">\n\t<strong>Sa\u00edda da depura\u00e7\u00e3o de an\u00fancios<\/strong>\n\t<br><br>\n\tO an\u00fancio n\u00e3o \u00e9 exibido na p\u00e1gina<br><br>post atual: Governo prepara a\u00e7\u00f5es nas m\u00eddias sociais para tentar diminuir rejei\u00e7\u00e3o de Michel Temer, ID: 8762<br><br><span style=\"color: red;\">O post atual n\u00e3o \u00e9 id\u00eantico ao post principal.<\/span><br><br>An\u00fancios: ROXO - TOPO INTERNA - ROTATIVO 2 (197)<br \/>Grupo de an\u00fancios: Princ_Meio01_720x104 (27)<br><br>Condi\u00e7\u00f5es de exibi\u00e7\u00e3o<div style=\"margin-bottom: 20px; white-space: pre-wrap; font-family: monospace; width: 100%; background: #ffe9e9;\"><strong>condi\u00e7\u00f5es gerais<\/strong><table border=\"1\"><thead><tr><th><\/th><th>An\u00fancios<\/th><th>wp_the_query<\/th><\/tr><\/thead><tr><td>is_main_query<\/td><td>1<\/td><td>1<\/td><\/tr><tr><td>is_rest_api<\/td><td>0<\/td><td>1<\/td><\/tr><tr><td>page<\/td><td>0<\/td><td>1<\/td><\/tr><tr><td>numpages<\/td><td>0<\/td><td>1<\/td><\/tr><tr><td>is_archive<\/td><td>1<\/td><td><\/td><\/tr><tr><td>is_search<\/td><td>1<\/td><td><\/td><\/tr><tr><td>is_home<\/td><td>1<\/td><td><\/td><\/tr><tr><td>is_404<\/td><td>1<\/td><td><\/td><\/tr><tr><td>is_attachment<\/td><td>1<\/td><td><\/td><\/tr><tr><td>is_singular<\/td><td>1<\/td><td><\/td><\/tr><tr><td>is_front_page<\/td><td>1<\/td><td><\/td><\/tr><tr><td>is_feed<\/td><td>1<\/td><td><\/td><\/tr><\/table><\/div><br><br><span style=\"color: red;\">Seu site usa HTTPS, mas o c\u00f3digo do an\u00fancio cont\u00e9m HTTP e pode n\u00e3o funcionar.<\/span>\t<br><br>\n\t<a style=\"color: green;\" href=\"https:\/\/wpadvancedads.com\/manual\/ad-debug-mode\/?utm_source=advanced-ads&utm_medium=link&utm_campaign=ad-debug-mode\" target=\"_blank\" rel=\"nofollow\">Encontre solu\u00e7\u00f5es no manual<\/a>\n<\/div>\n<\/li><\/ul><\/div><script>( window.advanced_ads_ready || jQuery( document ).ready ).call( null, function() {var $lavraslider3035099193 = jQuery( \".lavra-slider-3035099193\" );$lavraslider3035099193.on( \"unslider.ready\", function() { jQuery( \"div.custom-slider ul li\" ).css( \"display\", \"block\" ); });$lavraslider3035099193.unslider({ delay:4000, autoplay:true, nav:false, arrows:false, infinite:true });$lavraslider3035099193.on(\"mouseover\", function() {$lavraslider3035099193.unslider(\"stop\");}).on(\"mouseout\", function() {$lavraslider3035099193.unslider(\"start\");});});<\/script><\/div><p>O Pal\u00e1cio do Planalto prepara uma s\u00e9rie de a\u00e7\u00f5es de comunica\u00e7\u00e3o para sexta-feira, 12, incluindo o lan\u00e7amento de uma estrat\u00e9gia digital com foco nas redes sociais, para marcar o primeiro ano do governo Michel Temer e tentar diminuir a rejei\u00e7\u00e3o do presidente. <!--more-->Al\u00e9m disso, Temer vai comandar uma reuni\u00e3o ministerial em que todos os titulares das pastas dever\u00e3o apresentar um balan\u00e7o de suas a\u00e7\u00f5es.<\/p>\n<p><img fetchpriority=\"high\" decoding=\"async\" class=\"alignnone size-full wp-image-5352 aligncenter\" src=\"http:\/\/lavras.tv\/site\/wp-content\/uploads\/2017\/01\/temer.jpg\" alt=\"temer\" width=\"1200\" height=\"753\" srcset=\"https:\/\/lavras.tv\/site\/wp-content\/uploads\/2017\/01\/temer.jpg 1200w, https:\/\/lavras.tv\/site\/wp-content\/uploads\/2017\/01\/temer-150x94.jpg 150w, https:\/\/lavras.tv\/site\/wp-content\/uploads\/2017\/01\/temer-300x188.jpg 300w, https:\/\/lavras.tv\/site\/wp-content\/uploads\/2017\/01\/temer-1024x643.jpg 1024w\" sizes=\"(max-width: 1200px) 100vw, 1200px\" \/><\/p>\n<p>Ser\u00e3o quatro novos canais digitais, com foco, segundo interlocutores do presidente, em comunica\u00e7\u00e3o mais &#8220;direta, eficiente e segmentada&#8221;. A distribui\u00e7\u00e3o ser\u00e1 feita prioritariamente via Facebook e Twitter.<\/p>\n<p>Um deles ser\u00e1 focado na rotina do Planalto, com divulga\u00e7\u00e3o de agendas do presidente e v\u00eddeos de ministros. Outro ter\u00e1 como foco a economia &#8211; a ideia \u00e9 destacar o que o governo considera como &#8220;boas not\u00edcias&#8221; da \u00e1rea. Haver\u00e1 ainda um terceiro com foco nas a\u00e7\u00f5es pol\u00edticas e o \u00faltimo ser\u00e1 concentrado em servi\u00e7os. Uma equipe foi contratada para a produ\u00e7\u00e3o de conte\u00fado e o setor de comunica\u00e7\u00e3o foi refor\u00e7ado.<\/p>\n<p>Al\u00e9m de Facebook e Twitter, o Planalto avalia ainda a utiliza\u00e7\u00e3o de outras redes, como Instagram e LinkedIn. Junto com as plataformas ser\u00e1 lan\u00e7ado um v\u00eddeo com a mensagem de que &#8220;o pa\u00eds do futuro precisa ser constru\u00eddo agora&#8221;.<\/p>\n<p><strong>Reuni\u00e3o aberta<\/strong><\/p>\n<p>A marca de um ano de governo Temer vai ser exaltada pelo Planalto, que pediu que pastas e \u00e1reas internas fizessem um balan\u00e7o de suas a\u00e7\u00f5es para divulga\u00e7\u00e3o. Na sexta-feira, \u00e0s 10h, Temer comandar\u00e1 uma reuni\u00e3o ministerial e ter\u00e1 sua fala aberta \u00e0 imprensa.<\/p>\n<p>Diferentemente do que fez no 1\u00ba de Maio, quando optou por gravar uma mensagem apenas para as redes sociais, o presidente agora avalia convocar rede nacional de cadeia de r\u00e1dio e TV para a mensagem. Segundo interlocutores, o pronunciamento traria uma esp\u00e9cie de &#8220;linha do tempo&#8221;, mostrando a agenda de trabalho do peemedebista e destacando o que o governo considera como &#8220;vit\u00f3rias e avan\u00e7os&#8221;.<\/p>\n<p>As reformas que o governo est\u00e1 tentando implementar estar\u00e3o presentes na pe\u00e7a. Na mensagem, segundo auxiliares, Temer deve tamb\u00e9m refor\u00e7ar que seu governo, &#8220;depois das reformas, ser\u00e1 respons\u00e1vel pela travessia&#8221; da crise econ\u00f4mica para a recupera\u00e7\u00e3o.<\/p>\n<p>&nbsp;<\/p>\n<p>Fonte: Itatiaia<\/p>\n","protected":false},"excerpt":{"rendered":"<p>O Pal\u00e1cio do Planalto prepara uma s\u00e9rie de a\u00e7\u00f5es de comunica\u00e7\u00e3o para sexta-feira, 12, incluindo o lan\u00e7amento de uma estrat\u00e9gia digital com foco nas redes sociais, para marcar o primeiro ano do governo Michel Temer e tentar diminuir a rejei\u00e7\u00e3o do presidente.<\/p>\n","protected":false},"author":2,"featured_media":5352,"comment_status":"closed","ping_status":"open","sticky":false,"template":"","format":"standard","meta":{"advgb_blocks_editor_width":"","advgb_blocks_columns_visual_guide":"","_exactmetrics_skip_tracking":false,"_exactmetrics_sitenote_active":false,"_exactmetrics_sitenote_note":"","_exactmetrics_sitenote_category":0,"footnotes":""},"categories":[12],"tags":[1540,2113,3343,1933],"class_list":["post-8762","post","type-post","status-publish","format-standard","has-post-thumbnail","hentry","category-politica","tag-governo-federal","tag-presidente","tag-redes-sociais","tag-temer"],"better_featured_image":{"id":5352,"alt_text":"","caption":"","description":"","media_type":"image","media_details":{"width":1200,"height":753,"file":"2017\/01\/temer.jpg","sizes":{"thumbnail":{"file":"temer-150x94.jpg","width":150,"height":94,"mime-type":"image\/jpeg","source_url":"https:\/\/lavras.tv\/site\/wp-content\/uploads\/2017\/01\/temer-150x94.jpg"},"medium":{"file":"temer-300x188.jpg","width":300,"height":188,"mime-type":"image\/jpeg","source_url":"https:\/\/lavras.tv\/site\/wp-content\/uploads\/2017\/01\/temer-300x188.jpg"},"large":{"file":"temer-1024x643.jpg","width":1024,"height":643,"mime-type":"image\/jpeg","source_url":"https:\/\/lavras.tv\/site\/wp-content\/uploads\/2017\/01\/temer-1024x643.jpg"},"featured-slider-img":{"file":"temer-640x480.jpg","width":640,"height":480,"mime-type":"image\/jpeg","source_url":"https:\/\/lavras.tv\/site\/wp-content\/uploads\/2017\/01\/temer-640x480.jpg"},"featured-post-img":{"file":"temer-480x320.jpg","width":480,"height":320,"mime-type":"image\/jpeg","source_url":"https:\/\/lavras.tv\/site\/wp-content\/uploads\/2017\/01\/temer-480x320.jpg"},"sow-carousel-default":{"file":"temer-272x182.jpg","width":272,"height":182,"mime-type":"image\/jpeg","source_url":"https:\/\/lavras.tv\/site\/wp-content\/uploads\/2017\/01\/temer-272x182.jpg"}},"image_meta":{"aperture":"0","credit":"","camera":"","caption":"","created_timestamp":"0","copyright":"","focal_length":"0","iso":"0","shutter_speed":"0","title":"","orientation":"0","keywords":[]}},"post":5351,"source_url":"https:\/\/lavras.tv\/site\/wp-content\/uploads\/2017\/01\/temer.jpg"},"author_meta":{"display_name":"Lavras TV","author_link":"https:\/\/lavras.tv\/site\/author\/lavrastv\/"},"featured_img":"https:\/\/lavras.tv\/site\/wp-content\/uploads\/2017\/01\/temer-300x188.jpg","coauthors":[],"tax_additional":{"categories":{"linked":["<a href=\"https:\/\/lavras.tv\/site\/category\/politica\/\" class=\"advgb-post-tax-term\">Pol\u00edtica<\/a>"],"unlinked":["<span class=\"advgb-post-tax-term\">Pol\u00edtica<\/span>"]},"tags":{"linked":["<a href=\"https:\/\/lavras.tv\/site\/category\/politica\/\" class=\"advgb-post-tax-term\">governo federal<\/a>","<a href=\"https:\/\/lavras.tv\/site\/category\/politica\/\" class=\"advgb-post-tax-term\">presidente<\/a>","<a href=\"https:\/\/lavras.tv\/site\/category\/politica\/\" class=\"advgb-post-tax-term\">redes sociais<\/a>","<a href=\"https:\/\/lavras.tv\/site\/category\/politica\/\" class=\"advgb-post-tax-term\">Temer<\/a>"],"unlinked":["<span class=\"advgb-post-tax-term\">governo federal<\/span>","<span class=\"advgb-post-tax-term\">presidente<\/span>","<span class=\"advgb-post-tax-term\">redes sociais<\/span>","<span class=\"advgb-post-tax-term\">Temer<\/span>"]}},"comment_count":"0","relative_dates":{"created":"Publicado 9 anos atr\u00e1s","modified":"Atualizado 9 anos atr\u00e1s"},"absolute_dates":{"created":"Publicado em 10 de maio de 2017","modified":"Atualizado em 10 de maio de 2017"},"absolute_dates_time":{"created":"Publicado em 10 de maio de 2017 09:21","modified":"Atualizado em 10 de maio de 2017 09:21"},"featured_img_caption":"","series_order":"","_links":{"self":[{"href":"https:\/\/lavras.tv\/site\/wp-json\/wp\/v2\/posts\/8762","targetHints":{"allow":["GET"]}}],"collection":[{"href":"https:\/\/lavras.tv\/site\/wp-json\/wp\/v2\/posts"}],"about":[{"href":"https:\/\/lavras.tv\/site\/wp-json\/wp\/v2\/types\/post"}],"author":[{"embeddable":true,"href":"https:\/\/lavras.tv\/site\/wp-json\/wp\/v2\/users\/2"}],"replies":[{"embeddable":true,"href":"https:\/\/lavras.tv\/site\/wp-json\/wp\/v2\/comments?post=8762"}],"version-history":[{"count":1,"href":"https:\/\/lavras.tv\/site\/wp-json\/wp\/v2\/posts\/8762\/revisions"}],"predecessor-version":[{"id":8763,"href":"https:\/\/lavras.tv\/site\/wp-json\/wp\/v2\/posts\/8762\/revisions\/8763"}],"wp:featuredmedia":[{"embeddable":true,"href":"https:\/\/lavras.tv\/site\/wp-json\/wp\/v2\/media\/5352"}],"wp:attachment":[{"href":"https:\/\/lavras.tv\/site\/wp-json\/wp\/v2\/media?parent=8762"}],"wp:term":[{"taxonomy":"category","embeddable":true,"href":"https:\/\/lavras.tv\/site\/wp-json\/wp\/v2\/categories?post=8762"},{"taxonomy":"post_tag","embeddable":true,"href":"https:\/\/lavras.tv\/site\/wp-json\/wp\/v2\/tags?post=8762"}],"curies":[{"name":"wp","href":"https:\/\/api.w.org\/{rel}","templated":true}]}}