{"id":887,"date":"2016-07-15T13:39:56","date_gmt":"2016-07-15T13:39:56","guid":{"rendered":"http:\/\/lavras.tv\/site\/?p=887"},"modified":"2016-07-15T13:39:56","modified_gmt":"2016-07-15T13:39:56","slug":"veja-a-lista-de-onde-vai-ter-vacinacao-contra-a-raiva","status":"publish","type":"post","link":"https:\/\/lavras.tv\/site\/2016\/07\/15\/veja-a-lista-de-onde-vai-ter-vacinacao-contra-a-raiva\/","title":{"rendered":"Veja a lista de onde vai ter vacina\u00e7\u00e3o contra a raiva"},"content":{"rendered":"<div class=\"lavra-antes-do-conteudo_2\" id=\"lavra-3280154818\"><div id=\"lavra-slider-27\" class=\"custom-slider lavra-slider-2253970632 lavra-slider\"><ul><li><div style=\"margin-left: auto;margin-right: auto;text-align: center;\" id=\"lavra-2211042624\"><a href=\"https:\/\/sistemas.lavras.mg.gov.br\/portalcidadao\/#df1b1a7c7b2a290bcb31e32771e610784662739a88807c0dacac58ede5f391a7530e299dc302d611ee73cb143fc22eaf93592e53e7b5bdb01b00a0b8d28dae460c141dd2ff83412e4dc1c31b16b25f33144a9e5620ea73b13f5bc1c59411d98439ad226e8af03840603796067d87afe130812cf3de24982d0e306f9e61e764e5\" aria-label=\"Lavras-TV&#8211;720x104px (1) (1)\"><img src=\"https:\/\/lavras.tv\/site\/wp-content\/uploads\/2025\/01\/Lavras-TV-720x104px-1-1.png\" alt=\"\"  srcset=\"https:\/\/lavras.tv\/site\/wp-content\/uploads\/2025\/01\/Lavras-TV-720x104px-1-1.png 720w, https:\/\/lavras.tv\/site\/wp-content\/uploads\/2025\/01\/Lavras-TV-720x104px-1-1-470x68.png 470w, https:\/\/lavras.tv\/site\/wp-content\/uploads\/2025\/01\/Lavras-TV-720x104px-1-1-170x25.png 170w, https:\/\/lavras.tv\/site\/wp-content\/uploads\/2025\/01\/Lavras-TV-720x104px-1-1-200x29.png 200w\" sizes=\"(max-width: 720px) 100vw, 720px\" width=\"720\" height=\"104\"  style=\"display: inline-block;\" \/><\/a><\/div><\/li><li><a href=\"https:\/\/sistemas.lavras.mg.gov.br\/portalcidadao\/#df1b1a7c7b2a290bcb31e32771e610784662739a88807c0dacac58ede5f391a7530e299dc302d611ee73cb143fc22eaf93592e53e7b5bdb01b00a0b8d28dae460c141dd2ff83412e4dc1c31b16b25f33144a9e5620ea73b13f5bc1c59411d98439ad226e8af03840603796067d87afe130812cf3de24982d0e306f9e61e764e5\" aria-label=\"Banner_Emprego_PortallavrasTV\"><img src=\"https:\/\/lavras.tv\/site\/wp-content\/uploads\/2025\/03\/Banner_Emprego_PortallavrasTV.png\" alt=\"\"  srcset=\"https:\/\/lavras.tv\/site\/wp-content\/uploads\/2025\/03\/Banner_Emprego_PortallavrasTV.png 720w, https:\/\/lavras.tv\/site\/wp-content\/uploads\/2025\/03\/Banner_Emprego_PortallavrasTV-470x68.png 470w, https:\/\/lavras.tv\/site\/wp-content\/uploads\/2025\/03\/Banner_Emprego_PortallavrasTV-170x25.png 170w, https:\/\/lavras.tv\/site\/wp-content\/uploads\/2025\/03\/Banner_Emprego_PortallavrasTV-200x29.png 200w\" sizes=\"(max-width: 720px) 100vw, 720px\" width=\"720\" height=\"104\"   \/><\/a><\/li><li><a href=\"https:\/\/sistemas.lavras.mg.gov.br\/portalcidadao\/#df1b1a7c7b2a290bcb31e32771e610784662739a88807c0dacac58ede5f391a7530e299dc302d611ee73cb143fc22eaf93592e53e7b5bdb01b00a0b8d28dae460c141dd2ff83412e4dc1c31b16b25f33144a9e5620ea73b13f5bc1c59411d98439ad226e8af03840603796067d87afe130812cf3de24982d0e306f9e61e764e5\" aria-label=\"Banner_Obras_PortallavrasTV\"><img src=\"https:\/\/lavras.tv\/site\/wp-content\/uploads\/2025\/03\/Banner_Obras_PortallavrasTV.png\" alt=\"\"  srcset=\"https:\/\/lavras.tv\/site\/wp-content\/uploads\/2025\/03\/Banner_Obras_PortallavrasTV.png 720w, https:\/\/lavras.tv\/site\/wp-content\/uploads\/2025\/03\/Banner_Obras_PortallavrasTV-470x68.png 470w, https:\/\/lavras.tv\/site\/wp-content\/uploads\/2025\/03\/Banner_Obras_PortallavrasTV-170x25.png 170w, https:\/\/lavras.tv\/site\/wp-content\/uploads\/2025\/03\/Banner_Obras_PortallavrasTV-200x29.png 200w\" sizes=\"(max-width: 720px) 100vw, 720px\" width=\"720\" height=\"104\"   \/><\/a><\/li><li><div style=\"margin-left: auto;margin-right: auto;text-align: center;\" id=\"lavra-1178743395\"><a href=\"https:\/\/sistemas.lavras.mg.gov.br\/portalcidadao\/#df1b1a7c7b2a290bcb31e32771e610784662739a88807c0dacac58ede5f391a7530e299dc302d611ee73cb143fc22eaf93592e53e7b5bdb01b00a0b8d28dae460c141dd2ff83412e4dc1c31b16b25f33144a9e5620ea73b13f5bc1c59411d98439ad226e8af03840603796067d87afe130812cf3de24982d0e306f9e61e764e5\" aria-label=\"Banner_Educa\u00e7\u00e3o_PortallavrasTV\"><img src=\"https:\/\/lavras.tv\/site\/wp-content\/uploads\/2025\/01\/Banner_Educacao_PortallavrasTV.png\" alt=\"\"  srcset=\"https:\/\/lavras.tv\/site\/wp-content\/uploads\/2025\/01\/Banner_Educacao_PortallavrasTV.png 720w, https:\/\/lavras.tv\/site\/wp-content\/uploads\/2025\/01\/Banner_Educacao_PortallavrasTV-470x68.png 470w, https:\/\/lavras.tv\/site\/wp-content\/uploads\/2025\/01\/Banner_Educacao_PortallavrasTV-170x25.png 170w, https:\/\/lavras.tv\/site\/wp-content\/uploads\/2025\/01\/Banner_Educacao_PortallavrasTV-200x29.png 200w\" sizes=\"(max-width: 720px) 100vw, 720px\" width=\"720\" height=\"104\"  style=\"display: inline-block;\" \/><\/a><\/div><\/li><li><a href=\"https:\/\/sistemas.lavras.mg.gov.br\/portalcidadao\/#df1b1a7c7b2a290bcb31e32771e610784662739a88807c0dacac58ede5f391a7530e299dc302d611ee73cb143fc22eaf93592e53e7b5bdb01b00a0b8d28dae460c141dd2ff83412e4dc1c31b16b25f33144a9e5620ea73b13f5bc1c59411d98439ad226e8af03840603796067d87afe130812cf3de24982d0e306f9e61e764e5\" aria-label=\"Banner_Sa\u00fade_PortallavrasTV\"><img src=\"https:\/\/lavras.tv\/site\/wp-content\/uploads\/2025\/03\/Banner_Saude_PortallavrasTV.png\" alt=\"\"  srcset=\"https:\/\/lavras.tv\/site\/wp-content\/uploads\/2025\/03\/Banner_Saude_PortallavrasTV.png 720w, https:\/\/lavras.tv\/site\/wp-content\/uploads\/2025\/03\/Banner_Saude_PortallavrasTV-470x68.png 470w, https:\/\/lavras.tv\/site\/wp-content\/uploads\/2025\/03\/Banner_Saude_PortallavrasTV-170x25.png 170w, https:\/\/lavras.tv\/site\/wp-content\/uploads\/2025\/03\/Banner_Saude_PortallavrasTV-200x29.png 200w\" sizes=\"(max-width: 720px) 100vw, 720px\" width=\"720\" height=\"104\"   \/><\/a><\/li><li><div id=\"lavra-1016253212\" style=\"width:720px;height:104px;background-color:#ddd;overflow:scroll;\">\n\t<strong>Sa\u00edda da depura\u00e7\u00e3o de an\u00fancios<\/strong>\n\t<br><br>\n\tO an\u00fancio n\u00e3o \u00e9 exibido na p\u00e1gina<br><br>post atual: Veja a lista de onde vai ter vacina\u00e7\u00e3o contra a raiva, ID: 887<br><br><span style=\"color: red;\">O post atual n\u00e3o \u00e9 id\u00eantico ao post principal.<\/span><br><br>An\u00fancios: ROXO - TOPO INTERNA - ROTATIVO 2 (197)<br \/>Grupo de an\u00fancios: Princ_Meio01_720x104 (27)<br><br>Condi\u00e7\u00f5es de exibi\u00e7\u00e3o<div style=\"margin-bottom: 20px; white-space: pre-wrap; font-family: monospace; width: 100%; background: #ffe9e9;\"><strong>condi\u00e7\u00f5es gerais<\/strong><table border=\"1\"><thead><tr><th><\/th><th>An\u00fancios<\/th><th>wp_the_query<\/th><\/tr><\/thead><tr><td>is_main_query<\/td><td>1<\/td><td>1<\/td><\/tr><tr><td>is_rest_api<\/td><td>0<\/td><td>1<\/td><\/tr><tr><td>page<\/td><td>0<\/td><td>1<\/td><\/tr><tr><td>numpages<\/td><td>0<\/td><td>1<\/td><\/tr><tr><td>is_archive<\/td><td>1<\/td><td><\/td><\/tr><tr><td>is_search<\/td><td>1<\/td><td><\/td><\/tr><tr><td>is_home<\/td><td>1<\/td><td><\/td><\/tr><tr><td>is_404<\/td><td>1<\/td><td><\/td><\/tr><tr><td>is_attachment<\/td><td>1<\/td><td><\/td><\/tr><tr><td>is_singular<\/td><td>1<\/td><td><\/td><\/tr><tr><td>is_front_page<\/td><td>1<\/td><td><\/td><\/tr><tr><td>is_feed<\/td><td>1<\/td><td><\/td><\/tr><\/table><\/div><br><br><span style=\"color: red;\">Seu site usa HTTPS, mas o c\u00f3digo do an\u00fancio cont\u00e9m HTTP e pode n\u00e3o funcionar.<\/span>\t<br><br>\n\t<a style=\"color: green;\" href=\"https:\/\/wpadvancedads.com\/manual\/ad-debug-mode\/?utm_source=advanced-ads&utm_medium=link&utm_campaign=ad-debug-mode\" target=\"_blank\" rel=\"nofollow\">Encontre solu\u00e7\u00f5es no manual<\/a>\n<\/div>\n<\/li><\/ul><\/div><script>( window.advanced_ads_ready || jQuery( document ).ready ).call( null, function() {var $lavraslider2253970632 = jQuery( \".lavra-slider-2253970632\" );$lavraslider2253970632.on( \"unslider.ready\", function() { jQuery( \"div.custom-slider ul li\" ).css( \"display\", \"block\" ); });$lavraslider2253970632.unslider({ delay:4000, autoplay:true, nav:false, arrows:false, infinite:true });$lavraslider2253970632.on(\"mouseover\", function() {$lavraslider2253970632.unslider(\"stop\");}).on(\"mouseout\", function() {$lavraslider2253970632.unslider(\"start\");});});<\/script><\/div><p>Neste fim de semana, dias 16 e 17, tem a segunda etapa da campanha de vacina\u00e7\u00e3o contra a raiva em c\u00e3es e gatos.<!--more--> Confira onde ser\u00e3o montados os postos de vacina\u00e7\u00e3o:<\/p>\n<p>&nbsp;<\/p>\n<p>\u2013 Zona urbana- 16 de julho (s\u00e1bado)<\/p>\n<p><img fetchpriority=\"high\" decoding=\"async\" class=\" wp-image-749 alignright\" src=\"http:\/\/lavras.tv\/site\/wp-content\/uploads\/2016\/07\/vacina-raiva-interna.png\" alt=\"vacina raiva interna\" width=\"396\" height=\"264\" srcset=\"https:\/\/lavras.tv\/site\/wp-content\/uploads\/2016\/07\/vacina-raiva-interna.png 566w, https:\/\/lavras.tv\/site\/wp-content\/uploads\/2016\/07\/vacina-raiva-interna-150x100.png 150w, https:\/\/lavras.tv\/site\/wp-content\/uploads\/2016\/07\/vacina-raiva-interna-300x200.png 300w, https:\/\/lavras.tv\/site\/wp-content\/uploads\/2016\/07\/vacina-raiva-interna-480x320.png 480w, https:\/\/lavras.tv\/site\/wp-content\/uploads\/2016\/07\/vacina-raiva-interna-272x182.png 272w\" sizes=\"(max-width: 396px) 100vw, 396px\" \/><\/p>\n<p>GRUPO A<\/p>\n<p>&nbsp;<\/p>\n<p>8h30 \u00e0s 16h<\/p>\n<p>Bairro Judith C\u00e2ndido (pra\u00e7a)<\/p>\n<p>&nbsp;<\/p>\n<p>8h30 \u00e0s 17h<\/p>\n<p>E.M. Professor Jos\u00e9 Luiz de Mesquita<\/p>\n<p>CRAS Cohab<\/p>\n<p>E.M. Oscar Botelho<\/p>\n<p>Pra\u00e7a Lavrinhas<\/p>\n<p>Pra\u00e7a da Esta\u00e7\u00e3o (Dr Jos\u00e9 Esteves)<\/p>\n<p>Pra\u00e7a da Cohab (igreja)<\/p>\n<p>&nbsp;<\/p>\n<p>GRUPO B<\/p>\n<p>&nbsp;<\/p>\n<p>8h30 \u00e0s 17h<\/p>\n<p>Jardim Campestre II (entrada)<\/p>\n<p>Nova Era (Lar e Vida)<\/p>\n<p>CAIC<\/p>\n<p>E.M. Francisco Sales (Jardim Gl\u00f3ria)<\/p>\n<p>Rua Alberto Boari (bairro S\u00e3o Vicente, CENAV)<\/p>\n<p>Entrada do condom\u00ednio Parque os Ip\u00eas (Av. Cel. Juventino Dias)<\/p>\n<p>Centro de Sa\u00fade Chacrinha\/PSF 14<\/p>\n<p>Pra\u00e7a Dr. Jorge<\/p>\n<p>&nbsp;<\/p>\n<p>GRUPO C<\/p>\n<p>&nbsp;<\/p>\n<p>8h30 \u00e0s 17h<\/p>\n<p>Pra\u00e7a Dr. Augusto Silva<\/p>\n<p>Pra\u00e7a do Lourdes<\/p>\n<p>PSF 11 ( antigo Paulo Henrique Celani)<\/p>\n<p>Viva Vida<\/p>\n<p>PSF 17- Dona Wanda<\/p>\n<p>CRAS Nova Lavras<\/p>\n<p>&nbsp;<\/p>\n<p>\u2013 Zona urbana \u2013 17 de julho (domingo)<\/p>\n<p>&nbsp;<\/p>\n<p>&nbsp;<\/p>\n<p>GRUPO D<\/p>\n<p>&nbsp;<\/p>\n<p>8h30 \u00e0s 16h<\/p>\n<p>Rua Sat\u00e9lite (Morada do Sol)<\/p>\n<p>E.M. Louren\u00e7o Menicucci (\u00c1gua Limpa)<\/p>\n<p>Rodovi\u00e1ria<\/p>\n<p>&nbsp;<\/p>\n<p>8h30 \u00e0s 17h<\/p>\n<p>Pra\u00e7a Dr. Augusto Silva<\/p>\n<p>Fonte Verde (Casar\u00e3o)<\/p>\n<p>PSF 9 (Dona Julieta)<\/p>\n<p>E.M. Paulo Menicucci<\/p>\n<p>Vila Murad (igreja)<\/p>\n<p>PSF1 (Novo Horizonte)<\/p>\n<p>&nbsp;<\/p>\n<p>GRUPO E<\/p>\n<p>&nbsp;<\/p>\n<p>8h30 \u00e0s 12h<\/p>\n<p>Vista Alegre (creche)<\/p>\n<p>&nbsp;<\/p>\n<p>8h30 \u00e0s 16h<\/p>\n<p>Colinas da Serra \u2013 Rio Bonito\/Buffet Espa\u00e7o M\u00e1gico<\/p>\n<p>&nbsp;<\/p>\n<p>8h30 \u00e0s 17h<\/p>\n<p>Serra Verde (CMEI Guilherme Henrique de Carvalho)<\/p>\n<p>Dpaschoal<\/p>\n<p>Escola Cinira de Carvalho<\/p>\n<p>Jardim Floresta (pra\u00e7a)<\/p>\n<p>Esta\u00e7\u00e3o Costa Pinto<\/p>\n<p>&nbsp;<\/p>\n<p>&nbsp;<\/p>\n<p>Grupo F<\/p>\n<p>&nbsp;<\/p>\n<p>8h30 \u00e0s 17h<\/p>\n<p>Vale do Sol (igreja)<\/p>\n<p>E.m. Umbelina Azevedo Avellar<\/p>\n<p>CRAS Cruzeiro do Sul<\/p>\n<p>Rua Evaristo O. Ribeiro (Cruzeiro do Sul\/Tipuana)<\/p>\n<p>P\u00e1tio da Prefeitura<\/p>\n<p>Bairro Martins (Pra\u00e7a)<\/p>\n<p>Mercado Municipal.<\/p>\n","protected":false},"excerpt":{"rendered":"<p>Neste fim de semana, dias 16 e 17, tem a segunda etapa da campanha de vacina\u00e7\u00e3o contra a raiva em c\u00e3es e gatos.<\/p>\n","protected":false},"author":2,"featured_media":750,"comment_status":"closed","ping_status":"open","sticky":false,"template":"","format":"standard","meta":{"advgb_blocks_editor_width":"","advgb_blocks_columns_visual_guide":"","_exactmetrics_skip_tracking":false,"_exactmetrics_sitenote_active":false,"_exactmetrics_sitenote_note":"","_exactmetrics_sitenote_category":0,"footnotes":""},"categories":[7,2],"tags":[219,173,218,220],"class_list":["post-887","post","type-post","status-publish","format-standard","has-post-thumbnail","hentry","category-destaques","category-noticias","tag-pontos-de-vacina-lavras-raiva","tag-vacina-caes-e-gatos","tag-vacina-raica-lavras-mg","tag-vacina-raiva-2016"],"better_featured_image":{"id":750,"alt_text":"","caption":"","description":"","media_type":"image","media_details":{"width":960,"height":675,"file":"2016\/07\/vacina-raiva-capa.jpg","sizes":{"thumbnail":{"file":"vacina-raiva-capa-150x105.jpg","width":150,"height":105,"mime-type":"image\/jpeg","source_url":"https:\/\/lavras.tv\/site\/wp-content\/uploads\/2016\/07\/vacina-raiva-capa-150x105.jpg"},"medium":{"file":"vacina-raiva-capa-300x211.jpg","width":300,"height":211,"mime-type":"image\/jpeg","source_url":"https:\/\/lavras.tv\/site\/wp-content\/uploads\/2016\/07\/vacina-raiva-capa-300x211.jpg"},"featured-slider-img":{"file":"vacina-raiva-capa-640x480.jpg","width":640,"height":480,"mime-type":"image\/jpeg","source_url":"https:\/\/lavras.tv\/site\/wp-content\/uploads\/2016\/07\/vacina-raiva-capa-640x480.jpg"},"featured-post-img":{"file":"vacina-raiva-capa-480x320.jpg","width":480,"height":320,"mime-type":"image\/jpeg","source_url":"https:\/\/lavras.tv\/site\/wp-content\/uploads\/2016\/07\/vacina-raiva-capa-480x320.jpg"},"sow-carousel-default":{"file":"vacina-raiva-capa-272x182.jpg","width":272,"height":182,"mime-type":"image\/jpeg","source_url":"https:\/\/lavras.tv\/site\/wp-content\/uploads\/2016\/07\/vacina-raiva-capa-272x182.jpg"}},"image_meta":{"aperture":"0","credit":"","camera":"","caption":"","created_timestamp":"0","copyright":"","focal_length":"0","iso":"0","shutter_speed":"0","title":"","orientation":"0","keywords":[]}},"post":748,"source_url":"https:\/\/lavras.tv\/site\/wp-content\/uploads\/2016\/07\/vacina-raiva-capa.jpg"},"author_meta":{"display_name":"Lavras TV","author_link":"https:\/\/lavras.tv\/site\/author\/lavrastv\/"},"featured_img":"https:\/\/lavras.tv\/site\/wp-content\/uploads\/2016\/07\/vacina-raiva-capa-300x211.jpg","coauthors":[],"tax_additional":{"categories":{"linked":["<a href=\"https:\/\/lavras.tv\/site\/category\/destaques\/\" class=\"advgb-post-tax-term\">Destaques<\/a>","<a href=\"https:\/\/lavras.tv\/site\/category\/noticias\/\" class=\"advgb-post-tax-term\">Not\u00edcias<\/a>"],"unlinked":["<span class=\"advgb-post-tax-term\">Destaques<\/span>","<span class=\"advgb-post-tax-term\">Not\u00edcias<\/span>"]},"tags":{"linked":["<a href=\"https:\/\/lavras.tv\/site\/category\/noticias\/\" class=\"advgb-post-tax-term\">pontos de vacina lavras raiva<\/a>","<a href=\"https:\/\/lavras.tv\/site\/category\/noticias\/\" class=\"advgb-post-tax-term\">vacina c\u00e3es e gatos<\/a>","<a href=\"https:\/\/lavras.tv\/site\/category\/noticias\/\" class=\"advgb-post-tax-term\">vacina raica lavras mg<\/a>","<a href=\"https:\/\/lavras.tv\/site\/category\/noticias\/\" class=\"advgb-post-tax-term\">vacina raiva 2016<\/a>"],"unlinked":["<span class=\"advgb-post-tax-term\">pontos de vacina lavras raiva<\/span>","<span class=\"advgb-post-tax-term\">vacina c\u00e3es e gatos<\/span>","<span class=\"advgb-post-tax-term\">vacina raica lavras mg<\/span>","<span class=\"advgb-post-tax-term\">vacina raiva 2016<\/span>"]}},"comment_count":"0","relative_dates":{"created":"Publicado 10 anos atr\u00e1s","modified":"Atualizado 10 anos atr\u00e1s"},"absolute_dates":{"created":"Publicado em 15 de julho de 2016","modified":"Atualizado em 15 de julho de 2016"},"absolute_dates_time":{"created":"Publicado em 15 de julho de 2016 13:39","modified":"Atualizado em 15 de julho de 2016 13:39"},"featured_img_caption":"","series_order":"","_links":{"self":[{"href":"https:\/\/lavras.tv\/site\/wp-json\/wp\/v2\/posts\/887","targetHints":{"allow":["GET"]}}],"collection":[{"href":"https:\/\/lavras.tv\/site\/wp-json\/wp\/v2\/posts"}],"about":[{"href":"https:\/\/lavras.tv\/site\/wp-json\/wp\/v2\/types\/post"}],"author":[{"embeddable":true,"href":"https:\/\/lavras.tv\/site\/wp-json\/wp\/v2\/users\/2"}],"replies":[{"embeddable":true,"href":"https:\/\/lavras.tv\/site\/wp-json\/wp\/v2\/comments?post=887"}],"version-history":[{"count":1,"href":"https:\/\/lavras.tv\/site\/wp-json\/wp\/v2\/posts\/887\/revisions"}],"predecessor-version":[{"id":888,"href":"https:\/\/lavras.tv\/site\/wp-json\/wp\/v2\/posts\/887\/revisions\/888"}],"wp:featuredmedia":[{"embeddable":true,"href":"https:\/\/lavras.tv\/site\/wp-json\/wp\/v2\/media\/750"}],"wp:attachment":[{"href":"https:\/\/lavras.tv\/site\/wp-json\/wp\/v2\/media?parent=887"}],"wp:term":[{"taxonomy":"category","embeddable":true,"href":"https:\/\/lavras.tv\/site\/wp-json\/wp\/v2\/categories?post=887"},{"taxonomy":"post_tag","embeddable":true,"href":"https:\/\/lavras.tv\/site\/wp-json\/wp\/v2\/tags?post=887"}],"curies":[{"name":"wp","href":"https:\/\/api.w.org\/{rel}","templated":true}]}}