{"id":8921,"date":"2017-05-15T08:41:13","date_gmt":"2017-05-15T11:41:13","guid":{"rendered":"http:\/\/lavras.tv\/site\/?p=8921"},"modified":"2017-05-15T08:41:13","modified_gmt":"2017-05-15T11:41:13","slug":"pressionado-cruzeiro-controla-bem-o-sao-paulo-e-vence-na-estreia-do-brasileirao","status":"publish","type":"post","link":"https:\/\/lavras.tv\/site\/2017\/05\/15\/pressionado-cruzeiro-controla-bem-o-sao-paulo-e-vence-na-estreia-do-brasileirao\/","title":{"rendered":"Pressionado, Cruzeiro controla bem o S\u00e3o Paulo e vence na estreia do Brasileir\u00e3o"},"content":{"rendered":"<div class=\"lavra-antes-do-conteudo_2\" id=\"lavra-1289688258\"><div id=\"lavra-slider-27\" class=\"custom-slider lavra-slider-678130824 lavra-slider\"><ul><li><div style=\"margin-left: auto;margin-right: auto;text-align: center;\" id=\"lavra-255143118\"><a href=\"https:\/\/sistemas.lavras.mg.gov.br\/portalcidadao\/#df1b1a7c7b2a290bcb31e32771e610784662739a88807c0dacac58ede5f391a7530e299dc302d611ee73cb143fc22eaf93592e53e7b5bdb01b00a0b8d28dae460c141dd2ff83412e4dc1c31b16b25f33144a9e5620ea73b13f5bc1c59411d98439ad226e8af03840603796067d87afe130812cf3de24982d0e306f9e61e764e5\" aria-label=\"Lavras-TV&#8211;720x104px (1) (1)\"><img src=\"https:\/\/lavras.tv\/site\/wp-content\/uploads\/2025\/01\/Lavras-TV-720x104px-1-1.png\" alt=\"\"  srcset=\"https:\/\/lavras.tv\/site\/wp-content\/uploads\/2025\/01\/Lavras-TV-720x104px-1-1.png 720w, https:\/\/lavras.tv\/site\/wp-content\/uploads\/2025\/01\/Lavras-TV-720x104px-1-1-470x68.png 470w, https:\/\/lavras.tv\/site\/wp-content\/uploads\/2025\/01\/Lavras-TV-720x104px-1-1-170x25.png 170w, https:\/\/lavras.tv\/site\/wp-content\/uploads\/2025\/01\/Lavras-TV-720x104px-1-1-200x29.png 200w\" sizes=\"(max-width: 720px) 100vw, 720px\" width=\"720\" height=\"104\"  style=\"display: inline-block;\" \/><\/a><\/div><\/li><li><a href=\"https:\/\/sistemas.lavras.mg.gov.br\/portalcidadao\/#df1b1a7c7b2a290bcb31e32771e610784662739a88807c0dacac58ede5f391a7530e299dc302d611ee73cb143fc22eaf93592e53e7b5bdb01b00a0b8d28dae460c141dd2ff83412e4dc1c31b16b25f33144a9e5620ea73b13f5bc1c59411d98439ad226e8af03840603796067d87afe130812cf3de24982d0e306f9e61e764e5\" aria-label=\"Banner_Emprego_PortallavrasTV\"><img src=\"https:\/\/lavras.tv\/site\/wp-content\/uploads\/2025\/03\/Banner_Emprego_PortallavrasTV.png\" alt=\"\"  srcset=\"https:\/\/lavras.tv\/site\/wp-content\/uploads\/2025\/03\/Banner_Emprego_PortallavrasTV.png 720w, https:\/\/lavras.tv\/site\/wp-content\/uploads\/2025\/03\/Banner_Emprego_PortallavrasTV-470x68.png 470w, https:\/\/lavras.tv\/site\/wp-content\/uploads\/2025\/03\/Banner_Emprego_PortallavrasTV-170x25.png 170w, https:\/\/lavras.tv\/site\/wp-content\/uploads\/2025\/03\/Banner_Emprego_PortallavrasTV-200x29.png 200w\" sizes=\"(max-width: 720px) 100vw, 720px\" width=\"720\" height=\"104\"   \/><\/a><\/li><li><a href=\"https:\/\/sistemas.lavras.mg.gov.br\/portalcidadao\/#df1b1a7c7b2a290bcb31e32771e610784662739a88807c0dacac58ede5f391a7530e299dc302d611ee73cb143fc22eaf93592e53e7b5bdb01b00a0b8d28dae460c141dd2ff83412e4dc1c31b16b25f33144a9e5620ea73b13f5bc1c59411d98439ad226e8af03840603796067d87afe130812cf3de24982d0e306f9e61e764e5\" aria-label=\"Banner_Obras_PortallavrasTV\"><img src=\"https:\/\/lavras.tv\/site\/wp-content\/uploads\/2025\/03\/Banner_Obras_PortallavrasTV.png\" alt=\"\"  srcset=\"https:\/\/lavras.tv\/site\/wp-content\/uploads\/2025\/03\/Banner_Obras_PortallavrasTV.png 720w, https:\/\/lavras.tv\/site\/wp-content\/uploads\/2025\/03\/Banner_Obras_PortallavrasTV-470x68.png 470w, https:\/\/lavras.tv\/site\/wp-content\/uploads\/2025\/03\/Banner_Obras_PortallavrasTV-170x25.png 170w, https:\/\/lavras.tv\/site\/wp-content\/uploads\/2025\/03\/Banner_Obras_PortallavrasTV-200x29.png 200w\" sizes=\"(max-width: 720px) 100vw, 720px\" width=\"720\" height=\"104\"   \/><\/a><\/li><li><div style=\"margin-left: auto;margin-right: auto;text-align: center;\" id=\"lavra-1546156855\"><a href=\"https:\/\/sistemas.lavras.mg.gov.br\/portalcidadao\/#df1b1a7c7b2a290bcb31e32771e610784662739a88807c0dacac58ede5f391a7530e299dc302d611ee73cb143fc22eaf93592e53e7b5bdb01b00a0b8d28dae460c141dd2ff83412e4dc1c31b16b25f33144a9e5620ea73b13f5bc1c59411d98439ad226e8af03840603796067d87afe130812cf3de24982d0e306f9e61e764e5\" aria-label=\"Banner_Educa\u00e7\u00e3o_PortallavrasTV\"><img src=\"https:\/\/lavras.tv\/site\/wp-content\/uploads\/2025\/01\/Banner_Educacao_PortallavrasTV.png\" alt=\"\"  srcset=\"https:\/\/lavras.tv\/site\/wp-content\/uploads\/2025\/01\/Banner_Educacao_PortallavrasTV.png 720w, https:\/\/lavras.tv\/site\/wp-content\/uploads\/2025\/01\/Banner_Educacao_PortallavrasTV-470x68.png 470w, https:\/\/lavras.tv\/site\/wp-content\/uploads\/2025\/01\/Banner_Educacao_PortallavrasTV-170x25.png 170w, https:\/\/lavras.tv\/site\/wp-content\/uploads\/2025\/01\/Banner_Educacao_PortallavrasTV-200x29.png 200w\" sizes=\"(max-width: 720px) 100vw, 720px\" width=\"720\" height=\"104\"  style=\"display: inline-block;\" \/><\/a><\/div><\/li><li><a href=\"https:\/\/sistemas.lavras.mg.gov.br\/portalcidadao\/#df1b1a7c7b2a290bcb31e32771e610784662739a88807c0dacac58ede5f391a7530e299dc302d611ee73cb143fc22eaf93592e53e7b5bdb01b00a0b8d28dae460c141dd2ff83412e4dc1c31b16b25f33144a9e5620ea73b13f5bc1c59411d98439ad226e8af03840603796067d87afe130812cf3de24982d0e306f9e61e764e5\" aria-label=\"Banner_Sa\u00fade_PortallavrasTV\"><img src=\"https:\/\/lavras.tv\/site\/wp-content\/uploads\/2025\/03\/Banner_Saude_PortallavrasTV.png\" alt=\"\"  srcset=\"https:\/\/lavras.tv\/site\/wp-content\/uploads\/2025\/03\/Banner_Saude_PortallavrasTV.png 720w, https:\/\/lavras.tv\/site\/wp-content\/uploads\/2025\/03\/Banner_Saude_PortallavrasTV-470x68.png 470w, https:\/\/lavras.tv\/site\/wp-content\/uploads\/2025\/03\/Banner_Saude_PortallavrasTV-170x25.png 170w, https:\/\/lavras.tv\/site\/wp-content\/uploads\/2025\/03\/Banner_Saude_PortallavrasTV-200x29.png 200w\" sizes=\"(max-width: 720px) 100vw, 720px\" width=\"720\" height=\"104\"   \/><\/a><\/li><li><div id=\"lavra-3054746274\" style=\"width:720px;height:104px;background-color:#ddd;overflow:scroll;\">\n\t<strong>Sa\u00edda da depura\u00e7\u00e3o de an\u00fancios<\/strong>\n\t<br><br>\n\tO an\u00fancio n\u00e3o \u00e9 exibido na p\u00e1gina<br><br>post atual: Pressionado, Cruzeiro controla bem o S\u00e3o Paulo e vence na estreia do Brasileir\u00e3o, ID: 8921<br><br><span style=\"color: red;\">O post atual n\u00e3o \u00e9 id\u00eantico ao post principal.<\/span><br><br>An\u00fancios: ROXO - TOPO INTERNA - ROTATIVO 2 (197)<br \/>Grupo de an\u00fancios: Princ_Meio01_720x104 (27)<br><br>Condi\u00e7\u00f5es de exibi\u00e7\u00e3o<div style=\"margin-bottom: 20px; white-space: pre-wrap; font-family: monospace; width: 100%; background: #ffe9e9;\"><strong>condi\u00e7\u00f5es gerais<\/strong><table border=\"1\"><thead><tr><th><\/th><th>An\u00fancios<\/th><th>wp_the_query<\/th><\/tr><\/thead><tr><td>is_main_query<\/td><td>1<\/td><td>1<\/td><\/tr><tr><td>is_rest_api<\/td><td>0<\/td><td>1<\/td><\/tr><tr><td>page<\/td><td>0<\/td><td>1<\/td><\/tr><tr><td>numpages<\/td><td>0<\/td><td>1<\/td><\/tr><tr><td>is_archive<\/td><td>1<\/td><td><\/td><\/tr><tr><td>is_search<\/td><td>1<\/td><td><\/td><\/tr><tr><td>is_home<\/td><td>1<\/td><td><\/td><\/tr><tr><td>is_404<\/td><td>1<\/td><td><\/td><\/tr><tr><td>is_attachment<\/td><td>1<\/td><td><\/td><\/tr><tr><td>is_singular<\/td><td>1<\/td><td><\/td><\/tr><tr><td>is_front_page<\/td><td>1<\/td><td><\/td><\/tr><tr><td>is_feed<\/td><td>1<\/td><td><\/td><\/tr><\/table><\/div><br><br><span style=\"color: red;\">Seu site usa HTTPS, mas o c\u00f3digo do an\u00fancio cont\u00e9m HTTP e pode n\u00e3o funcionar.<\/span>\t<br><br>\n\t<a style=\"color: green;\" href=\"https:\/\/wpadvancedads.com\/manual\/ad-debug-mode\/?utm_source=advanced-ads&utm_medium=link&utm_campaign=ad-debug-mode\" target=\"_blank\" rel=\"nofollow\">Encontre solu\u00e7\u00f5es no manual<\/a>\n<\/div>\n<\/li><\/ul><\/div><script>( window.advanced_ads_ready || jQuery( document ).ready ).call( null, function() {var $lavraslider678130824 = jQuery( \".lavra-slider-678130824\" );$lavraslider678130824.on( \"unslider.ready\", function() { jQuery( \"div.custom-slider ul li\" ).css( \"display\", \"block\" ); });$lavraslider678130824.unslider({ delay:4000, autoplay:true, nav:false, arrows:false, infinite:true });$lavraslider678130824.on(\"mouseover\", function() {$lavraslider678130824.unslider(\"stop\");}).on(\"mouseout\", function() {$lavraslider678130824.unslider(\"start\");});});<\/script><\/div><p>Era s\u00f3 a primeira rodada, mas Cruzeiro e S\u00e3o Paulo iniciaram o Campeonato Brasileiro pressionados. Em menos de quatro dias, o torcedor celeste viu seu time perder o cl\u00e1ssico e o Estadual para o arquirrival Atl\u00e9tico, al\u00e9m de ser eliminado na Copa Sul-Americana pelo inexpressivo Nacional-PAR.<\/p>\n<p><img fetchpriority=\"high\" decoding=\"async\" class=\"alignnone size-full wp-image-8922 aligncenter\" src=\"http:\/\/lavras.tv\/site\/wp-content\/uploads\/2017\/05\/cruzeiro.jpg\" alt=\"cruzeiro\" width=\"405\" height=\"262\" srcset=\"https:\/\/lavras.tv\/site\/wp-content\/uploads\/2017\/05\/cruzeiro.jpg 405w, https:\/\/lavras.tv\/site\/wp-content\/uploads\/2017\/05\/cruzeiro-150x97.jpg 150w, https:\/\/lavras.tv\/site\/wp-content\/uploads\/2017\/05\/cruzeiro-300x194.jpg 300w\" sizes=\"(max-width: 405px) 100vw, 405px\" \/><\/p>\n<p>O tricolor do Morumbi, por sua vez, colecionou nos cinco primeiros meses do ano elimina\u00e7\u00f5es precoces no Paulist\u00e3o, Copa do Brasil e Sul-Americana, deixando o t\u00e9cnico e \u00eddolo Rog\u00e9rio Ceni com a corda no pesco\u00e7o. Por tudo isso, o confronto deste domingo, no Mineir\u00e3o, significava bem mais que uma simples estreia no Nacional.<\/p>\n<p>E neste cen\u00e1rio de tens\u00e3o, o time de Mano Menezes, que tinha muitos desfalques, manteve a cabe\u00e7a no lugar, fez uma partida bastante equilibrada e conseguiu uma important\u00edssima vit\u00f3ria por 1 a 0. O \u00fanico gol do jogo foi marcado por Ram\u00f3n \u00c1bila, no comecinho do segundo tempo.<\/p>\n<p>O Cruzeiro volta a campo pelo Brasileir\u00e3o no domingo que vem, quando enfrenta o Sport, \u00e0s 19h, na Ilha do Retiro. J\u00e1 os paulistas recebem o Ava\u00ed, no Morumbi, um dia depois.<\/p>\n<p><strong>O jogo\u00a0<\/strong><\/p>\n<p>Aos sete minutos, Arrascaeta sofreu falta pela esquerda. Ele mesmo foi para a cobran\u00e7a e, apesar de ter pegado forte na bola, Renan Ribeiro pegou no canto esquerdo sem muitas dificuldades.<\/p>\n<p>A primeira boa jogada dos visitantes veio aos 18 minutos. Marcinho recebeu de Cueva e cruzou rasteiro. A bola percorreu a \u00e1rea celeste e sobrou para J\u00fanior Tavares, que, sozinho, pegou fraco na bola, facilitando a defesa de F\u00e1bio.<\/p>\n<p>O Cruzeiro n\u00e3o deixou barato e come\u00e7ou a pressionar o S\u00e3o Paulo. Aos 23, Arrascaeta roubou a bola da direita e tocou para Romero. O argentino cruzou na cabe\u00e7a do compatriota \u00c1bila, que testou por cima do travess\u00e3o.<\/p>\n<p>Aos 31, o pr\u00f3prio \u00c1bila perdeu uma chance incr\u00edvel. Ap\u00f3s lan\u00e7amento de Rafinha, o centroavante ganhou a dividida de Rodrigo Caio e invadiu a \u00e1rea sem marca\u00e7\u00e3o, mas conclui em cima de Renan Ribeiro.<\/p>\n<p>O S\u00e3o Paulo chegou com perigo uma \u00faltima vez antes do intervalo. Aos 38, num contra-ataque r\u00e1pido, Marcinho encontrou Cueva livre no segundo pau. O peruano chegou um pouco desequilibrado na bola e a conclus\u00e3o saiu raspando a trave direita de F\u00e1bio.<\/p>\n<p>O segundo tempo mal havia come\u00e7ado e o Cruzeiro abriu o placar. Num lance de muita esperteza, o capit\u00e3o Henrique cobrou lateral com rapidez para Alisson, que avan\u00e7ou pela esquerda e cruzou rasteiro para \u00c1bila, que s\u00f3 empurrou para as redes de Renan Ribeiro.<\/p>\n<p>Em desvantagem no placar, o S\u00e3o Paulo tentou responder r\u00e1pido. Aos quatro, Luiz Ara\u00fajo, que havia entrado no lugar de Cueva, avan\u00e7ou pela esquerda, passou por Ded\u00e9, invadiu a \u00e1rea e bateu, mas L\u00e9o conseguiu travar a finaliza\u00e7\u00e3o do atacante.<\/p>\n<p>Depois do susto, o Cruzeiro diminuiu o ritmo da partida e conseguiu esfriar o \u00edmpeto do rival. Mano Menezes ainda refor\u00e7ou o setor defensivo promovendo a entrada de Lucas Silva no lugar de Rafinha. A t\u00e1tica funcionou e a Raposa saiu de campo com os tr\u00eas pontos.<\/p>\n<p><strong>Cruzeiro 1 x 0 S\u00e3o Paulo<\/strong><\/p>\n<p>Motivo: 1\u00aa rodada da S\u00e9rie A do Campeonato Brasileiro<br \/>\nData: 14 de maio de 2017<br \/>\nLocal: Mineir\u00e3o, em Belo Horizonte (MG)<br \/>\n\u00c1rbitro: Marcelo de Lima Henrique (CBF-RJ)<br \/>\nAssistentes: Dibert Pedrosa Moises (CBF-RJ) e Michael Correia (CBF-RJ)<br \/>\nGols: Ram\u00f3n \u00c1bila, aos 2 min do 2\u00baT<br \/>\nCruzeiro: F\u00e1bio; Lucas Romero (Lennon), L\u00e9o, Ded\u00e9 e Diogo Barbosa; Henrique, Hudson, Rafinha (Lucas Silva) e Arrascaeta; Alisson e Ram\u00f3n \u00c1bila (Raniel). T\u00e9cnico: Mano Menezes<br \/>\nS\u00e3o Paulo: Renan Ribeiro; Thiago Mendes, Maicon, Rodrigo Caio e J\u00fanior Tavares; \u00c9der Milit\u00e3o (Thomaz), Jucilei, Jo\u00e3o Schmidt e Cueva (Luiz Ara\u00fajo); Marcinho (Gilberto) e Lucas Pratto. T\u00e9cnico: Rog\u00e9rio Ceni<\/p>\n<p>Fonte: Itatiaia<\/p>\n","protected":false},"excerpt":{"rendered":"<p>Era s\u00f3 a primeira rodada, mas Cruzeiro e S\u00e3o Paulo iniciaram o Campeonato Brasileiro pressionados. Em menos de quatro dias, o torcedor celeste viu seu time perder o cl\u00e1ssico e o Estadual para o arquirrival Atl\u00e9tico, al\u00e9m de ser eliminado na Copa Sul-Americana pelo inexpressivo Nacional-PAR. O tricolor do Morumbi, por sua vez, colecionou nos [&hellip;]<\/p>\n","protected":false},"author":2,"featured_media":8922,"comment_status":"closed","ping_status":"open","sticky":false,"template":"","format":"standard","meta":{"advgb_blocks_editor_width":"","advgb_blocks_columns_visual_guide":"","_exactmetrics_skip_tracking":false,"_exactmetrics_sitenote_active":false,"_exactmetrics_sitenote_note":"","_exactmetrics_sitenote_category":0,"footnotes":""},"categories":[3],"tags":[939,908,966,1036],"class_list":["post-8921","post","type-post","status-publish","format-standard","has-post-thumbnail","hentry","category-esportes","tag-campeonato-brasileiro","tag-cruzeiro","tag-esporte","tag-futebol"],"better_featured_image":{"id":8922,"alt_text":"","caption":"","description":"","media_type":"image","media_details":{"width":405,"height":262,"file":"2017\/05\/cruzeiro.jpg","sizes":{"thumbnail":{"file":"cruzeiro-150x97.jpg","width":150,"height":97,"mime-type":"image\/jpeg","source_url":"https:\/\/lavras.tv\/site\/wp-content\/uploads\/2017\/05\/cruzeiro-150x97.jpg"},"medium":{"file":"cruzeiro-300x194.jpg","width":300,"height":194,"mime-type":"image\/jpeg","source_url":"https:\/\/lavras.tv\/site\/wp-content\/uploads\/2017\/05\/cruzeiro-300x194.jpg"},"sow-carousel-default":{"file":"cruzeiro-272x182.jpg","width":272,"height":182,"mime-type":"image\/jpeg","source_url":"https:\/\/lavras.tv\/site\/wp-content\/uploads\/2017\/05\/cruzeiro-272x182.jpg"}},"image_meta":{"aperture":"0","credit":"","camera":"","caption":"","created_timestamp":"0","copyright":"","focal_length":"0","iso":"0","shutter_speed":"0","title":"","orientation":"0","keywords":[]}},"post":8921,"source_url":"https:\/\/lavras.tv\/site\/wp-content\/uploads\/2017\/05\/cruzeiro.jpg"},"author_meta":{"display_name":"Lavras TV","author_link":"https:\/\/lavras.tv\/site\/author\/lavrastv\/"},"featured_img":"https:\/\/lavras.tv\/site\/wp-content\/uploads\/2017\/05\/cruzeiro-300x194.jpg","coauthors":[],"tax_additional":{"categories":{"linked":["<a href=\"https:\/\/lavras.tv\/site\/category\/esportes\/\" class=\"advgb-post-tax-term\">Esportes<\/a>"],"unlinked":["<span class=\"advgb-post-tax-term\">Esportes<\/span>"]},"tags":{"linked":["<a href=\"https:\/\/lavras.tv\/site\/category\/esportes\/\" class=\"advgb-post-tax-term\">campeonato brasileiro<\/a>","<a href=\"https:\/\/lavras.tv\/site\/category\/esportes\/\" class=\"advgb-post-tax-term\">cruzeiro<\/a>","<a href=\"https:\/\/lavras.tv\/site\/category\/esportes\/\" class=\"advgb-post-tax-term\">esporte<\/a>","<a href=\"https:\/\/lavras.tv\/site\/category\/esportes\/\" class=\"advgb-post-tax-term\">futebol<\/a>"],"unlinked":["<span class=\"advgb-post-tax-term\">campeonato brasileiro<\/span>","<span class=\"advgb-post-tax-term\">cruzeiro<\/span>","<span class=\"advgb-post-tax-term\">esporte<\/span>","<span class=\"advgb-post-tax-term\">futebol<\/span>"]}},"comment_count":"0","relative_dates":{"created":"Publicado 9 anos atr\u00e1s","modified":"Atualizado 9 anos atr\u00e1s"},"absolute_dates":{"created":"Publicado em 15 de maio de 2017","modified":"Atualizado em 15 de maio de 2017"},"absolute_dates_time":{"created":"Publicado em 15 de maio de 2017 08:41","modified":"Atualizado em 15 de maio de 2017 08:41"},"featured_img_caption":"","series_order":"","_links":{"self":[{"href":"https:\/\/lavras.tv\/site\/wp-json\/wp\/v2\/posts\/8921","targetHints":{"allow":["GET"]}}],"collection":[{"href":"https:\/\/lavras.tv\/site\/wp-json\/wp\/v2\/posts"}],"about":[{"href":"https:\/\/lavras.tv\/site\/wp-json\/wp\/v2\/types\/post"}],"author":[{"embeddable":true,"href":"https:\/\/lavras.tv\/site\/wp-json\/wp\/v2\/users\/2"}],"replies":[{"embeddable":true,"href":"https:\/\/lavras.tv\/site\/wp-json\/wp\/v2\/comments?post=8921"}],"version-history":[{"count":1,"href":"https:\/\/lavras.tv\/site\/wp-json\/wp\/v2\/posts\/8921\/revisions"}],"predecessor-version":[{"id":8923,"href":"https:\/\/lavras.tv\/site\/wp-json\/wp\/v2\/posts\/8921\/revisions\/8923"}],"wp:featuredmedia":[{"embeddable":true,"href":"https:\/\/lavras.tv\/site\/wp-json\/wp\/v2\/media\/8922"}],"wp:attachment":[{"href":"https:\/\/lavras.tv\/site\/wp-json\/wp\/v2\/media?parent=8921"}],"wp:term":[{"taxonomy":"category","embeddable":true,"href":"https:\/\/lavras.tv\/site\/wp-json\/wp\/v2\/categories?post=8921"},{"taxonomy":"post_tag","embeddable":true,"href":"https:\/\/lavras.tv\/site\/wp-json\/wp\/v2\/tags?post=8921"}],"curies":[{"name":"wp","href":"https:\/\/api.w.org\/{rel}","templated":true}]}}