{"id":8927,"date":"2017-05-15T08:57:10","date_gmt":"2017-05-15T11:57:10","guid":{"rendered":"http:\/\/lavras.tv\/site\/?p=8927"},"modified":"2017-05-15T08:57:10","modified_gmt":"2017-05-15T11:57:10","slug":"deputados-mineiros-estao-ha-cem-dias-sem-votar-no-plenario","status":"publish","type":"post","link":"https:\/\/lavras.tv\/site\/2017\/05\/15\/deputados-mineiros-estao-ha-cem-dias-sem-votar-no-plenario\/","title":{"rendered":"Deputados mineiros est\u00e3o h\u00e1 cem dias sem votar no plen\u00e1rio"},"content":{"rendered":"<div class=\"lavra-antes-do-conteudo_2\" id=\"lavra-3100318674\"><div id=\"lavra-slider-27\" class=\"custom-slider lavra-slider-766975417 lavra-slider\"><ul><li><div style=\"margin-left: auto;margin-right: auto;text-align: center;\" id=\"lavra-785567022\"><a href=\"https:\/\/sistemas.lavras.mg.gov.br\/portalcidadao\/#df1b1a7c7b2a290bcb31e32771e610784662739a88807c0dacac58ede5f391a7530e299dc302d611ee73cb143fc22eaf93592e53e7b5bdb01b00a0b8d28dae460c141dd2ff83412e4dc1c31b16b25f33144a9e5620ea73b13f5bc1c59411d98439ad226e8af03840603796067d87afe130812cf3de24982d0e306f9e61e764e5\" aria-label=\"Lavras-TV&#8211;720x104px (1) (1)\"><img src=\"https:\/\/lavras.tv\/site\/wp-content\/uploads\/2025\/01\/Lavras-TV-720x104px-1-1.png\" alt=\"\"  srcset=\"https:\/\/lavras.tv\/site\/wp-content\/uploads\/2025\/01\/Lavras-TV-720x104px-1-1.png 720w, https:\/\/lavras.tv\/site\/wp-content\/uploads\/2025\/01\/Lavras-TV-720x104px-1-1-470x68.png 470w, https:\/\/lavras.tv\/site\/wp-content\/uploads\/2025\/01\/Lavras-TV-720x104px-1-1-170x25.png 170w, https:\/\/lavras.tv\/site\/wp-content\/uploads\/2025\/01\/Lavras-TV-720x104px-1-1-200x29.png 200w\" sizes=\"(max-width: 720px) 100vw, 720px\" width=\"720\" height=\"104\"  style=\"display: inline-block;\" \/><\/a><\/div><\/li><li><a href=\"https:\/\/sistemas.lavras.mg.gov.br\/portalcidadao\/#df1b1a7c7b2a290bcb31e32771e610784662739a88807c0dacac58ede5f391a7530e299dc302d611ee73cb143fc22eaf93592e53e7b5bdb01b00a0b8d28dae460c141dd2ff83412e4dc1c31b16b25f33144a9e5620ea73b13f5bc1c59411d98439ad226e8af03840603796067d87afe130812cf3de24982d0e306f9e61e764e5\" aria-label=\"Banner_Emprego_PortallavrasTV\"><img src=\"https:\/\/lavras.tv\/site\/wp-content\/uploads\/2025\/03\/Banner_Emprego_PortallavrasTV.png\" alt=\"\"  srcset=\"https:\/\/lavras.tv\/site\/wp-content\/uploads\/2025\/03\/Banner_Emprego_PortallavrasTV.png 720w, https:\/\/lavras.tv\/site\/wp-content\/uploads\/2025\/03\/Banner_Emprego_PortallavrasTV-470x68.png 470w, https:\/\/lavras.tv\/site\/wp-content\/uploads\/2025\/03\/Banner_Emprego_PortallavrasTV-170x25.png 170w, https:\/\/lavras.tv\/site\/wp-content\/uploads\/2025\/03\/Banner_Emprego_PortallavrasTV-200x29.png 200w\" sizes=\"(max-width: 720px) 100vw, 720px\" width=\"720\" height=\"104\"   \/><\/a><\/li><li><a href=\"https:\/\/sistemas.lavras.mg.gov.br\/portalcidadao\/#df1b1a7c7b2a290bcb31e32771e610784662739a88807c0dacac58ede5f391a7530e299dc302d611ee73cb143fc22eaf93592e53e7b5bdb01b00a0b8d28dae460c141dd2ff83412e4dc1c31b16b25f33144a9e5620ea73b13f5bc1c59411d98439ad226e8af03840603796067d87afe130812cf3de24982d0e306f9e61e764e5\" aria-label=\"Banner_Obras_PortallavrasTV\"><img src=\"https:\/\/lavras.tv\/site\/wp-content\/uploads\/2025\/03\/Banner_Obras_PortallavrasTV.png\" alt=\"\"  srcset=\"https:\/\/lavras.tv\/site\/wp-content\/uploads\/2025\/03\/Banner_Obras_PortallavrasTV.png 720w, https:\/\/lavras.tv\/site\/wp-content\/uploads\/2025\/03\/Banner_Obras_PortallavrasTV-470x68.png 470w, https:\/\/lavras.tv\/site\/wp-content\/uploads\/2025\/03\/Banner_Obras_PortallavrasTV-170x25.png 170w, https:\/\/lavras.tv\/site\/wp-content\/uploads\/2025\/03\/Banner_Obras_PortallavrasTV-200x29.png 200w\" sizes=\"(max-width: 720px) 100vw, 720px\" width=\"720\" height=\"104\"   \/><\/a><\/li><li><div style=\"margin-left: auto;margin-right: auto;text-align: center;\" id=\"lavra-2466732215\"><a href=\"https:\/\/sistemas.lavras.mg.gov.br\/portalcidadao\/#df1b1a7c7b2a290bcb31e32771e610784662739a88807c0dacac58ede5f391a7530e299dc302d611ee73cb143fc22eaf93592e53e7b5bdb01b00a0b8d28dae460c141dd2ff83412e4dc1c31b16b25f33144a9e5620ea73b13f5bc1c59411d98439ad226e8af03840603796067d87afe130812cf3de24982d0e306f9e61e764e5\" aria-label=\"Banner_Educa\u00e7\u00e3o_PortallavrasTV\"><img src=\"https:\/\/lavras.tv\/site\/wp-content\/uploads\/2025\/01\/Banner_Educacao_PortallavrasTV.png\" alt=\"\"  srcset=\"https:\/\/lavras.tv\/site\/wp-content\/uploads\/2025\/01\/Banner_Educacao_PortallavrasTV.png 720w, https:\/\/lavras.tv\/site\/wp-content\/uploads\/2025\/01\/Banner_Educacao_PortallavrasTV-470x68.png 470w, https:\/\/lavras.tv\/site\/wp-content\/uploads\/2025\/01\/Banner_Educacao_PortallavrasTV-170x25.png 170w, https:\/\/lavras.tv\/site\/wp-content\/uploads\/2025\/01\/Banner_Educacao_PortallavrasTV-200x29.png 200w\" sizes=\"(max-width: 720px) 100vw, 720px\" width=\"720\" height=\"104\"  style=\"display: inline-block;\" \/><\/a><\/div><\/li><li><a href=\"https:\/\/sistemas.lavras.mg.gov.br\/portalcidadao\/#df1b1a7c7b2a290bcb31e32771e610784662739a88807c0dacac58ede5f391a7530e299dc302d611ee73cb143fc22eaf93592e53e7b5bdb01b00a0b8d28dae460c141dd2ff83412e4dc1c31b16b25f33144a9e5620ea73b13f5bc1c59411d98439ad226e8af03840603796067d87afe130812cf3de24982d0e306f9e61e764e5\" aria-label=\"Banner_Sa\u00fade_PortallavrasTV\"><img src=\"https:\/\/lavras.tv\/site\/wp-content\/uploads\/2025\/03\/Banner_Saude_PortallavrasTV.png\" alt=\"\"  srcset=\"https:\/\/lavras.tv\/site\/wp-content\/uploads\/2025\/03\/Banner_Saude_PortallavrasTV.png 720w, https:\/\/lavras.tv\/site\/wp-content\/uploads\/2025\/03\/Banner_Saude_PortallavrasTV-470x68.png 470w, https:\/\/lavras.tv\/site\/wp-content\/uploads\/2025\/03\/Banner_Saude_PortallavrasTV-170x25.png 170w, https:\/\/lavras.tv\/site\/wp-content\/uploads\/2025\/03\/Banner_Saude_PortallavrasTV-200x29.png 200w\" sizes=\"(max-width: 720px) 100vw, 720px\" width=\"720\" height=\"104\"   \/><\/a><\/li><li><div id=\"lavra-1438800467\" style=\"width:720px;height:104px;background-color:#ddd;overflow:scroll;\">\n\t<strong>Sa\u00edda da depura\u00e7\u00e3o de an\u00fancios<\/strong>\n\t<br><br>\n\tO an\u00fancio n\u00e3o \u00e9 exibido na p\u00e1gina<br><br>post atual: Deputados mineiros est\u00e3o h\u00e1 cem dias sem votar no plen\u00e1rio, ID: 8927<br><br><span style=\"color: red;\">O post atual n\u00e3o \u00e9 id\u00eantico ao post principal.<\/span><br><br>An\u00fancios: ROXO - TOPO INTERNA - ROTATIVO 2 (197)<br \/>Grupo de an\u00fancios: Princ_Meio01_720x104 (27)<br><br>Condi\u00e7\u00f5es de exibi\u00e7\u00e3o<div style=\"margin-bottom: 20px; white-space: pre-wrap; font-family: monospace; width: 100%; background: #ffe9e9;\"><strong>condi\u00e7\u00f5es gerais<\/strong><table border=\"1\"><thead><tr><th><\/th><th>An\u00fancios<\/th><th>wp_the_query<\/th><\/tr><\/thead><tr><td>is_main_query<\/td><td>1<\/td><td>1<\/td><\/tr><tr><td>is_rest_api<\/td><td>0<\/td><td>1<\/td><\/tr><tr><td>page<\/td><td>0<\/td><td>1<\/td><\/tr><tr><td>numpages<\/td><td>0<\/td><td>1<\/td><\/tr><tr><td>is_archive<\/td><td>1<\/td><td><\/td><\/tr><tr><td>is_search<\/td><td>1<\/td><td><\/td><\/tr><tr><td>is_home<\/td><td>1<\/td><td><\/td><\/tr><tr><td>is_404<\/td><td>1<\/td><td><\/td><\/tr><tr><td>is_attachment<\/td><td>1<\/td><td><\/td><\/tr><tr><td>is_singular<\/td><td>1<\/td><td><\/td><\/tr><tr><td>is_front_page<\/td><td>1<\/td><td><\/td><\/tr><tr><td>is_feed<\/td><td>1<\/td><td><\/td><\/tr><\/table><\/div><br><br><span style=\"color: red;\">Seu site usa HTTPS, mas o c\u00f3digo do an\u00fancio cont\u00e9m HTTP e pode n\u00e3o funcionar.<\/span>\t<br><br>\n\t<a style=\"color: green;\" href=\"https:\/\/wpadvancedads.com\/manual\/ad-debug-mode\/?utm_source=advanced-ads&utm_medium=link&utm_campaign=ad-debug-mode\" target=\"_blank\" rel=\"nofollow\">Encontre solu\u00e7\u00f5es no manual<\/a>\n<\/div>\n<\/li><\/ul><\/div><script>( window.advanced_ads_ready || jQuery( document ).ready ).call( null, function() {var $lavraslider766975417 = jQuery( \".lavra-slider-766975417\" );$lavraslider766975417.on( \"unslider.ready\", function() { jQuery( \"div.custom-slider ul li\" ).css( \"display\", \"block\" ); });$lavraslider766975417.unslider({ delay:4000, autoplay:true, nav:false, arrows:false, infinite:true });$lavraslider766975417.on(\"mouseover\", function() {$lavraslider766975417.unslider(\"stop\");}).on(\"mouseout\", function() {$lavraslider766975417.unslider(\"start\");});});<\/script><\/div><p>Se voc\u00ea tivesse que fazer uma lista das principais atividades que desenvolveu no trabalho nos \u00faltimos cem dias, teria dificuldades em se lembrar de todas elas? <!--more-->Os deputados estaduais de Minas Gerais, provavelmente, n\u00e3o. Desde 1\u00ba de fevereiro, quando se iniciou o ano legislativo, eles n\u00e3o votaram um \u00fanico projeto em plen\u00e1rio.<\/p>\n<p><img fetchpriority=\"high\" decoding=\"async\" class=\"alignnone size-full wp-image-8928 aligncenter\" src=\"http:\/\/lavras.tv\/site\/wp-content\/uploads\/2017\/05\/almg.jpg\" alt=\"almg\" width=\"620\" height=\"413\" srcset=\"https:\/\/lavras.tv\/site\/wp-content\/uploads\/2017\/05\/almg.jpg 620w, https:\/\/lavras.tv\/site\/wp-content\/uploads\/2017\/05\/almg-150x100.jpg 150w, https:\/\/lavras.tv\/site\/wp-content\/uploads\/2017\/05\/almg-300x200.jpg 300w, https:\/\/lavras.tv\/site\/wp-content\/uploads\/2017\/05\/almg-480x320.jpg 480w, https:\/\/lavras.tv\/site\/wp-content\/uploads\/2017\/05\/almg-272x182.jpg 272w\" sizes=\"(max-width: 620px) 100vw, 620px\" \/><\/p>\n<p>A principal raz\u00e3o por tr\u00e1s dessa in\u00e9rcia, reconhecem alguns deputados, est\u00e1 no atraso desde 2016 no pagamento das emendas parlamentares por parte do governo do Estado. Por ano, cada um dos 77 gabinetes tem direito a R$ 3 milh\u00f5es, sendo que metade tem que ser destinada \u00e0 sa\u00fade.<\/p>\n<p>No mesmo per\u00edodo do ano passado, entre fevereiro e maio, 20 propostas foram analisadas. O clima pol\u00edtico contribui para a baixa produtividade. De um lado, a oposi\u00e7\u00e3o faz uma obstru\u00e7\u00e3o sistem\u00e1tica da pauta. Do outro, a base, que calcula ter 55 nomes, tem problemas. Os aliados reclamam que est\u00e3o sem receber as emendas parlamentares desde o ano passado e, diante da insatisfa\u00e7\u00e3o, n\u00e3o fazem quest\u00e3o de fazer frente ao teste de paci\u00eancia da oposi\u00e7\u00e3o.<\/p>\n<p>Apesar de a marca de cem dias impressionar, n\u00e3o \u00e9 a primeira vez que os deputados ficam um longo per\u00edodo sem votar. Em 2016, eles passaram quase todo o per\u00edodo eleitoral sem apreciar projetos. Em 2014, foram cinco meses.<\/p>\n<p>O l\u00edder da minoria, Gustavo Valadares (PSDB), garante que o ritmo vai continuar lento at\u00e9 que o governo do Estado retire da pauta os projetos de cria\u00e7\u00e3o dos pol\u00eamicos fundos imobili\u00e1rios:\u201cN\u00e3o estamos deixando passar nada nas comiss\u00f5es\u201d. O tucano pondera que neste ano houve um diferencial que foi o processo de elei\u00e7\u00e3o da presid\u00eancia das comiss\u00f5es e da Assembleia que \u201cocupou tempo\u201d na agenda.<\/p>\n<p>Um colega da base diz que o problema \u00e9 o atraso nas emendas. \u201c\u00c9 ano pr\u00e9-eleitoral. Isso \u00e9 o resultado de uma insatisfa\u00e7\u00e3o com a articula\u00e7\u00e3o pol\u00edtica do governo. Se n\u00e3o tem uma abertura de negocia\u00e7\u00e3o, desenvolve chantagista\u201d, diz no anonimato.<\/p>\n<p>Segundo o l\u00edder do bloco independente, Agostinho Patrus (PV), os projetos est\u00e3o sendo trabalhados nas comiss\u00f5es: \u201cDe fato, a totalidade das emendas n\u00e3o foi paga, mas elas n\u00e3o s\u00e3o essenciais para o funcionamento da Casa\u201d. Mas ele reconhece que o fato interfere nos trabalhos.<\/p>\n<p>O l\u00edder do governo, Durval \u00c2ngelo (PT), joga a responsabilidade sobre a oposi\u00e7\u00e3o. \u201cInterpretam de forma equivocada o regimento e qualquer coisa dizem que \u00e9 rolo compressor. O plen\u00e1rio s\u00f3 caminha quando tem projeto de deputado, e com as comiss\u00f5es paradas, eles n\u00e3o chegam ao plen\u00e1rio\u201d.<\/p>\n<p>Em rela\u00e7\u00e3o \u00e0s emendas, Durval afirma que \u201cinfluencia de alguma forma\u201d, e adianta que nesta semana ter\u00e1 um \u201caceno\u201d. \u201cO governo Pimentel pagou at\u00e9 as emendas de 2014 do governo anterior, 2015 e parte de 2016. Vai ter um gesto, mas n\u00e3o tem verba para 100%\u201d.<\/p>\n<p>H\u00e1 pelo menos um m\u00eas a pauta est\u00e1 travada por quatro vetos do governador. Eles precisam de qu\u00f3rum qualificado, ou seja, pelo menos 39 votos para derruba-los.<\/p>\n<p><strong>Na fila<\/strong><\/p>\n<p>Propostas. A aus\u00eancia de vota\u00e7\u00e3o n\u00e3o \u00e9 por falta de propostas. S\u00f3 neste ano j\u00e1 foram apresentados 282 projetos de lei. A maior parte dos textos sequer passou pelas comiss\u00f5es tem\u00e1ticas.<\/p>\n<p>&nbsp;<\/p>\n<h3>O QUE DIZ A OPOSI\u00c7\u00c3O<\/h3>\n<table border=\"0\" align=\"center\">\n<tbody>\n<tr>\n<td class=\"credito\"><\/td>\n<\/tr>\n<tr>\n<td><a href=\"http:\/\/www.otempo.com.br\/polopoly_fs\/1.1473581!image\/image.JPG_gen\/derivatives\/main-horizontal-photo-gallery-leading-resize_620\/image.JPG\" data-lightbox=\"article\" data-title=\"FOTO: LEO FONTES \u2013 1.3.2012 - \"><img decoding=\"async\" src=\"http:\/\/www.otempo.com.br\/polopoly_fs\/1.1473581!image\/image.JPG_gen\/derivatives\/hard-news-img-medium-resize_380\/image.JPG\" alt=\"1\" \/><\/a><\/td>\n<\/tr>\n<tr>\n<td class=\"legenda\"><\/td>\n<\/tr>\n<\/tbody>\n<\/table>\n<p><em><strong>\u201cAt\u00e9 que o projeto dos fundos seja retirado da Casa. Qualquer cidad\u00e3o que quiser vir \u00e0 Assembleia Legislativa ver\u00e1 que as comiss\u00f5es est\u00e3o funcionando. As discuss\u00f5es est\u00e3o acontecendo\u201d.<\/strong><\/em> Gustavo Valadares (PSDB)<\/p>\n<p>&nbsp;<\/p>\n<h3>O QUE DIZ A BASE DO GOVERNO<\/h3>\n<table border=\"0\" align=\"center\">\n<tbody>\n<tr>\n<td><a href=\"http:\/\/www.otempo.com.br\/polopoly_fs\/1.1473580!image\/image.JPG_gen\/derivatives\/main-horizontal-photo-gallery-leading-resize_620\/image.JPG\" data-lightbox=\"article\" data-title=\"FOTO: JAQUES DIOGO \u2013 22.6.2016 - \"><img decoding=\"async\" src=\"http:\/\/www.otempo.com.br\/polopoly_fs\/1.1473580!image\/image.JPG_gen\/derivatives\/hard-news-img-medium-resize_380\/image.JPG\" alt=\"2\" \/><\/a><\/td>\n<\/tr>\n<tr>\n<td class=\"legenda\"><\/td>\n<\/tr>\n<\/tbody>\n<\/table>\n<p><em><strong>\u201c(O atraso nas emendas) influencia de alguma forma. Acho que para o poder legislativo \u00e9 p\u00e9ssimo a falta de vota\u00e7\u00e3o, o sentimento da opini\u00e3o p\u00fabica \u00e9 a de que a quest\u00e3o partid\u00e1ria e ideol\u00f3gica \u00e9 mais forte que o interesse de Minas.\u201d <\/strong><\/em>Durval \u00c2ngelo (PT), governo<\/p>\n<p>&nbsp;<\/p>\n<h3>O QUE DIZEM OS INDEPENDENTES<\/h3>\n<table border=\"0\" align=\"center\">\n<tbody>\n<tr>\n<td><a href=\"http:\/\/www.otempo.com.br\/polopoly_fs\/1.1473579!image\/image.JPG_gen\/derivatives\/main-horizontal-photo-gallery-leading-resize_620\/image.JPG\" data-lightbox=\"article\" data-title=\"FOTO: Ricardo Barbosa \u2013 27.4.2017 - \"><img decoding=\"async\" src=\"http:\/\/www.otempo.com.br\/polopoly_fs\/1.1473579!image\/image.JPG_gen\/derivatives\/hard-news-img-medium-resize_380\/image.JPG\" alt=\"3\" \/><\/a><\/td>\n<\/tr>\n<tr>\n<td class=\"legenda\"><\/td>\n<\/tr>\n<\/tbody>\n<\/table>\n<p><em><strong>\u201cEstamos com a pauta travada pelos vetos. Os deputados est\u00e3o trabalhando os projetos, inclusive o dos fundos, nas comiss\u00f5es. As emendas n\u00e3o s\u00e3o essenciais para o funcionamento da Casa, mas de alguma forma tem interfer\u00eancia\u201d. <\/strong><\/em>Agostinho Patrus (PV)<\/p>\n<h3>\n\u00c0 ESPERA<\/h3>\n<p><strong>Fundos.<\/strong>\u00a0O texto prev\u00ea a cria\u00e7\u00e3o de dois fundos imobili\u00e1rios. Em um deles, ficar\u00e3o im\u00f3veis que n\u00e3o podem ser vendidos porque abrigam \u00f3rg\u00e3os p\u00fablicos, como a Cidade Administrativa. O outro fundo seria ofertado ao mercado em cotas. Os investidores seriam remunerados com os alugueis que ser\u00e3o pagos pelo Estado.<\/p>\n<p><strong>Aux\u00edlio estudantil.<\/strong> Outro texto que espera para ser analisado \u00e9 o que cria assist\u00eancia para alunos da Uemg e da Unimontes.<br \/>\n<strong>Queixa de privilegiar petistas em agenda tamb\u00e9m influencia<\/strong><\/p>\n<p>O atraso nas emendas parlamentares n\u00e3o seria o \u00fanico problema entre base e governo. Deputados reclamam que as agendas de entrega de m\u00e1quinas e agrados aos munic\u00edpios andam restritas a participa\u00e7\u00e3o dos petistas.<\/p>\n<p>\u201cO PT sofreu grande desgaste nas elei\u00e7\u00f5es municipais de 2016. Vejo um desespero eleitoral dos secret\u00e1rios e deputados petistas. Sem base no interior, come\u00e7aram a visar mais o PT nas agendas. Mas todos ficam sabendo das visitas. Ningu\u00e9m \u00e9 convidado para as agendas e comitivas\u201d, esbraveja um aliado.<\/p>\n<p>O l\u00edder do governo, Durval \u00c2ngelo (PT), nega e diz que envia pelo grupo da base no WhatsApp os compromissos: \u201cSe tem erro de evento, a culpa \u00e9 minha. Mando todo dia os convites para deputados e chefes de gabinete. Se o deputado n\u00e3o olha, n\u00e3o \u00e9 culpa minha\u201d. Al\u00e9m disso, h\u00e1 um mal-estar entre o secret\u00e1rio de Governo, Odair Cunha (PT), e o presidente da ALMG, Adalclever Lopes (PMDB), que influencia o clima.<\/p>\n<p>&nbsp;<\/p>\n<p>Fonte: O Tempo<\/p>\n","protected":false},"excerpt":{"rendered":"<p>Se voc\u00ea tivesse que fazer uma lista das principais atividades que desenvolveu no trabalho nos \u00faltimos cem dias, teria dificuldades em se lembrar de todas elas?<\/p>\n","protected":false},"author":2,"featured_media":8928,"comment_status":"closed","ping_status":"open","sticky":false,"template":"","format":"standard","meta":{"advgb_blocks_editor_width":"","advgb_blocks_columns_visual_guide":"","_exactmetrics_skip_tracking":false,"_exactmetrics_sitenote_active":false,"_exactmetrics_sitenote_note":"","_exactmetrics_sitenote_category":0,"footnotes":""},"categories":[12],"tags":[531,3369,1296,530,396,3249],"class_list":["post-8927","post","type-post","status-publish","format-standard","has-post-thumbnail","hentry","category-politica","tag-almg","tag-assembleia-legislativa","tag-deputados","tag-minas-gerais","tag-politica","tag-votacao"],"better_featured_image":{"id":8928,"alt_text":"","caption":"","description":"","media_type":"image","media_details":{"width":620,"height":413,"file":"2017\/05\/almg.jpg","sizes":{"thumbnail":{"file":"almg-150x100.jpg","width":150,"height":100,"mime-type":"image\/jpeg","source_url":"https:\/\/lavras.tv\/site\/wp-content\/uploads\/2017\/05\/almg-150x100.jpg"},"medium":{"file":"almg-300x200.jpg","width":300,"height":200,"mime-type":"image\/jpeg","source_url":"https:\/\/lavras.tv\/site\/wp-content\/uploads\/2017\/05\/almg-300x200.jpg"},"featured-post-img":{"file":"almg-480x320.jpg","width":480,"height":320,"mime-type":"image\/jpeg","source_url":"https:\/\/lavras.tv\/site\/wp-content\/uploads\/2017\/05\/almg-480x320.jpg"},"sow-carousel-default":{"file":"almg-272x182.jpg","width":272,"height":182,"mime-type":"image\/jpeg","source_url":"https:\/\/lavras.tv\/site\/wp-content\/uploads\/2017\/05\/almg-272x182.jpg"}},"image_meta":{"aperture":"0","credit":"","camera":"","caption":"","created_timestamp":"0","copyright":"","focal_length":"0","iso":"0","shutter_speed":"0","title":"","orientation":"0","keywords":[]}},"post":8927,"source_url":"https:\/\/lavras.tv\/site\/wp-content\/uploads\/2017\/05\/almg.jpg"},"author_meta":{"display_name":"Lavras TV","author_link":"https:\/\/lavras.tv\/site\/author\/lavrastv\/"},"featured_img":"https:\/\/lavras.tv\/site\/wp-content\/uploads\/2017\/05\/almg-300x200.jpg","coauthors":[],"tax_additional":{"categories":{"linked":["<a href=\"https:\/\/lavras.tv\/site\/category\/politica\/\" class=\"advgb-post-tax-term\">Pol\u00edtica<\/a>"],"unlinked":["<span class=\"advgb-post-tax-term\">Pol\u00edtica<\/span>"]},"tags":{"linked":["<a href=\"https:\/\/lavras.tv\/site\/category\/politica\/\" class=\"advgb-post-tax-term\">almg<\/a>","<a href=\"https:\/\/lavras.tv\/site\/category\/politica\/\" class=\"advgb-post-tax-term\">Assembleia Legislativa<\/a>","<a href=\"https:\/\/lavras.tv\/site\/category\/politica\/\" class=\"advgb-post-tax-term\">deputados<\/a>","<a href=\"https:\/\/lavras.tv\/site\/category\/politica\/\" class=\"advgb-post-tax-term\">minas gerais<\/a>","<a href=\"https:\/\/lavras.tv\/site\/category\/politica\/\" class=\"advgb-post-tax-term\">pol\u00edtica<\/a>","<a href=\"https:\/\/lavras.tv\/site\/category\/politica\/\" class=\"advgb-post-tax-term\">vota\u00e7\u00e3o<\/a>"],"unlinked":["<span class=\"advgb-post-tax-term\">almg<\/span>","<span class=\"advgb-post-tax-term\">Assembleia Legislativa<\/span>","<span class=\"advgb-post-tax-term\">deputados<\/span>","<span class=\"advgb-post-tax-term\">minas gerais<\/span>","<span class=\"advgb-post-tax-term\">pol\u00edtica<\/span>","<span class=\"advgb-post-tax-term\">vota\u00e7\u00e3o<\/span>"]}},"comment_count":"0","relative_dates":{"created":"Publicado 9 anos atr\u00e1s","modified":"Atualizado 9 anos atr\u00e1s"},"absolute_dates":{"created":"Publicado em 15 de maio de 2017","modified":"Atualizado em 15 de maio de 2017"},"absolute_dates_time":{"created":"Publicado em 15 de maio de 2017 08:57","modified":"Atualizado em 15 de maio de 2017 08:57"},"featured_img_caption":"","series_order":"","_links":{"self":[{"href":"https:\/\/lavras.tv\/site\/wp-json\/wp\/v2\/posts\/8927","targetHints":{"allow":["GET"]}}],"collection":[{"href":"https:\/\/lavras.tv\/site\/wp-json\/wp\/v2\/posts"}],"about":[{"href":"https:\/\/lavras.tv\/site\/wp-json\/wp\/v2\/types\/post"}],"author":[{"embeddable":true,"href":"https:\/\/lavras.tv\/site\/wp-json\/wp\/v2\/users\/2"}],"replies":[{"embeddable":true,"href":"https:\/\/lavras.tv\/site\/wp-json\/wp\/v2\/comments?post=8927"}],"version-history":[{"count":1,"href":"https:\/\/lavras.tv\/site\/wp-json\/wp\/v2\/posts\/8927\/revisions"}],"predecessor-version":[{"id":8929,"href":"https:\/\/lavras.tv\/site\/wp-json\/wp\/v2\/posts\/8927\/revisions\/8929"}],"wp:featuredmedia":[{"embeddable":true,"href":"https:\/\/lavras.tv\/site\/wp-json\/wp\/v2\/media\/8928"}],"wp:attachment":[{"href":"https:\/\/lavras.tv\/site\/wp-json\/wp\/v2\/media?parent=8927"}],"wp:term":[{"taxonomy":"category","embeddable":true,"href":"https:\/\/lavras.tv\/site\/wp-json\/wp\/v2\/categories?post=8927"},{"taxonomy":"post_tag","embeddable":true,"href":"https:\/\/lavras.tv\/site\/wp-json\/wp\/v2\/tags?post=8927"}],"curies":[{"name":"wp","href":"https:\/\/api.w.org\/{rel}","templated":true}]}}