{"id":9004,"date":"2017-05-17T10:15:33","date_gmt":"2017-05-17T13:15:33","guid":{"rendered":"http:\/\/lavras.tv\/site\/?p=9004"},"modified":"2017-05-17T10:15:33","modified_gmt":"2017-05-17T13:15:33","slug":"carmen-lucia-sugere-enterrar-o-brasil-do-sabe-com-quem-voce-esta-falando","status":"publish","type":"post","link":"https:\/\/lavras.tv\/site\/2017\/05\/17\/carmen-lucia-sugere-enterrar-o-brasil-do-sabe-com-quem-voce-esta-falando\/","title":{"rendered":"C\u00e1rmen L\u00facia sugere enterrar o Brasil do &#8216;sabe com quem voc\u00ea est\u00e1 falando?&#8217;"},"content":{"rendered":"<div class=\"lavra-antes-do-conteudo_2\" id=\"lavra-507006761\"><div id=\"lavra-slider-27\" class=\"custom-slider lavra-slider-3325607655 lavra-slider\"><ul><li><div style=\"margin-left: auto;margin-right: auto;text-align: center;\" id=\"lavra-2473379233\"><a href=\"https:\/\/sistemas.lavras.mg.gov.br\/portalcidadao\/#df1b1a7c7b2a290bcb31e32771e610784662739a88807c0dacac58ede5f391a7530e299dc302d611ee73cb143fc22eaf93592e53e7b5bdb01b00a0b8d28dae460c141dd2ff83412e4dc1c31b16b25f33144a9e5620ea73b13f5bc1c59411d98439ad226e8af03840603796067d87afe130812cf3de24982d0e306f9e61e764e5\" aria-label=\"Lavras-TV&#8211;720x104px (1) (1)\"><img src=\"https:\/\/lavras.tv\/site\/wp-content\/uploads\/2025\/01\/Lavras-TV-720x104px-1-1.png\" alt=\"\"  srcset=\"https:\/\/lavras.tv\/site\/wp-content\/uploads\/2025\/01\/Lavras-TV-720x104px-1-1.png 720w, https:\/\/lavras.tv\/site\/wp-content\/uploads\/2025\/01\/Lavras-TV-720x104px-1-1-470x68.png 470w, https:\/\/lavras.tv\/site\/wp-content\/uploads\/2025\/01\/Lavras-TV-720x104px-1-1-170x25.png 170w, https:\/\/lavras.tv\/site\/wp-content\/uploads\/2025\/01\/Lavras-TV-720x104px-1-1-200x29.png 200w\" sizes=\"(max-width: 720px) 100vw, 720px\" width=\"720\" height=\"104\"  style=\"display: inline-block;\" \/><\/a><\/div><\/li><li><a href=\"https:\/\/sistemas.lavras.mg.gov.br\/portalcidadao\/#df1b1a7c7b2a290bcb31e32771e610784662739a88807c0dacac58ede5f391a7530e299dc302d611ee73cb143fc22eaf93592e53e7b5bdb01b00a0b8d28dae460c141dd2ff83412e4dc1c31b16b25f33144a9e5620ea73b13f5bc1c59411d98439ad226e8af03840603796067d87afe130812cf3de24982d0e306f9e61e764e5\" aria-label=\"Banner_Emprego_PortallavrasTV\"><img src=\"https:\/\/lavras.tv\/site\/wp-content\/uploads\/2025\/03\/Banner_Emprego_PortallavrasTV.png\" alt=\"\"  srcset=\"https:\/\/lavras.tv\/site\/wp-content\/uploads\/2025\/03\/Banner_Emprego_PortallavrasTV.png 720w, https:\/\/lavras.tv\/site\/wp-content\/uploads\/2025\/03\/Banner_Emprego_PortallavrasTV-470x68.png 470w, https:\/\/lavras.tv\/site\/wp-content\/uploads\/2025\/03\/Banner_Emprego_PortallavrasTV-170x25.png 170w, https:\/\/lavras.tv\/site\/wp-content\/uploads\/2025\/03\/Banner_Emprego_PortallavrasTV-200x29.png 200w\" sizes=\"(max-width: 720px) 100vw, 720px\" width=\"720\" height=\"104\"   \/><\/a><\/li><li><a href=\"https:\/\/sistemas.lavras.mg.gov.br\/portalcidadao\/#df1b1a7c7b2a290bcb31e32771e610784662739a88807c0dacac58ede5f391a7530e299dc302d611ee73cb143fc22eaf93592e53e7b5bdb01b00a0b8d28dae460c141dd2ff83412e4dc1c31b16b25f33144a9e5620ea73b13f5bc1c59411d98439ad226e8af03840603796067d87afe130812cf3de24982d0e306f9e61e764e5\" aria-label=\"Banner_Obras_PortallavrasTV\"><img src=\"https:\/\/lavras.tv\/site\/wp-content\/uploads\/2025\/03\/Banner_Obras_PortallavrasTV.png\" alt=\"\"  srcset=\"https:\/\/lavras.tv\/site\/wp-content\/uploads\/2025\/03\/Banner_Obras_PortallavrasTV.png 720w, https:\/\/lavras.tv\/site\/wp-content\/uploads\/2025\/03\/Banner_Obras_PortallavrasTV-470x68.png 470w, https:\/\/lavras.tv\/site\/wp-content\/uploads\/2025\/03\/Banner_Obras_PortallavrasTV-170x25.png 170w, https:\/\/lavras.tv\/site\/wp-content\/uploads\/2025\/03\/Banner_Obras_PortallavrasTV-200x29.png 200w\" sizes=\"(max-width: 720px) 100vw, 720px\" width=\"720\" height=\"104\"   \/><\/a><\/li><li><div style=\"margin-left: auto;margin-right: auto;text-align: center;\" id=\"lavra-161660465\"><a href=\"https:\/\/sistemas.lavras.mg.gov.br\/portalcidadao\/#df1b1a7c7b2a290bcb31e32771e610784662739a88807c0dacac58ede5f391a7530e299dc302d611ee73cb143fc22eaf93592e53e7b5bdb01b00a0b8d28dae460c141dd2ff83412e4dc1c31b16b25f33144a9e5620ea73b13f5bc1c59411d98439ad226e8af03840603796067d87afe130812cf3de24982d0e306f9e61e764e5\" aria-label=\"Banner_Educa\u00e7\u00e3o_PortallavrasTV\"><img src=\"https:\/\/lavras.tv\/site\/wp-content\/uploads\/2025\/01\/Banner_Educacao_PortallavrasTV.png\" alt=\"\"  srcset=\"https:\/\/lavras.tv\/site\/wp-content\/uploads\/2025\/01\/Banner_Educacao_PortallavrasTV.png 720w, https:\/\/lavras.tv\/site\/wp-content\/uploads\/2025\/01\/Banner_Educacao_PortallavrasTV-470x68.png 470w, https:\/\/lavras.tv\/site\/wp-content\/uploads\/2025\/01\/Banner_Educacao_PortallavrasTV-170x25.png 170w, https:\/\/lavras.tv\/site\/wp-content\/uploads\/2025\/01\/Banner_Educacao_PortallavrasTV-200x29.png 200w\" sizes=\"(max-width: 720px) 100vw, 720px\" width=\"720\" height=\"104\"  style=\"display: inline-block;\" \/><\/a><\/div><\/li><li><a href=\"https:\/\/sistemas.lavras.mg.gov.br\/portalcidadao\/#df1b1a7c7b2a290bcb31e32771e610784662739a88807c0dacac58ede5f391a7530e299dc302d611ee73cb143fc22eaf93592e53e7b5bdb01b00a0b8d28dae460c141dd2ff83412e4dc1c31b16b25f33144a9e5620ea73b13f5bc1c59411d98439ad226e8af03840603796067d87afe130812cf3de24982d0e306f9e61e764e5\" aria-label=\"Banner_Sa\u00fade_PortallavrasTV\"><img src=\"https:\/\/lavras.tv\/site\/wp-content\/uploads\/2025\/03\/Banner_Saude_PortallavrasTV.png\" alt=\"\"  srcset=\"https:\/\/lavras.tv\/site\/wp-content\/uploads\/2025\/03\/Banner_Saude_PortallavrasTV.png 720w, https:\/\/lavras.tv\/site\/wp-content\/uploads\/2025\/03\/Banner_Saude_PortallavrasTV-470x68.png 470w, https:\/\/lavras.tv\/site\/wp-content\/uploads\/2025\/03\/Banner_Saude_PortallavrasTV-170x25.png 170w, https:\/\/lavras.tv\/site\/wp-content\/uploads\/2025\/03\/Banner_Saude_PortallavrasTV-200x29.png 200w\" sizes=\"(max-width: 720px) 100vw, 720px\" width=\"720\" height=\"104\"   \/><\/a><\/li><li><div id=\"lavra-2422207076\" style=\"width:720px;height:104px;background-color:#ddd;overflow:scroll;\">\n\t<strong>Sa\u00edda da depura\u00e7\u00e3o de an\u00fancios<\/strong>\n\t<br><br>\n\tO an\u00fancio n\u00e3o \u00e9 exibido na p\u00e1gina<br><br>post atual: C\u00e1rmen L\u00facia sugere enterrar o Brasil do 'sabe com quem voc\u00ea est\u00e1 falando?', ID: 9004<br><br><span style=\"color: red;\">O post atual n\u00e3o \u00e9 id\u00eantico ao post principal.<\/span><br><br>An\u00fancios: ROXO - TOPO INTERNA - ROTATIVO 2 (197)<br \/>Grupo de an\u00fancios: Princ_Meio01_720x104 (27)<br><br>Condi\u00e7\u00f5es de exibi\u00e7\u00e3o<div style=\"margin-bottom: 20px; white-space: pre-wrap; font-family: monospace; width: 100%; background: #ffe9e9;\"><strong>condi\u00e7\u00f5es gerais<\/strong><table border=\"1\"><thead><tr><th><\/th><th>An\u00fancios<\/th><th>wp_the_query<\/th><\/tr><\/thead><tr><td>is_main_query<\/td><td>1<\/td><td>1<\/td><\/tr><tr><td>is_rest_api<\/td><td>0<\/td><td>1<\/td><\/tr><tr><td>page<\/td><td>0<\/td><td>1<\/td><\/tr><tr><td>numpages<\/td><td>0<\/td><td>1<\/td><\/tr><tr><td>is_archive<\/td><td>1<\/td><td><\/td><\/tr><tr><td>is_search<\/td><td>1<\/td><td><\/td><\/tr><tr><td>is_home<\/td><td>1<\/td><td><\/td><\/tr><tr><td>is_404<\/td><td>1<\/td><td><\/td><\/tr><tr><td>is_attachment<\/td><td>1<\/td><td><\/td><\/tr><tr><td>is_singular<\/td><td>1<\/td><td><\/td><\/tr><tr><td>is_front_page<\/td><td>1<\/td><td><\/td><\/tr><tr><td>is_feed<\/td><td>1<\/td><td><\/td><\/tr><\/table><\/div><br><br><span style=\"color: red;\">Seu site usa HTTPS, mas o c\u00f3digo do an\u00fancio cont\u00e9m HTTP e pode n\u00e3o funcionar.<\/span>\t<br><br>\n\t<a style=\"color: green;\" href=\"https:\/\/wpadvancedads.com\/manual\/ad-debug-mode\/?utm_source=advanced-ads&utm_medium=link&utm_campaign=ad-debug-mode\" target=\"_blank\" rel=\"nofollow\">Encontre solu\u00e7\u00f5es no manual<\/a>\n<\/div>\n<\/li><\/ul><\/div><script>( window.advanced_ads_ready || jQuery( document ).ready ).call( null, function() {var $lavraslider3325607655 = jQuery( \".lavra-slider-3325607655\" );$lavraslider3325607655.on( \"unslider.ready\", function() { jQuery( \"div.custom-slider ul li\" ).css( \"display\", \"block\" ); });$lavraslider3325607655.unslider({ delay:4000, autoplay:true, nav:false, arrows:false, infinite:true });$lavraslider3325607655.on(\"mouseover\", function() {$lavraslider3325607655.unslider(\"stop\");}).on(\"mouseout\", function() {$lavraslider3325607655.unslider(\"start\");});});<\/script><\/div><p>O Plen\u00e1rio do Conselho Nacional de Justi\u00e7a concluiu nesta ter\u00e7a-feira, 16, que o desembargador do Tribunal de Justi\u00e7a do Rio Grande do Norte Dilermando Motta Pereira n\u00e3o cometeu falta disciplinar que justifique puni\u00e7\u00e3o administrativa devido a desentendimento que teve com o gar\u00e7om de uma padaria de Natal, em janeiro de 2014. <!--more-->Motta Pereira teria exigido ser tratado de excel\u00eancia e at\u00e9 amea\u00e7ado o gar\u00e7om de agress\u00e3o.<\/p>\n<p><img fetchpriority=\"high\" decoding=\"async\" class=\"alignnone size-full wp-image-9005 aligncenter\" src=\"http:\/\/lavras.tv\/site\/wp-content\/uploads\/2017\/05\/carmemlucia.jpg\" alt=\"carmemlucia\" width=\"405\" height=\"269\" srcset=\"https:\/\/lavras.tv\/site\/wp-content\/uploads\/2017\/05\/carmemlucia.jpg 405w, https:\/\/lavras.tv\/site\/wp-content\/uploads\/2017\/05\/carmemlucia-150x100.jpg 150w, https:\/\/lavras.tv\/site\/wp-content\/uploads\/2017\/05\/carmemlucia-300x199.jpg 300w, https:\/\/lavras.tv\/site\/wp-content\/uploads\/2017\/05\/carmemlucia-272x182.jpg 272w\" sizes=\"(max-width: 405px) 100vw, 405px\" \/><\/p>\n<p>O processo foi aberto pelo Conselho para apurar se a conduta do magistrado violou a Lei Org\u00e2nica da Magistratura Nacional (Loman) e se houve abuso de autoridade no epis\u00f3dio, mas os conselheiros presentes \u00e0 251\u00aa sess\u00e3o ordin\u00e1ria do colegiado seguiram o voto do relator do processo, Carlos Levenhagen, segundo o qual n\u00e3o foram comprovadas as faltas disciplinares atribu\u00eddas inicialmente ao desembargador.<\/p>\n<p><strong>Ressalvas<\/strong><\/p>\n<p>A presidente do Supremo Tribunal Federal e do CNJ, ministra C\u00e1rmen L\u00facia, acompanhou o relator, segundo ela, devido ao fato de o epis\u00f3dio n\u00e3o tratar da atua\u00e7\u00e3o de Motta Pereira como juiz, mas fez ressalvas quanto \u00e0 prud\u00eancia exigida da conduta dos magistrados.<\/p>\n<p>&#8220;Reconhe\u00e7o que n\u00e3o h\u00e1 nada que possa comprometer nem nada que diga respeito \u00e0 judicatura, mas todos n\u00f3s que exercemos determinados cargos devemos ter cuidado. Acho que era para ser enterrado o Brasil do &#8216;sabe com quem voc\u00ea est\u00e1 falando? e do exigir ser tratado de Excel\u00eancia numa padaria.&#8221;<\/p>\n<p>&#8220;O que li do voto \u00e9 que o entrevero com o gar\u00e7om teria decorrido disso: (o desembargador) achar que teve um tratamento que n\u00e3o era condigno com sua condi\u00e7\u00e3o. Ningu\u00e9m vai \u00e0 padaria em condi\u00e7\u00e3o desigual. Voc\u00ea chegar a um lugar como consumidor e exigir ser tratado como excel\u00eancia, Sua Excel\u00eancia o consumidor vale igual para todos.&#8221;<\/p>\n<p>Na fase de provas, o relator Levenhagen interrogou testemunhas indicadas pelo Minist\u00e9rio P\u00fablico e pela defesa, em novembro do ano passado, e tamb\u00e9m assistiu ao v\u00eddeo da confus\u00e3o.<\/p>\n<p>No entanto, na avalia\u00e7\u00e3o do Conselho, o material audiovisual n\u00e3o permite inferir que as acusa\u00e7\u00f5es imputadas ao desembargador ocorreram de fato, de acordo com o entendimento do relator e do Minist\u00e9rio P\u00fablico, que tamb\u00e9m pediu a improced\u00eancia do Processo Administrativo Disciplinar (PAD 0003017-15.2016.2.00.0000).<\/p>\n<p>&#8220;N\u00e3o vi qualquer ato disciplinar violador por parte do magistrado, com as provas produzidas, raz\u00e3o pela qual, al\u00e9m de reconhecer que n\u00e3o seria nem mesmo aplic\u00e1vel, conforme o pr\u00f3prio Minist\u00e9rio P\u00fablico, pena de advert\u00eancia ou pena de censura ao desembargador&#8221;, afirmou Carlos Levenhagen. &#8220;No caso, reconhe\u00e7o que n\u00e3o houve ainda qualquer fato que pudesse imputar este apenamento.&#8221;<\/p>\n<p>No processo, o desembargador do Rio Grande do Norte afirmou ter sido mal atendido na padaria &#8211; a discuss\u00e3o teria come\u00e7ado quando o magistrado pediu para o gar\u00e7om trocar um copo de vidro na mesa.<\/p>\n<p>Por causa de um outro cliente da padaria que come\u00e7ou a discutir com o desembargador, Motta Pereira precisou chamar a Pol\u00edcia local para conseguir sair do local.<\/p>\n<p>O caso ficou conhecido nacionalmente por causa dos v\u00eddeos feitos por outros clientes presentes \u00e0 padaria na hora da confus\u00e3o e publicados nas redes sociais.<\/p>\n<p>A reportagem fez contato, por telefone e por e-mail, com o gabinete do desembargador Dilermando Motta Pereira, no Tribunal de Justi\u00e7a do Rio Grande do Norte. O espa\u00e7o est\u00e1 aberto para manifesta\u00e7\u00e3o do magistrado.<\/p>\n<p>Fonte: Itatiaia<\/p>\n","protected":false},"excerpt":{"rendered":"<p>O Plen\u00e1rio do Conselho Nacional de Justi\u00e7a concluiu nesta ter\u00e7a-feira, 16, que o desembargador do Tribunal de Justi\u00e7a do Rio Grande do Norte Dilermando Motta Pereira n\u00e3o cometeu falta disciplinar que justifique puni\u00e7\u00e3o administrativa devido a desentendimento que teve com o gar\u00e7om de uma padaria de Natal, em janeiro de 2014.<\/p>\n","protected":false},"author":2,"featured_media":9005,"comment_status":"closed","ping_status":"open","sticky":false,"template":"","format":"standard","meta":{"advgb_blocks_editor_width":"","advgb_blocks_columns_visual_guide":"","_exactmetrics_skip_tracking":false,"_exactmetrics_sitenote_active":false,"_exactmetrics_sitenote_note":"","_exactmetrics_sitenote_category":0,"footnotes":""},"categories":[12],"tags":[2483,396,2484],"class_list":["post-9004","post","type-post","status-publish","format-standard","has-post-thumbnail","hentry","category-politica","tag-carmem-lucia","tag-politica","tag-stf"],"better_featured_image":{"id":9005,"alt_text":"","caption":"","description":"","media_type":"image","media_details":{"width":405,"height":269,"file":"2017\/05\/carmemlucia.jpg","sizes":{"thumbnail":{"file":"carmemlucia-150x100.jpg","width":150,"height":100,"mime-type":"image\/jpeg","source_url":"https:\/\/lavras.tv\/site\/wp-content\/uploads\/2017\/05\/carmemlucia-150x100.jpg"},"medium":{"file":"carmemlucia-300x199.jpg","width":300,"height":199,"mime-type":"image\/jpeg","source_url":"https:\/\/lavras.tv\/site\/wp-content\/uploads\/2017\/05\/carmemlucia-300x199.jpg"},"sow-carousel-default":{"file":"carmemlucia-272x182.jpg","width":272,"height":182,"mime-type":"image\/jpeg","source_url":"https:\/\/lavras.tv\/site\/wp-content\/uploads\/2017\/05\/carmemlucia-272x182.jpg"}},"image_meta":{"aperture":"0","credit":"","camera":"","caption":"","created_timestamp":"0","copyright":"","focal_length":"0","iso":"0","shutter_speed":"0","title":"","orientation":"0","keywords":[]}},"post":9004,"source_url":"https:\/\/lavras.tv\/site\/wp-content\/uploads\/2017\/05\/carmemlucia.jpg"},"author_meta":{"display_name":"Lavras TV","author_link":"https:\/\/lavras.tv\/site\/author\/lavrastv\/"},"featured_img":"https:\/\/lavras.tv\/site\/wp-content\/uploads\/2017\/05\/carmemlucia-300x199.jpg","coauthors":[],"tax_additional":{"categories":{"linked":["<a href=\"https:\/\/lavras.tv\/site\/category\/politica\/\" class=\"advgb-post-tax-term\">Pol\u00edtica<\/a>"],"unlinked":["<span class=\"advgb-post-tax-term\">Pol\u00edtica<\/span>"]},"tags":{"linked":["<a href=\"https:\/\/lavras.tv\/site\/category\/politica\/\" class=\"advgb-post-tax-term\">carmem l\u00facia<\/a>","<a href=\"https:\/\/lavras.tv\/site\/category\/politica\/\" class=\"advgb-post-tax-term\">pol\u00edtica<\/a>","<a href=\"https:\/\/lavras.tv\/site\/category\/politica\/\" class=\"advgb-post-tax-term\">stf<\/a>"],"unlinked":["<span class=\"advgb-post-tax-term\">carmem l\u00facia<\/span>","<span class=\"advgb-post-tax-term\">pol\u00edtica<\/span>","<span class=\"advgb-post-tax-term\">stf<\/span>"]}},"comment_count":"0","relative_dates":{"created":"Publicado 9 anos atr\u00e1s","modified":"Atualizado 9 anos atr\u00e1s"},"absolute_dates":{"created":"Publicado em 17 de maio de 2017","modified":"Atualizado em 17 de maio de 2017"},"absolute_dates_time":{"created":"Publicado em 17 de maio de 2017 10:15","modified":"Atualizado em 17 de maio de 2017 10:15"},"featured_img_caption":"","series_order":"","_links":{"self":[{"href":"https:\/\/lavras.tv\/site\/wp-json\/wp\/v2\/posts\/9004","targetHints":{"allow":["GET"]}}],"collection":[{"href":"https:\/\/lavras.tv\/site\/wp-json\/wp\/v2\/posts"}],"about":[{"href":"https:\/\/lavras.tv\/site\/wp-json\/wp\/v2\/types\/post"}],"author":[{"embeddable":true,"href":"https:\/\/lavras.tv\/site\/wp-json\/wp\/v2\/users\/2"}],"replies":[{"embeddable":true,"href":"https:\/\/lavras.tv\/site\/wp-json\/wp\/v2\/comments?post=9004"}],"version-history":[{"count":1,"href":"https:\/\/lavras.tv\/site\/wp-json\/wp\/v2\/posts\/9004\/revisions"}],"predecessor-version":[{"id":9006,"href":"https:\/\/lavras.tv\/site\/wp-json\/wp\/v2\/posts\/9004\/revisions\/9006"}],"wp:featuredmedia":[{"embeddable":true,"href":"https:\/\/lavras.tv\/site\/wp-json\/wp\/v2\/media\/9005"}],"wp:attachment":[{"href":"https:\/\/lavras.tv\/site\/wp-json\/wp\/v2\/media?parent=9004"}],"wp:term":[{"taxonomy":"category","embeddable":true,"href":"https:\/\/lavras.tv\/site\/wp-json\/wp\/v2\/categories?post=9004"},{"taxonomy":"post_tag","embeddable":true,"href":"https:\/\/lavras.tv\/site\/wp-json\/wp\/v2\/tags?post=9004"}],"curies":[{"name":"wp","href":"https:\/\/api.w.org\/{rel}","templated":true}]}}