{"id":9067,"date":"2017-05-18T09:48:10","date_gmt":"2017-05-18T12:48:10","guid":{"rendered":"http:\/\/lavras.tv\/site\/?p=9067"},"modified":"2017-05-18T09:48:10","modified_gmt":"2017-05-18T12:48:10","slug":"dono-da-jbs-gravou-temer-dando-aval-para-comprar-silencio-de-cunha-diz-jornal","status":"publish","type":"post","link":"https:\/\/lavras.tv\/site\/2017\/05\/18\/dono-da-jbs-gravou-temer-dando-aval-para-comprar-silencio-de-cunha-diz-jornal\/","title":{"rendered":"Dono da JBS gravou Temer dando aval para comprar sil\u00eancio de Cunha, diz jornal"},"content":{"rendered":"<div class=\"lavra-antes-do-conteudo_2\" id=\"lavra-376262354\"><div id=\"lavra-slider-27\" class=\"custom-slider lavra-slider-1829743257 lavra-slider\"><ul><li><div style=\"margin-left: auto;margin-right: auto;text-align: center;\" id=\"lavra-988770482\"><a href=\"https:\/\/sistemas.lavras.mg.gov.br\/portalcidadao\/#df1b1a7c7b2a290bcb31e32771e610784662739a88807c0dacac58ede5f391a7530e299dc302d611ee73cb143fc22eaf93592e53e7b5bdb01b00a0b8d28dae460c141dd2ff83412e4dc1c31b16b25f33144a9e5620ea73b13f5bc1c59411d98439ad226e8af03840603796067d87afe130812cf3de24982d0e306f9e61e764e5\" aria-label=\"Lavras-TV&#8211;720x104px (1) (1)\"><img src=\"https:\/\/lavras.tv\/site\/wp-content\/uploads\/2025\/01\/Lavras-TV-720x104px-1-1.png\" alt=\"\"  srcset=\"https:\/\/lavras.tv\/site\/wp-content\/uploads\/2025\/01\/Lavras-TV-720x104px-1-1.png 720w, https:\/\/lavras.tv\/site\/wp-content\/uploads\/2025\/01\/Lavras-TV-720x104px-1-1-470x68.png 470w, https:\/\/lavras.tv\/site\/wp-content\/uploads\/2025\/01\/Lavras-TV-720x104px-1-1-170x25.png 170w, https:\/\/lavras.tv\/site\/wp-content\/uploads\/2025\/01\/Lavras-TV-720x104px-1-1-200x29.png 200w\" sizes=\"(max-width: 720px) 100vw, 720px\" width=\"720\" height=\"104\"  style=\"display: inline-block;\" \/><\/a><\/div><\/li><li><a href=\"https:\/\/sistemas.lavras.mg.gov.br\/portalcidadao\/#df1b1a7c7b2a290bcb31e32771e610784662739a88807c0dacac58ede5f391a7530e299dc302d611ee73cb143fc22eaf93592e53e7b5bdb01b00a0b8d28dae460c141dd2ff83412e4dc1c31b16b25f33144a9e5620ea73b13f5bc1c59411d98439ad226e8af03840603796067d87afe130812cf3de24982d0e306f9e61e764e5\" aria-label=\"Banner_Emprego_PortallavrasTV\"><img src=\"https:\/\/lavras.tv\/site\/wp-content\/uploads\/2025\/03\/Banner_Emprego_PortallavrasTV.png\" alt=\"\"  srcset=\"https:\/\/lavras.tv\/site\/wp-content\/uploads\/2025\/03\/Banner_Emprego_PortallavrasTV.png 720w, https:\/\/lavras.tv\/site\/wp-content\/uploads\/2025\/03\/Banner_Emprego_PortallavrasTV-470x68.png 470w, https:\/\/lavras.tv\/site\/wp-content\/uploads\/2025\/03\/Banner_Emprego_PortallavrasTV-170x25.png 170w, https:\/\/lavras.tv\/site\/wp-content\/uploads\/2025\/03\/Banner_Emprego_PortallavrasTV-200x29.png 200w\" sizes=\"(max-width: 720px) 100vw, 720px\" width=\"720\" height=\"104\"   \/><\/a><\/li><li><a href=\"https:\/\/sistemas.lavras.mg.gov.br\/portalcidadao\/#df1b1a7c7b2a290bcb31e32771e610784662739a88807c0dacac58ede5f391a7530e299dc302d611ee73cb143fc22eaf93592e53e7b5bdb01b00a0b8d28dae460c141dd2ff83412e4dc1c31b16b25f33144a9e5620ea73b13f5bc1c59411d98439ad226e8af03840603796067d87afe130812cf3de24982d0e306f9e61e764e5\" aria-label=\"Banner_Obras_PortallavrasTV\"><img src=\"https:\/\/lavras.tv\/site\/wp-content\/uploads\/2025\/03\/Banner_Obras_PortallavrasTV.png\" alt=\"\"  srcset=\"https:\/\/lavras.tv\/site\/wp-content\/uploads\/2025\/03\/Banner_Obras_PortallavrasTV.png 720w, https:\/\/lavras.tv\/site\/wp-content\/uploads\/2025\/03\/Banner_Obras_PortallavrasTV-470x68.png 470w, https:\/\/lavras.tv\/site\/wp-content\/uploads\/2025\/03\/Banner_Obras_PortallavrasTV-170x25.png 170w, https:\/\/lavras.tv\/site\/wp-content\/uploads\/2025\/03\/Banner_Obras_PortallavrasTV-200x29.png 200w\" sizes=\"(max-width: 720px) 100vw, 720px\" width=\"720\" height=\"104\"   \/><\/a><\/li><li><div style=\"margin-left: auto;margin-right: auto;text-align: center;\" id=\"lavra-3598264\"><a href=\"https:\/\/sistemas.lavras.mg.gov.br\/portalcidadao\/#df1b1a7c7b2a290bcb31e32771e610784662739a88807c0dacac58ede5f391a7530e299dc302d611ee73cb143fc22eaf93592e53e7b5bdb01b00a0b8d28dae460c141dd2ff83412e4dc1c31b16b25f33144a9e5620ea73b13f5bc1c59411d98439ad226e8af03840603796067d87afe130812cf3de24982d0e306f9e61e764e5\" aria-label=\"Banner_Educa\u00e7\u00e3o_PortallavrasTV\"><img src=\"https:\/\/lavras.tv\/site\/wp-content\/uploads\/2025\/01\/Banner_Educacao_PortallavrasTV.png\" alt=\"\"  srcset=\"https:\/\/lavras.tv\/site\/wp-content\/uploads\/2025\/01\/Banner_Educacao_PortallavrasTV.png 720w, https:\/\/lavras.tv\/site\/wp-content\/uploads\/2025\/01\/Banner_Educacao_PortallavrasTV-470x68.png 470w, https:\/\/lavras.tv\/site\/wp-content\/uploads\/2025\/01\/Banner_Educacao_PortallavrasTV-170x25.png 170w, https:\/\/lavras.tv\/site\/wp-content\/uploads\/2025\/01\/Banner_Educacao_PortallavrasTV-200x29.png 200w\" sizes=\"(max-width: 720px) 100vw, 720px\" width=\"720\" height=\"104\"  style=\"display: inline-block;\" \/><\/a><\/div><\/li><li><a href=\"https:\/\/sistemas.lavras.mg.gov.br\/portalcidadao\/#df1b1a7c7b2a290bcb31e32771e610784662739a88807c0dacac58ede5f391a7530e299dc302d611ee73cb143fc22eaf93592e53e7b5bdb01b00a0b8d28dae460c141dd2ff83412e4dc1c31b16b25f33144a9e5620ea73b13f5bc1c59411d98439ad226e8af03840603796067d87afe130812cf3de24982d0e306f9e61e764e5\" aria-label=\"Banner_Sa\u00fade_PortallavrasTV\"><img src=\"https:\/\/lavras.tv\/site\/wp-content\/uploads\/2025\/03\/Banner_Saude_PortallavrasTV.png\" alt=\"\"  srcset=\"https:\/\/lavras.tv\/site\/wp-content\/uploads\/2025\/03\/Banner_Saude_PortallavrasTV.png 720w, https:\/\/lavras.tv\/site\/wp-content\/uploads\/2025\/03\/Banner_Saude_PortallavrasTV-470x68.png 470w, https:\/\/lavras.tv\/site\/wp-content\/uploads\/2025\/03\/Banner_Saude_PortallavrasTV-170x25.png 170w, https:\/\/lavras.tv\/site\/wp-content\/uploads\/2025\/03\/Banner_Saude_PortallavrasTV-200x29.png 200w\" sizes=\"(max-width: 720px) 100vw, 720px\" width=\"720\" height=\"104\"   \/><\/a><\/li><li><div id=\"lavra-3934474038\" style=\"width:720px;height:104px;background-color:#ddd;overflow:scroll;\">\n\t<strong>Sa\u00edda da depura\u00e7\u00e3o de an\u00fancios<\/strong>\n\t<br><br>\n\tO an\u00fancio n\u00e3o \u00e9 exibido na p\u00e1gina<br><br>post atual: Dono da JBS gravou Temer dando aval para comprar sil\u00eancio de Cunha, diz jornal, ID: 9067<br><br><span style=\"color: red;\">O post atual n\u00e3o \u00e9 id\u00eantico ao post principal.<\/span><br><br>An\u00fancios: ROXO - TOPO INTERNA - ROTATIVO 2 (197)<br \/>Grupo de an\u00fancios: Princ_Meio01_720x104 (27)<br><br>Condi\u00e7\u00f5es de exibi\u00e7\u00e3o<div style=\"margin-bottom: 20px; white-space: pre-wrap; font-family: monospace; width: 100%; background: #ffe9e9;\"><strong>condi\u00e7\u00f5es gerais<\/strong><table border=\"1\"><thead><tr><th><\/th><th>An\u00fancios<\/th><th>wp_the_query<\/th><\/tr><\/thead><tr><td>is_main_query<\/td><td>1<\/td><td>1<\/td><\/tr><tr><td>is_rest_api<\/td><td>0<\/td><td>1<\/td><\/tr><tr><td>page<\/td><td>0<\/td><td>1<\/td><\/tr><tr><td>numpages<\/td><td>0<\/td><td>1<\/td><\/tr><tr><td>is_archive<\/td><td>1<\/td><td><\/td><\/tr><tr><td>is_search<\/td><td>1<\/td><td><\/td><\/tr><tr><td>is_home<\/td><td>1<\/td><td><\/td><\/tr><tr><td>is_404<\/td><td>1<\/td><td><\/td><\/tr><tr><td>is_attachment<\/td><td>1<\/td><td><\/td><\/tr><tr><td>is_singular<\/td><td>1<\/td><td><\/td><\/tr><tr><td>is_front_page<\/td><td>1<\/td><td><\/td><\/tr><tr><td>is_feed<\/td><td>1<\/td><td><\/td><\/tr><\/table><\/div><br><br><span style=\"color: red;\">Seu site usa HTTPS, mas o c\u00f3digo do an\u00fancio cont\u00e9m HTTP e pode n\u00e3o funcionar.<\/span>\t<br><br>\n\t<a style=\"color: green;\" href=\"https:\/\/wpadvancedads.com\/manual\/ad-debug-mode\/?utm_source=advanced-ads&utm_medium=link&utm_campaign=ad-debug-mode\" target=\"_blank\" rel=\"nofollow\">Encontre solu\u00e7\u00f5es no manual<\/a>\n<\/div>\n<\/li><\/ul><\/div><script>( window.advanced_ads_ready || jQuery( document ).ready ).call( null, function() {var $lavraslider1829743257 = jQuery( \".lavra-slider-1829743257\" );$lavraslider1829743257.on( \"unslider.ready\", function() { jQuery( \"div.custom-slider ul li\" ).css( \"display\", \"block\" ); });$lavraslider1829743257.unslider({ delay:4000, autoplay:true, nav:false, arrows:false, infinite:true });$lavraslider1829743257.on(\"mouseover\", function() {$lavraslider1829743257.unslider(\"stop\");}).on(\"mouseout\", function() {$lavraslider1829743257.unslider(\"start\");});});<\/script><\/div><div class=\"mc-column content-text active-extra-styles active-capital-letter\" data-block-type=\"unstyled\" data-block-weight=\"61\">\n<p class=\"content-text__container theme-color-primary-first-letter\" data-track-category=\"Link no Texto\" data-track-links=\"\">Os donos do frigor\u00edfico JBS, Joesley e Wesley Batista, disseram em dela\u00e7\u00e3o \u00e0 Procuradoria-Geral da Rep\u00fablica (PGR) que gravaram o presidente Michel Temer dando aval para comprar o sil\u00eancio do deputado cassado e ex-presidente da C\u00e2mara dos Deputados Eduardo Cunha (PMDB-RJ), depois que ele foi preso na opera\u00e7\u00e3o Lava Jato. A informa\u00e7\u00e3o \u00e9 do colunista do jornal &#8220;O Globo&#8221; Lauro Jardim.<\/p>\n<\/div>\n<p><!--more--><\/p>\n<div class=\"mc-column content-text active-extra-styles \" data-block-type=\"unstyled\" data-block-weight=\"63\">\n<p class=\"content-text__container \" data-track-category=\"Link no Texto\" data-track-links=\"\"><img fetchpriority=\"high\" decoding=\"async\" class=\"alignnone size-full wp-image-9068 aligncenter\" src=\"http:\/\/lavras.tv\/site\/wp-content\/uploads\/2017\/05\/temer-1.jpg\" alt=\"temer\" width=\"1000\" height=\"558\" srcset=\"https:\/\/lavras.tv\/site\/wp-content\/uploads\/2017\/05\/temer-1.jpg 1000w, https:\/\/lavras.tv\/site\/wp-content\/uploads\/2017\/05\/temer-1-150x84.jpg 150w, https:\/\/lavras.tv\/site\/wp-content\/uploads\/2017\/05\/temer-1-300x167.jpg 300w\" sizes=\"(max-width: 1000px) 100vw, 1000px\" \/><\/p>\n<p class=\"content-text__container \" data-track-category=\"Link no Texto\" data-track-links=\"\">Ainda n\u00e3o h\u00e1 informa\u00e7\u00e3o sobre se a dela\u00e7\u00e3o foi homologada. O Supremo Tribunal Federal (STF) n\u00e3o se pronunciou nesta quarta-feira (17) sobre a dela\u00e7\u00e3o. Isso \u00e9 importante porque a partir da homologa\u00e7\u00e3o se pode levantar o sigilo e, com isso, se confirmar a fala do presidente. A TV Globo apurou que participantes da investiga\u00e7\u00e3o confirmaram que tudo que O Globo publicou \u00e9 verdade.<\/p>\n<\/div>\n<div class=\"mc-column content-text active-extra-styles \" data-block-type=\"unstyled\" data-block-weight=\"45\">\n<p class=\"content-text__container \" data-track-category=\"Link no Texto\" data-track-links=\"\">Segundo o jornal, o empres\u00e1rio Joesley entregou uma grava\u00e7\u00e3o feita em 7 de mar\u00e7o deste ano em que Temer indica o deputado Rodrigo Rocha Loures (PMDB-PR) para resolver assuntos da J&amp;F, uma holding que controla o frigor\u00edfico JBS no Conselho Administrativo de Defesa Econ\u00f4mica (Cade).<\/p>\n<\/div>\n<div class=\"mc-column content-text active-extra-styles \" data-block-type=\"unstyled\" data-block-weight=\"25\">\n<p class=\"content-text__container \" data-track-category=\"Link no Texto\" data-track-links=\"\">Rocha Loures j\u00e1 foi chefe de Rela\u00e7\u00f5es Institucionais da Presid\u00eancia, quando Temer era vice-presidente e assessor especial da presid\u00eancia ap\u00f3s o impeachment de Dilma Rousseff.<\/p>\n<\/div>\n<div class=\"mc-column content-text active-extra-styles \" data-block-type=\"unstyled\" data-block-weight=\"39\">\n<p class=\"content-text__container \" data-track-category=\"Link no Texto\" data-track-links=\"\">A reportagem relata que o dono da JBS marcou um encontro com Rocha Loures em Bras\u00edlia e contou o que precisava no Cade. Pelo servi\u00e7o, segundo &#8216;O Globo&#8217;, Joesley ofereceu propina de 5% e Rocha Lores deu o aval.<\/p>\n<\/div>\n<div class=\"mc-column content-text active-extra-styles \" data-block-type=\"unstyled\" data-block-weight=\"51\">\n<p class=\"content-text__container \" data-track-category=\"Link no Texto\" data-track-links=\"\">As negocia\u00e7\u00f5es teriam continuado em outra reuni\u00e3o, entre Rocha Loures e Ricardo Saud, diretor da JBS. Foi combinado o pagamento de R$ 500 mil semanais por 20 anos, R$ 480 milh\u00f5es ao longo de duas d\u00e9cadas. Posteriormente, Rocha Lourdes foi filmado recebendo uma mala com R$ 500 mil, enviados por Joesley.<\/p>\n<\/div>\n<div class=\"mc-column content-media content-media--normal content-video\" data-block-type=\"backstage-video\">\n<div class=\"content-media__container content-media__container--loaded\">\n<div class=\"content-video__video\">\n<div id=\"wp3-player-0\" class=\"clappr-player\" tabindex=\"9999\" data-player=\"\">\n<div class=\"dfp-ad-overlay dfp-poster-mode\" style=\"text-align: center;\" data-ad-overlay=\"\"><img decoding=\"async\" class=\"content-video__placeholder__thumb\" title=\"Confira a enorme e devastadora repercuss\u00e3o do notici\u00e1rio do jornal O Globo\" src=\"http:\/\/s01.video.glbimg.com\/x720\/5876936.jpg\" alt=\"Confira a enorme e devastadora repercuss\u00e3o do notici\u00e1rio do jornal O Globo\" \/><\/div>\n<\/div>\n<\/div>\n<\/div>\n<div class=\"content-media__description-centered\"><\/div>\n<\/div>\n<div class=\"content-ads content-ads--reveal\"><\/div>\n<div class=\"mc-column content-text active-extra-styles \" data-block-type=\"unstyled\" data-block-weight=\"42\">\n<p class=\"content-text__container \" data-track-category=\"Link no Texto\" data-track-links=\"\">Em outra grava\u00e7\u00e3o, tamb\u00e9m de mar\u00e7o, o empres\u00e1rio diz a Temer que estava dando a Eduardo Cunha e ao operador L\u00facio Funaro uma mesada para que permanecessem calados na pris\u00e3o. Diante dessa informa\u00e7\u00e3o, Temer diz, na grava\u00e7\u00e3o: &#8220;tem que manter isso, viu?&#8221;<\/p>\n<\/div>\n<div class=\"mc-column content-text active-extra-styles \" data-block-type=\"unstyled\" data-block-weight=\"49\">\n<p class=\"content-text__container \" data-track-category=\"Link no Texto\" data-track-links=\"\">Na dela\u00e7\u00e3o de Joesley, o senador A\u00e9cio Neves (MG), presidente do PSDB, \u00e9 gravado pedindo ao empres\u00e1rio R$ 2 milh\u00f5es. No \u00e1udio, com dura\u00e7\u00e3o de cerca de 30 minutos, o presidente nacional do PSDB justifica o pedido dizendo que precisava da quantia para pagar sua defesa na Lava Jato.<\/p>\n<\/div>\n<div class=\"mc-column content-text active-extra-styles \" data-block-type=\"unstyled\" data-block-weight=\"38\">\n<p class=\"content-text__container \" data-track-category=\"Link no Texto\" data-track-links=\"\">A entrega do dinheiro foi feita a Frederico Pacheco de Medeiros, primo de A\u00e9cio, que foi diretor da Companhia Energ\u00e9tica de Minas Gerais (Cemig), nomeado por A\u00e9cio, e um dos coordenadores de sua campanha a presidente em 2014.<\/p>\n<\/div>\n<div class=\"mc-column content-text active-extra-styles \" data-block-type=\"unstyled\" data-block-weight=\"50\">\n<p class=\"content-text__container \" data-track-category=\"Link no Texto\" data-track-links=\"\">Quem levou o dinheiro a Fred foi o diretor da JBS, Ricardo Saud. Foram quatro entregas, de R$ 500 mil cada uma. Um dos pagamentos foi filmado pela Pol\u00edcia Federal (PF). A PF rastreou o caminho do dinheiro e descobriu que foi depositado numa empresa do senador Zez\u00e9 Perrella (PSDB-MG).<\/p>\n<\/div>\n<div class=\"mc-column content-text active-extra-styles \" data-block-type=\"unstyled\" data-block-weight=\"20\">\n<p class=\"content-text__container \" data-track-category=\"Link no Texto\" data-track-links=\"\">Outra filmagem mostra que Fred repassou, ainda em S\u00e3o Paulo, as malas para Mendherson Souza Lima, secret\u00e1rio parlamentar de Perella.<\/p>\n<\/div>\n<div class=\"mc-column content-text active-extra-styles \" data-block-type=\"unstyled\" data-block-weight=\"36\">\n<p class=\"content-text__container \" data-track-category=\"Link no Texto\" data-track-links=\"\">Segundo a reportagem, no material que chegou \u00e0s m\u00e3os do ministro Edson Fachin no STF a PGR diz ter elementos para afirmar que o dinheiro recebido pelos assessores de A\u00e9cio Neves n\u00e3o era para os advogados.<\/p>\n<\/div>\n<div class=\"mc-column content-text active-extra-styles \" data-block-type=\"unstyled\" data-block-weight=\"57\">\n<p class=\"content-text__container \" data-track-category=\"Link no Texto\" data-track-links=\"\"><strong>Outros lados<\/strong><br \/>\nEm nota, a Secretaria Especial de Comunica\u00e7\u00e3o Social da Presid\u00eancia disse que o presidente Michel Temer &#8220;jamais solicitou pagamentos para obter o sil\u00eancio do ex-deputado Eduardo Cunha. N\u00e3o participou nem autorizou qualquer movimento com o objetivo de evitar dela\u00e7\u00e3o ou colabora\u00e7\u00e3o com a Justi\u00e7a pelo ex-parlamentar&#8221;. <em>(Veja no final do texto a \u00edntegra da nota).<\/em><\/p>\n<\/div>\n<div class=\"mc-column content-text active-extra-styles \" data-block-type=\"unstyled\" data-block-weight=\"53\">\n<p class=\"content-text__container \" data-track-category=\"Link no Texto\" data-track-links=\"\">A\u00e9cio, tamb\u00e9m em nota, se declarou &#8220;absolutamente tranquilo quanto \u00e0 corre\u00e7\u00e3o de todos os seus atos. No que se refere \u00e0 rela\u00e7\u00e3o com o senhor Joesley Batista, ela era estritamente pessoal, sem qualquer envolvimento com o setor p\u00fablico. O senador aguarda ter acesso ao conjunto das informa\u00e7\u00f5es para prestar todos os esclarecimentos necess\u00e1rios&#8221;.<\/p>\n<\/div>\n<div class=\"mc-column content-text active-extra-styles \" data-block-type=\"unstyled\" data-block-weight=\"13\">\n<p class=\"content-text__container \" data-track-category=\"Link no Texto\" data-track-links=\"\">A JBS e a defesa de Eduardo Cunha informaram que n\u00e3o se pronunciar\u00e3o.<\/p>\n<\/div>\n<div class=\"mc-column content-text active-extra-styles \" data-block-type=\"unstyled\" data-block-weight=\"51\">\n<p class=\"content-text__container \" data-track-category=\"Link no Texto\" data-track-links=\"\">O senador Zez\u00e9 Perrella declarou, no Facebook: &#8220;Eu quero dizer para os que me conhecem e para os que n\u00e3o me conhecem que eu nunca falei com o dono da Friboi. N\u00e3o conhe\u00e7o ningu\u00e9m ligado a esse grupo. Nunca recebi de maneira oficial ou extra-oficial um real sequer dessa referida empresa&#8221;.<\/p>\n<\/div>\n<div class=\"mc-column content-text active-extra-styles \" data-block-type=\"unstyled\" data-block-weight=\"55\">\n<p class=\"content-text__container \" data-track-category=\"Link no Texto\" data-track-links=\"\">&#8220;Estou absolutamente tranquilo. [&#8230;] Eu espero que todas as pessoas citadas tenham a oportunidade de esclarecer a sua participa\u00e7\u00e3o. O sigilo das minhas empresas, dos meus filhos, est\u00e3o absolutamente \u00e0 disposi\u00e7\u00e3o da Justi\u00e7a. Ficar\u00e1 comprovado que n\u00e3o tenho nada a ver com essa hist\u00f3ria. Eu nunca estive em Lava Jato e nunca estarei&#8221;, afirmou Perrella.<\/p>\n<\/div>\n<div class=\"mc-column content-text active-extra-styles \" data-block-type=\"unstyled\" data-block-weight=\"29\">\n<p class=\"content-text__container \" data-track-category=\"Link no Texto\" data-track-links=\"\">O deputado Rodrigo Rocha Loures est\u00e1 em Nova York e, segundo sua assessoria, s\u00f3 ir\u00e1 se pronunciar quando voltar ao Brasil. O retorno est\u00e1 programado para esta quinta-feira (18).<\/p>\n<\/div>\n<div class=\"mc-column content-text active-extra-styles \" data-block-type=\"unstyled\" data-block-weight=\"21\">\n<p class=\"content-text__container \" data-track-category=\"Link no Texto\" data-track-links=\"\">Segundo o jornal, em duas ocasi\u00f5es em mar\u00e7o deste ano Joesley conversou com Temer e com A\u00e9cio levando um gravador escondido.<\/p>\n<\/div>\n<div class=\"mc-column content-text active-extra-styles \" data-block-type=\"unstyled\" data-block-weight=\"58\">\n<p class=\"content-text__container \" data-track-category=\"Link no Texto\" data-track-links=\"\">O colunista conta que os irm\u00e3os Joesley e Wesley Batista estiveram na quarta-feira passada no Supremo Tribunal Federal (STF) no gabinete do ministro relator da Lava Jato, Edson Fachin \u2013 respons\u00e1vel por homologar a dela\u00e7\u00e3o dos empres\u00e1rios. Diante dele, os empres\u00e1rios teriam confirmado que tudo o que contaram \u00e0 PGR em abril foi de livre e espont\u00e2nea vontade.<\/p>\n<\/div>\n<div class=\"mc-column content-text active-extra-styles \" data-block-type=\"unstyled\" data-block-weight=\"56\">\n<p class=\"content-text__container \" data-track-category=\"Link no Texto\" data-track-links=\"\">Joesley contou ainda que seu contato no PT era Guido Mantega, ex-ministro da Fazenda de Lula e Dilma Rousseff. Segundo &#8220;O Globo&#8221;, o empres\u00e1rio contou que era com Mantega que o dinheiro da propina era negociado para ser distribu\u00eddo aos petistas e aliados, e tamb\u00e9m era o ex-ministro que operava os interesses da JBS no BNDES.<\/p>\n<\/div>\n<div class=\"mc-column content-media content-media--normal content-video\" data-block-type=\"backstage-video\">\n<div class=\"content-media__container content-media__container--loaded\">\n<div class=\"content-video__video\">\n<div id=\"wp3-player-1\" class=\"clappr-player\" tabindex=\"9999\" data-player=\"\">\n<div class=\"dfp-ad-overlay dfp-poster-mode\" style=\"text-align: center;\" data-ad-overlay=\"\">\u00a0<img decoding=\"async\" class=\"content-video__placeholder__thumb\" title=\"Rea\u00e7\u00e3o do Pal\u00e1cio do Planalto foi dizer que acusa\u00e7\u00f5es n\u00e3o procedem\" src=\"http:\/\/s02.video.glbimg.com\/x720\/5876973.jpg\" alt=\"Rea\u00e7\u00e3o do Pal\u00e1cio do Planalto foi dizer que acusa\u00e7\u00f5es n\u00e3o procedem\" \/><\/div>\n<\/div>\n<\/div>\n<\/div>\n<div class=\"content-media__description-centered\">\n<h2 class=\"content-media__description\">Cunha<br \/>\n<i class=\"content-media__description__icon theme-color-primary\"><\/i><\/h2>\n<\/div>\n<\/div>\n<div class=\"mc-column content-text active-extra-styles \" data-block-type=\"unstyled\" data-block-weight=\"37\">\n<p class=\"content-text__container \" data-track-category=\"Link no Texto\" data-track-links=\"\">Joesley disse na dela\u00e7\u00e3o que pagou R$ 5 milh\u00f5es para Eduardo Cunha ap\u00f3s sua pris\u00e3o na Lava Jato. O valor, segundo o jornal, seria referente a um saldo de propina que o deputado tinha com o empres\u00e1rio.<\/p>\n<\/div>\n<div class=\"mc-column content-text active-extra-styles \" data-block-type=\"unstyled\" data-block-weight=\"22\">\n<p class=\"content-text__container \" data-track-category=\"Link no Texto\" data-track-links=\"\">Joesley Batista disse ainda que devia R$ 20 milh\u00f5es por uma tramita\u00e7\u00e3o de lei sobre a desonera\u00e7\u00e3o tribut\u00e1ria do setor de frango.<\/p>\n<\/div>\n<div class=\"mc-column content-text active-extra-styles\" data-block-type=\"raw\" data-block-weight=\"1\">\n<div class=\"content-intertitle\">\n<h2>Investiga\u00e7\u00e3o<\/h2>\n<\/div>\n<\/div>\n<div class=\"mc-column content-text active-extra-styles \" data-block-type=\"unstyled\" data-block-weight=\"43\">\n<p class=\"content-text__container \" data-track-category=\"Link no Texto\" data-track-links=\"\">Segundo o jornal, pela primeira vez a PF fez &#8220;a\u00e7\u00f5es controladas&#8221; para obter provas. Os di\u00e1logos e as entregas de dinheiro foram filmadas e as c\u00e9dulas tinham os n\u00famjeros de s\u00e9rie controlados. As bolsas onde foram entregues as quantias tinham chips de rastreamento.<\/p>\n<\/div>\n<div class=\"mc-column content-text active-extra-styles \" data-block-type=\"unstyled\" data-block-weight=\"15\">\n<p class=\"content-text__container \" data-track-category=\"Link no Texto\" data-track-links=\"\">Durante todo o m\u00eas de abril, foram entregues quase R$ 3 milh\u00f5es em propina rastreada.<\/p>\n<\/div>\n<div class=\"mc-column content-text active-extra-styles \" data-block-type=\"unstyled\" data-block-weight=\"52\">\n<p class=\"content-text__container \" data-track-category=\"Link no Texto\" data-track-links=\"\">O jornal informou que as conversas para a dela\u00e7\u00e3o dos irm\u00e3os donos da JBS come\u00e7aram no final de mar\u00e7o. Os depoimentos foram coletados do in\u00edcio de abril at\u00e9 a primeira semana de maio. O negociador da dela\u00e7\u00e3o foi o diretor jur\u00eddico da JBS, Francisco Assis da Silva, que depois tamb\u00e9m virou delator.<\/p>\n<\/div>\n<div class=\"mc-column content-text active-extra-styles \" data-block-type=\"unstyled\" data-block-weight=\"9\">\n<p class=\"content-text__container \" data-track-category=\"Link no Texto\" data-track-links=\"\"><strong>Veja a \u00edntegra da nota do Pal\u00e1cio do Planato:<\/strong><\/p>\n<\/div>\n<div class=\"mc-column content-text active-extra-styles \" data-block-type=\"unstyled\" data-block-weight=\"3\">\n<p class=\"content-text__container \" data-track-category=\"Link no Texto\" data-track-links=\"\"><em>NOTA \u00c0 IMPRENSA<\/em><\/p>\n<\/div>\n<div class=\"mc-column content-text active-extra-styles \" data-block-type=\"unstyled\" data-block-weight=\"35\">\n<p class=\"content-text__container \" data-track-category=\"Link no Texto\" data-track-links=\"\"><em>O presidente Michel Temer jamais solicitou pagamentos para obter o sil\u00eancio do ex-deputado Eduardo Cunha. N\u00e3o participou e nem autorizou qualquer movimento com o objetivo de evitar dela\u00e7\u00e3o ou colabora\u00e7\u00e3o com a Justi\u00e7a pelo ex-parlamentar.<\/em><\/p>\n<\/div>\n<div class=\"mc-column content-text active-extra-styles \" data-block-type=\"unstyled\" data-block-weight=\"30\">\n<p class=\"content-text__container \" data-track-category=\"Link no Texto\" data-track-links=\"\"><em>O encontro com o empres\u00e1rio Joesley Batista ocorreu no come\u00e7o de mar\u00e7o, no Pal\u00e1cio do Jaburu, mas n\u00e3o houve no di\u00e1logo nada que comprometesse a conduta do presidente da Rep\u00fablica.<\/em><\/p>\n<\/div>\n<div class=\"mc-column content-text active-extra-styles \" data-block-type=\"unstyled\" data-block-weight=\"29\">\n<p class=\"content-text__container \" data-track-category=\"Link no Texto\" data-track-links=\"\"><em>O presidente defende ampla e profunda investiga\u00e7\u00e3o para apurar todas as den\u00fancias veiculadas pela imprensa, com a responsabiliza\u00e7\u00e3o dos eventuais envolvidos em quaisquer il\u00edcitos que venham a ser comprovados.<\/em><\/p>\n<\/div>\n<div class=\"mc-column content-text active-extra-styles \" data-block-type=\"unstyled\" data-block-weight=\"7\">\n<p class=\"content-text__container \" data-track-category=\"Link no Texto\" data-track-links=\"\"><em>SECRETARIA ESPECIAL DE COMUNICA\u00c7\u00c3O SOCIAL DA PRESID\u00caNCIA<\/em><\/p>\n<\/div>\n<p class=\"content-text__container \" data-track-category=\"Link no Texto\" data-track-links=\"\">Fonte: G1<\/p>\n","protected":false},"excerpt":{"rendered":"<p>Os donos do frigor\u00edfico JBS, Joesley e Wesley Batista, disseram em dela\u00e7\u00e3o \u00e0 Procuradoria-Geral da Rep\u00fablica (PGR) que gravaram o presidente Michel Temer dando aval para comprar o sil\u00eancio do deputado cassado e ex-presidente da C\u00e2mara dos Deputados Eduardo Cunha (PMDB-RJ), depois que ele foi preso na opera\u00e7\u00e3o Lava Jato. A informa\u00e7\u00e3o \u00e9 do colunista [&hellip;]<\/p>\n","protected":false},"author":2,"featured_media":9068,"comment_status":"closed","ping_status":"open","sticky":false,"template":"","format":"standard","meta":{"advgb_blocks_editor_width":"","advgb_blocks_columns_visual_guide":"","_exactmetrics_skip_tracking":false,"_exactmetrics_sitenote_active":false,"_exactmetrics_sitenote_note":"","_exactmetrics_sitenote_category":0,"footnotes":""},"categories":[12],"tags":[1935,3399,1933],"class_list":["post-9067","post","type-post","status-publish","format-standard","has-post-thumbnail","hentry","category-politica","tag-delacao","tag-jbs","tag-temer"],"better_featured_image":{"id":9068,"alt_text":"","caption":"","description":"","media_type":"image","media_details":{"width":1000,"height":558,"file":"2017\/05\/temer-1.jpg","sizes":{"thumbnail":{"file":"temer-1-150x84.jpg","width":150,"height":84,"mime-type":"image\/jpeg","source_url":"https:\/\/lavras.tv\/site\/wp-content\/uploads\/2017\/05\/temer-1-150x84.jpg"},"medium":{"file":"temer-1-300x167.jpg","width":300,"height":167,"mime-type":"image\/jpeg","source_url":"https:\/\/lavras.tv\/site\/wp-content\/uploads\/2017\/05\/temer-1-300x167.jpg"},"featured-slider-img":{"file":"temer-1-640x480.jpg","width":640,"height":480,"mime-type":"image\/jpeg","source_url":"https:\/\/lavras.tv\/site\/wp-content\/uploads\/2017\/05\/temer-1-640x480.jpg"},"featured-post-img":{"file":"temer-1-480x320.jpg","width":480,"height":320,"mime-type":"image\/jpeg","source_url":"https:\/\/lavras.tv\/site\/wp-content\/uploads\/2017\/05\/temer-1-480x320.jpg"},"sow-carousel-default":{"file":"temer-1-272x182.jpg","width":272,"height":182,"mime-type":"image\/jpeg","source_url":"https:\/\/lavras.tv\/site\/wp-content\/uploads\/2017\/05\/temer-1-272x182.jpg"}},"image_meta":{"aperture":"0","credit":"","camera":"","caption":"","created_timestamp":"0","copyright":"","focal_length":"0","iso":"0","shutter_speed":"0","title":"","orientation":"0","keywords":[]}},"post":9067,"source_url":"https:\/\/lavras.tv\/site\/wp-content\/uploads\/2017\/05\/temer-1.jpg"},"author_meta":{"display_name":"Lavras TV","author_link":"https:\/\/lavras.tv\/site\/author\/lavrastv\/"},"featured_img":"https:\/\/lavras.tv\/site\/wp-content\/uploads\/2017\/05\/temer-1-300x167.jpg","coauthors":[],"tax_additional":{"categories":{"linked":["<a href=\"https:\/\/lavras.tv\/site\/category\/politica\/\" class=\"advgb-post-tax-term\">Pol\u00edtica<\/a>"],"unlinked":["<span class=\"advgb-post-tax-term\">Pol\u00edtica<\/span>"]},"tags":{"linked":["<a href=\"https:\/\/lavras.tv\/site\/category\/politica\/\" class=\"advgb-post-tax-term\">dela\u00e7\u00e3o<\/a>","<a href=\"https:\/\/lavras.tv\/site\/category\/politica\/\" class=\"advgb-post-tax-term\">JBS<\/a>","<a href=\"https:\/\/lavras.tv\/site\/category\/politica\/\" class=\"advgb-post-tax-term\">Temer<\/a>"],"unlinked":["<span class=\"advgb-post-tax-term\">dela\u00e7\u00e3o<\/span>","<span class=\"advgb-post-tax-term\">JBS<\/span>","<span class=\"advgb-post-tax-term\">Temer<\/span>"]}},"comment_count":"0","relative_dates":{"created":"Publicado 9 anos atr\u00e1s","modified":"Atualizado 9 anos atr\u00e1s"},"absolute_dates":{"created":"Publicado em 18 de maio de 2017","modified":"Atualizado em 18 de maio de 2017"},"absolute_dates_time":{"created":"Publicado em 18 de maio de 2017 09:48","modified":"Atualizado em 18 de maio de 2017 09:48"},"featured_img_caption":"","series_order":"","_links":{"self":[{"href":"https:\/\/lavras.tv\/site\/wp-json\/wp\/v2\/posts\/9067","targetHints":{"allow":["GET"]}}],"collection":[{"href":"https:\/\/lavras.tv\/site\/wp-json\/wp\/v2\/posts"}],"about":[{"href":"https:\/\/lavras.tv\/site\/wp-json\/wp\/v2\/types\/post"}],"author":[{"embeddable":true,"href":"https:\/\/lavras.tv\/site\/wp-json\/wp\/v2\/users\/2"}],"replies":[{"embeddable":true,"href":"https:\/\/lavras.tv\/site\/wp-json\/wp\/v2\/comments?post=9067"}],"version-history":[{"count":1,"href":"https:\/\/lavras.tv\/site\/wp-json\/wp\/v2\/posts\/9067\/revisions"}],"predecessor-version":[{"id":9069,"href":"https:\/\/lavras.tv\/site\/wp-json\/wp\/v2\/posts\/9067\/revisions\/9069"}],"wp:featuredmedia":[{"embeddable":true,"href":"https:\/\/lavras.tv\/site\/wp-json\/wp\/v2\/media\/9068"}],"wp:attachment":[{"href":"https:\/\/lavras.tv\/site\/wp-json\/wp\/v2\/media?parent=9067"}],"wp:term":[{"taxonomy":"category","embeddable":true,"href":"https:\/\/lavras.tv\/site\/wp-json\/wp\/v2\/categories?post=9067"},{"taxonomy":"post_tag","embeddable":true,"href":"https:\/\/lavras.tv\/site\/wp-json\/wp\/v2\/tags?post=9067"}],"curies":[{"name":"wp","href":"https:\/\/api.w.org\/{rel}","templated":true}]}}