{"id":909,"date":"2016-07-18T11:20:53","date_gmt":"2016-07-18T11:20:53","guid":{"rendered":"http:\/\/lavras.tv\/site\/?p=909"},"modified":"2016-07-18T11:20:53","modified_gmt":"2016-07-18T11:20:53","slug":"galo-busca-volta-das-vitorias-para-nao-ficar-fora-do-g4","status":"publish","type":"post","link":"https:\/\/lavras.tv\/site\/2016\/07\/18\/galo-busca-volta-das-vitorias-para-nao-ficar-fora-do-g4\/","title":{"rendered":"Galo busca volta das vit\u00f3rias para n\u00e3o ficar fora do G4"},"content":{"rendered":"<div class=\"lavra-antes-do-conteudo_2\" id=\"lavra-3742842427\"><div id=\"lavra-slider-27\" class=\"custom-slider lavra-slider-1982939968 lavra-slider\"><ul><li><div style=\"margin-left: auto;margin-right: auto;text-align: center;\" id=\"lavra-3732264027\"><a href=\"https:\/\/sistemas.lavras.mg.gov.br\/portalcidadao\/#df1b1a7c7b2a290bcb31e32771e610784662739a88807c0dacac58ede5f391a7530e299dc302d611ee73cb143fc22eaf93592e53e7b5bdb01b00a0b8d28dae460c141dd2ff83412e4dc1c31b16b25f33144a9e5620ea73b13f5bc1c59411d98439ad226e8af03840603796067d87afe130812cf3de24982d0e306f9e61e764e5\" aria-label=\"Lavras-TV&#8211;720x104px (1) (1)\"><img src=\"https:\/\/lavras.tv\/site\/wp-content\/uploads\/2025\/01\/Lavras-TV-720x104px-1-1.png\" alt=\"\"  srcset=\"https:\/\/lavras.tv\/site\/wp-content\/uploads\/2025\/01\/Lavras-TV-720x104px-1-1.png 720w, https:\/\/lavras.tv\/site\/wp-content\/uploads\/2025\/01\/Lavras-TV-720x104px-1-1-470x68.png 470w, https:\/\/lavras.tv\/site\/wp-content\/uploads\/2025\/01\/Lavras-TV-720x104px-1-1-170x25.png 170w, https:\/\/lavras.tv\/site\/wp-content\/uploads\/2025\/01\/Lavras-TV-720x104px-1-1-200x29.png 200w\" sizes=\"(max-width: 720px) 100vw, 720px\" width=\"720\" height=\"104\"  style=\"display: inline-block;\" \/><\/a><\/div><\/li><li><a href=\"https:\/\/sistemas.lavras.mg.gov.br\/portalcidadao\/#df1b1a7c7b2a290bcb31e32771e610784662739a88807c0dacac58ede5f391a7530e299dc302d611ee73cb143fc22eaf93592e53e7b5bdb01b00a0b8d28dae460c141dd2ff83412e4dc1c31b16b25f33144a9e5620ea73b13f5bc1c59411d98439ad226e8af03840603796067d87afe130812cf3de24982d0e306f9e61e764e5\" aria-label=\"Banner_Emprego_PortallavrasTV\"><img src=\"https:\/\/lavras.tv\/site\/wp-content\/uploads\/2025\/03\/Banner_Emprego_PortallavrasTV.png\" alt=\"\"  srcset=\"https:\/\/lavras.tv\/site\/wp-content\/uploads\/2025\/03\/Banner_Emprego_PortallavrasTV.png 720w, https:\/\/lavras.tv\/site\/wp-content\/uploads\/2025\/03\/Banner_Emprego_PortallavrasTV-470x68.png 470w, https:\/\/lavras.tv\/site\/wp-content\/uploads\/2025\/03\/Banner_Emprego_PortallavrasTV-170x25.png 170w, https:\/\/lavras.tv\/site\/wp-content\/uploads\/2025\/03\/Banner_Emprego_PortallavrasTV-200x29.png 200w\" sizes=\"(max-width: 720px) 100vw, 720px\" width=\"720\" height=\"104\"   \/><\/a><\/li><li><a href=\"https:\/\/sistemas.lavras.mg.gov.br\/portalcidadao\/#df1b1a7c7b2a290bcb31e32771e610784662739a88807c0dacac58ede5f391a7530e299dc302d611ee73cb143fc22eaf93592e53e7b5bdb01b00a0b8d28dae460c141dd2ff83412e4dc1c31b16b25f33144a9e5620ea73b13f5bc1c59411d98439ad226e8af03840603796067d87afe130812cf3de24982d0e306f9e61e764e5\" aria-label=\"Banner_Obras_PortallavrasTV\"><img src=\"https:\/\/lavras.tv\/site\/wp-content\/uploads\/2025\/03\/Banner_Obras_PortallavrasTV.png\" alt=\"\"  srcset=\"https:\/\/lavras.tv\/site\/wp-content\/uploads\/2025\/03\/Banner_Obras_PortallavrasTV.png 720w, https:\/\/lavras.tv\/site\/wp-content\/uploads\/2025\/03\/Banner_Obras_PortallavrasTV-470x68.png 470w, https:\/\/lavras.tv\/site\/wp-content\/uploads\/2025\/03\/Banner_Obras_PortallavrasTV-170x25.png 170w, https:\/\/lavras.tv\/site\/wp-content\/uploads\/2025\/03\/Banner_Obras_PortallavrasTV-200x29.png 200w\" sizes=\"(max-width: 720px) 100vw, 720px\" width=\"720\" height=\"104\"   \/><\/a><\/li><li><div style=\"margin-left: auto;margin-right: auto;text-align: center;\" id=\"lavra-2803361703\"><a href=\"https:\/\/sistemas.lavras.mg.gov.br\/portalcidadao\/#df1b1a7c7b2a290bcb31e32771e610784662739a88807c0dacac58ede5f391a7530e299dc302d611ee73cb143fc22eaf93592e53e7b5bdb01b00a0b8d28dae460c141dd2ff83412e4dc1c31b16b25f33144a9e5620ea73b13f5bc1c59411d98439ad226e8af03840603796067d87afe130812cf3de24982d0e306f9e61e764e5\" aria-label=\"Banner_Educa\u00e7\u00e3o_PortallavrasTV\"><img src=\"https:\/\/lavras.tv\/site\/wp-content\/uploads\/2025\/01\/Banner_Educacao_PortallavrasTV.png\" alt=\"\"  srcset=\"https:\/\/lavras.tv\/site\/wp-content\/uploads\/2025\/01\/Banner_Educacao_PortallavrasTV.png 720w, https:\/\/lavras.tv\/site\/wp-content\/uploads\/2025\/01\/Banner_Educacao_PortallavrasTV-470x68.png 470w, https:\/\/lavras.tv\/site\/wp-content\/uploads\/2025\/01\/Banner_Educacao_PortallavrasTV-170x25.png 170w, https:\/\/lavras.tv\/site\/wp-content\/uploads\/2025\/01\/Banner_Educacao_PortallavrasTV-200x29.png 200w\" sizes=\"(max-width: 720px) 100vw, 720px\" width=\"720\" height=\"104\"  style=\"display: inline-block;\" \/><\/a><\/div><\/li><li><a href=\"https:\/\/sistemas.lavras.mg.gov.br\/portalcidadao\/#df1b1a7c7b2a290bcb31e32771e610784662739a88807c0dacac58ede5f391a7530e299dc302d611ee73cb143fc22eaf93592e53e7b5bdb01b00a0b8d28dae460c141dd2ff83412e4dc1c31b16b25f33144a9e5620ea73b13f5bc1c59411d98439ad226e8af03840603796067d87afe130812cf3de24982d0e306f9e61e764e5\" aria-label=\"Banner_Sa\u00fade_PortallavrasTV\"><img src=\"https:\/\/lavras.tv\/site\/wp-content\/uploads\/2025\/03\/Banner_Saude_PortallavrasTV.png\" alt=\"\"  srcset=\"https:\/\/lavras.tv\/site\/wp-content\/uploads\/2025\/03\/Banner_Saude_PortallavrasTV.png 720w, https:\/\/lavras.tv\/site\/wp-content\/uploads\/2025\/03\/Banner_Saude_PortallavrasTV-470x68.png 470w, https:\/\/lavras.tv\/site\/wp-content\/uploads\/2025\/03\/Banner_Saude_PortallavrasTV-170x25.png 170w, https:\/\/lavras.tv\/site\/wp-content\/uploads\/2025\/03\/Banner_Saude_PortallavrasTV-200x29.png 200w\" sizes=\"(max-width: 720px) 100vw, 720px\" width=\"720\" height=\"104\"   \/><\/a><\/li><li><div id=\"lavra-4183922913\" style=\"width:720px;height:104px;background-color:#ddd;overflow:scroll;\">\n\t<strong>Sa\u00edda da depura\u00e7\u00e3o de an\u00fancios<\/strong>\n\t<br><br>\n\tO an\u00fancio n\u00e3o \u00e9 exibido na p\u00e1gina<br><br>post atual: Galo busca volta das vit\u00f3rias para n\u00e3o ficar fora do G4, ID: 909<br><br><span style=\"color: red;\">O post atual n\u00e3o \u00e9 id\u00eantico ao post principal.<\/span><br><br>An\u00fancios: ROXO - TOPO INTERNA - ROTATIVO 2 (197)<br \/>Grupo de an\u00fancios: Princ_Meio01_720x104 (27)<br><br>Condi\u00e7\u00f5es de exibi\u00e7\u00e3o<div style=\"margin-bottom: 20px; white-space: pre-wrap; font-family: monospace; width: 100%; background: #ffe9e9;\"><strong>condi\u00e7\u00f5es gerais<\/strong><table border=\"1\"><thead><tr><th><\/th><th>An\u00fancios<\/th><th>wp_the_query<\/th><\/tr><\/thead><tr><td>is_main_query<\/td><td>1<\/td><td>1<\/td><\/tr><tr><td>is_rest_api<\/td><td>0<\/td><td>1<\/td><\/tr><tr><td>page<\/td><td>0<\/td><td>1<\/td><\/tr><tr><td>numpages<\/td><td>0<\/td><td>1<\/td><\/tr><tr><td>is_archive<\/td><td>1<\/td><td><\/td><\/tr><tr><td>is_search<\/td><td>1<\/td><td><\/td><\/tr><tr><td>is_home<\/td><td>1<\/td><td><\/td><\/tr><tr><td>is_404<\/td><td>1<\/td><td><\/td><\/tr><tr><td>is_attachment<\/td><td>1<\/td><td><\/td><\/tr><tr><td>is_singular<\/td><td>1<\/td><td><\/td><\/tr><tr><td>is_front_page<\/td><td>1<\/td><td><\/td><\/tr><tr><td>is_feed<\/td><td>1<\/td><td><\/td><\/tr><\/table><\/div><br><br><span style=\"color: red;\">Seu site usa HTTPS, mas o c\u00f3digo do an\u00fancio cont\u00e9m HTTP e pode n\u00e3o funcionar.<\/span>\t<br><br>\n\t<a style=\"color: green;\" href=\"https:\/\/wpadvancedads.com\/manual\/ad-debug-mode\/?utm_source=advanced-ads&utm_medium=link&utm_campaign=ad-debug-mode\" target=\"_blank\" rel=\"nofollow\">Encontre solu\u00e7\u00f5es no manual<\/a>\n<\/div>\n<\/li><\/ul><\/div><script>( window.advanced_ads_ready || jQuery( document ).ready ).call( null, function() {var $lavraslider1982939968 = jQuery( \".lavra-slider-1982939968\" );$lavraslider1982939968.on( \"unslider.ready\", function() { jQuery( \"div.custom-slider ul li\" ).css( \"display\", \"block\" ); });$lavraslider1982939968.unslider({ delay:4000, autoplay:true, nav:false, arrows:false, infinite:true });$lavraslider1982939968.on(\"mouseover\", function() {$lavraslider1982939968.unslider(\"stop\");}).on(\"mouseout\", function() {$lavraslider1982939968.unslider(\"start\");});});<\/script><\/div><p>Ah, segunda-feira. Muitas pessoas se queixam do dia, que marca o in\u00edcio da semana \u00fatil. Mas neste ano, os amantes do futebol t\u00eam se acostumado com o novo hor\u00e1rio de jogos do Campeonato Brasileiro da S\u00e9rie A. O Atl\u00e9tico-MG estreia na segunda-feira, \u00e0s 20h (de Bras\u00edlia), contra o Coritiba, no Independ\u00eancia, em jogo v\u00e1lido pela 15\u00aa rodada da competi\u00e7\u00e3o nacional. Com o retorno de Lucas Pratto, que come\u00e7a no banco, mas pode ser uma op\u00e7\u00e3o para a partida, o Galo tenta voltar a vencer, ap\u00f3s duas rodadas, para se aproximar do G-4.<\/p>\n<p>O Galo est\u00e1 na 10\u00aa coloca\u00e7\u00e3o na tabela de classifica\u00e7\u00e3o, com 20 pontos. Se vencer o Coxa nesta segunda, o time de Marcelo Oliveira chega a 23 pontos e n\u00e3o v\u00ea os l\u00edderes do Campeonato Brasileiro se distanciarem muito. Depois de perder por 2 a 0 para o Flamengo, em Bras\u00edlia, o Atl\u00e9tico-MG busca a reabilita\u00e7\u00e3o em casa, diante de sua torcida. Principalmente porque depois o time alvinegro encara o Palmeiras, em S\u00e3o Paulo, para depois receber o Santa Cruz, no Independ\u00eancia.<\/p>\n<p>O time do Galo tem algumas mudan\u00e7as com rela\u00e7\u00e3o ao que perdeu para o Flamengo, por 2 a 0, na \u00faltima rodada, no Man\u00e9 Garrincha. Carlos C\u00e9sar ocupa a vaga de Marcos Rocha, com bra\u00e7o lesionado. Ronaldo entra no lugar de Erazo, suspenso. Eduardo na vaga de J\u00fanior Urso, com les\u00e3o muscular na coxa direita. Com a volta de Fred, Maicosuel ganhou o lugar de Clayton, e Carlos foi mantido, j\u00e1 que Cazares se lesionou e s\u00f3 retorna ao time ap\u00f3s, pelo menos, dois meses.<\/p>\n<div id=\"140c92e1-5d9b-b51d-ad87-b0c91588759f\" class=\"foto componente-conteudo\"><img fetchpriority=\"high\" decoding=\"async\" class=\"alignright\" title=\"Giovanni Augusto Atl\u00e9tico-MG (Foto: Bruno Cantini \/Flickr Atl\u00e9tico-MG)\" src=\"http:\/\/s2.glbimg.com\/VXXzzMtMjBXpWhRGkNoLGnzizuU=\/0x80:2000x900\/690x283\/s.glbimg.com\/es\/ge\/f\/original\/2015\/07\/01\/19313390786_6af0c2fe96_o_1.jpg\" alt=\"Giovanni Augusto Atl\u00e9tico-MG (Foto: Bruno Cantini \/Flickr Atl\u00e9tico-MG)\" width=\"436\" height=\"179\" \/><\/div>\n<p>O Atl\u00e9tico-MG deve entrar em campo contra o Coritiba com com: Victor; Carlos C\u00e9sar, Leonardo Silva, Ronaldo e Douglas Santos; Rafael Carioca, Eduardo, Maicosuel, Robinho e Carlos; Fred.<\/p>\n<p><strong>Veja as informa\u00e7\u00f5es do Atl\u00e9tico-MG para o jogo contra o Coritiba, nesta segunda:<\/strong><br \/>\n<strong>Local:<\/strong> Independ\u00eancia, Belo Horizonte-MG<br \/>\n<strong>Data e hor\u00e1rio<\/strong>: segunda-feira, 20h (de Bras\u00edlia)<br \/>\n<strong>Escala\u00e7\u00e3o prov\u00e1vel do Atl\u00e9tico-MG:<\/strong>\u00a0Victor; Carlos C\u00e9sar, Leonardo Silva, Ronaldo e Douglas Santos; Rafael Carioca, Eduardo, Maicosuel, Robinho e Carlos; Fred.<br \/>\n<strong>Desfalques do Atl\u00e9tico-MG:<\/strong> Erazo (suspenso), Marcos Rocha, Cazares, D\u00e1tolo, Junior Urso e Leandro Donizete (todos no DM).<br \/>\n<strong>Transmiss\u00e3o:\u00a0<\/strong>SporTV (menos MG), PFCI e Premiere<br \/>\n<strong>Arbitragem:<\/strong> Leandro Pedro Vuaden (RS), auxiliado por Carlos Berkenbrock (SC) e Elio Nepomuceno de Andrade Junior (RS). O pernambucano Nielson Nogueira Dias \u00e9 o quarto \u00e1rbitro.<\/p>\n<p>Fonte: Globoesporte MG<\/p>\n","protected":false},"excerpt":{"rendered":"<p>Ah, segunda-feira. Muitas pessoas se queixam do dia, que marca o in\u00edcio da semana \u00fatil. Mas neste ano, os amantes do futebol t\u00eam se acostumado com o novo hor\u00e1rio de jogos do Campeonato Brasileiro da S\u00e9rie A. O Atl\u00e9tico-MG estreia na segunda-feira, \u00e0s 20h (de Bras\u00edlia), contra o Coritiba, no Independ\u00eancia, em jogo v\u00e1lido pela [&hellip;]<\/p>\n","protected":false},"author":2,"featured_media":910,"comment_status":"closed","ping_status":"open","sticky":false,"template":"","format":"standard","meta":{"advgb_blocks_editor_width":"","advgb_blocks_columns_visual_guide":"","_exactmetrics_skip_tracking":false,"_exactmetrics_sitenote_active":false,"_exactmetrics_sitenote_note":"","_exactmetrics_sitenote_category":0,"footnotes":""},"categories":[3],"tags":[],"class_list":["post-909","post","type-post","status-publish","format-standard","has-post-thumbnail","hentry","category-esportes"],"better_featured_image":{"id":910,"alt_text":"","caption":"","description":"","media_type":"image","media_details":{"width":300,"height":296,"file":"2016\/07\/galo.jpg","sizes":{"thumbnail":{"file":"galo-150x148.jpg","width":150,"height":148,"mime-type":"image\/jpeg","source_url":"https:\/\/lavras.tv\/site\/wp-content\/uploads\/2016\/07\/galo-150x148.jpg"},"medium":{"file":"galo-300x296.jpg","width":300,"height":296,"mime-type":"image\/jpeg","source_url":"https:\/\/lavras.tv\/site\/wp-content\/uploads\/2016\/07\/galo-300x296.jpg"},"sow-carousel-default":{"file":"galo-272x182.jpg","width":272,"height":182,"mime-type":"image\/jpeg","source_url":"https:\/\/lavras.tv\/site\/wp-content\/uploads\/2016\/07\/galo-272x182.jpg"}},"image_meta":{"aperture":"0","credit":"","camera":"","caption":"","created_timestamp":"0","copyright":"","focal_length":"0","iso":"0","shutter_speed":"0","title":"","orientation":"0","keywords":[]}},"post":909,"source_url":"https:\/\/lavras.tv\/site\/wp-content\/uploads\/2016\/07\/galo.jpg"},"author_meta":{"display_name":"Lavras TV","author_link":"https:\/\/lavras.tv\/site\/author\/lavrastv\/"},"featured_img":"https:\/\/lavras.tv\/site\/wp-content\/uploads\/2016\/07\/galo-300x296.jpg","coauthors":[],"tax_additional":{"categories":{"linked":["<a href=\"https:\/\/lavras.tv\/site\/category\/esportes\/\" class=\"advgb-post-tax-term\">Esportes<\/a>"],"unlinked":["<span class=\"advgb-post-tax-term\">Esportes<\/span>"]}},"comment_count":"0","relative_dates":{"created":"Publicado 10 anos atr\u00e1s","modified":"Atualizado 10 anos atr\u00e1s"},"absolute_dates":{"created":"Publicado em 18 de julho de 2016","modified":"Atualizado em 18 de julho de 2016"},"absolute_dates_time":{"created":"Publicado em 18 de julho de 2016 11:20","modified":"Atualizado em 18 de julho de 2016 11:20"},"featured_img_caption":"","series_order":"","_links":{"self":[{"href":"https:\/\/lavras.tv\/site\/wp-json\/wp\/v2\/posts\/909","targetHints":{"allow":["GET"]}}],"collection":[{"href":"https:\/\/lavras.tv\/site\/wp-json\/wp\/v2\/posts"}],"about":[{"href":"https:\/\/lavras.tv\/site\/wp-json\/wp\/v2\/types\/post"}],"author":[{"embeddable":true,"href":"https:\/\/lavras.tv\/site\/wp-json\/wp\/v2\/users\/2"}],"replies":[{"embeddable":true,"href":"https:\/\/lavras.tv\/site\/wp-json\/wp\/v2\/comments?post=909"}],"version-history":[{"count":1,"href":"https:\/\/lavras.tv\/site\/wp-json\/wp\/v2\/posts\/909\/revisions"}],"predecessor-version":[{"id":911,"href":"https:\/\/lavras.tv\/site\/wp-json\/wp\/v2\/posts\/909\/revisions\/911"}],"wp:featuredmedia":[{"embeddable":true,"href":"https:\/\/lavras.tv\/site\/wp-json\/wp\/v2\/media\/910"}],"wp:attachment":[{"href":"https:\/\/lavras.tv\/site\/wp-json\/wp\/v2\/media?parent=909"}],"wp:term":[{"taxonomy":"category","embeddable":true,"href":"https:\/\/lavras.tv\/site\/wp-json\/wp\/v2\/categories?post=909"},{"taxonomy":"post_tag","embeddable":true,"href":"https:\/\/lavras.tv\/site\/wp-json\/wp\/v2\/tags?post=909"}],"curies":[{"name":"wp","href":"https:\/\/api.w.org\/{rel}","templated":true}]}}