{"id":9159,"date":"2017-05-22T09:06:27","date_gmt":"2017-05-22T12:06:27","guid":{"rendered":"http:\/\/lavras.tv\/site\/?p=9159"},"modified":"2017-05-22T09:06:27","modified_gmt":"2017-05-22T12:06:27","slug":"manifestantes-protestam-contra-o-governo-temer-e-pedem-diretas-ja-em-varios-estados","status":"publish","type":"post","link":"https:\/\/lavras.tv\/site\/2017\/05\/22\/manifestantes-protestam-contra-o-governo-temer-e-pedem-diretas-ja-em-varios-estados\/","title":{"rendered":"Manifestantes protestam contra o governo Temer e pedem Diretas J\u00e1 em v\u00e1rios estados"},"content":{"rendered":"<div class=\"lavra-antes-do-conteudo_2\" id=\"lavra-4272964677\"><div id=\"lavra-slider-27\" class=\"custom-slider lavra-slider-235509926 lavra-slider\"><ul><li><div style=\"margin-left: auto;margin-right: auto;text-align: center;\" id=\"lavra-3068424675\"><a href=\"https:\/\/sistemas.lavras.mg.gov.br\/portalcidadao\/#df1b1a7c7b2a290bcb31e32771e610784662739a88807c0dacac58ede5f391a7530e299dc302d611ee73cb143fc22eaf93592e53e7b5bdb01b00a0b8d28dae460c141dd2ff83412e4dc1c31b16b25f33144a9e5620ea73b13f5bc1c59411d98439ad226e8af03840603796067d87afe130812cf3de24982d0e306f9e61e764e5\" aria-label=\"Lavras-TV&#8211;720x104px (1) (1)\"><img src=\"https:\/\/lavras.tv\/site\/wp-content\/uploads\/2025\/01\/Lavras-TV-720x104px-1-1.png\" alt=\"\"  srcset=\"https:\/\/lavras.tv\/site\/wp-content\/uploads\/2025\/01\/Lavras-TV-720x104px-1-1.png 720w, https:\/\/lavras.tv\/site\/wp-content\/uploads\/2025\/01\/Lavras-TV-720x104px-1-1-470x68.png 470w, https:\/\/lavras.tv\/site\/wp-content\/uploads\/2025\/01\/Lavras-TV-720x104px-1-1-170x25.png 170w, https:\/\/lavras.tv\/site\/wp-content\/uploads\/2025\/01\/Lavras-TV-720x104px-1-1-200x29.png 200w\" sizes=\"(max-width: 720px) 100vw, 720px\" width=\"720\" height=\"104\"  style=\"display: inline-block;\" \/><\/a><\/div><\/li><li><a href=\"https:\/\/sistemas.lavras.mg.gov.br\/portalcidadao\/#df1b1a7c7b2a290bcb31e32771e610784662739a88807c0dacac58ede5f391a7530e299dc302d611ee73cb143fc22eaf93592e53e7b5bdb01b00a0b8d28dae460c141dd2ff83412e4dc1c31b16b25f33144a9e5620ea73b13f5bc1c59411d98439ad226e8af03840603796067d87afe130812cf3de24982d0e306f9e61e764e5\" aria-label=\"Banner_Emprego_PortallavrasTV\"><img src=\"https:\/\/lavras.tv\/site\/wp-content\/uploads\/2025\/03\/Banner_Emprego_PortallavrasTV.png\" alt=\"\"  srcset=\"https:\/\/lavras.tv\/site\/wp-content\/uploads\/2025\/03\/Banner_Emprego_PortallavrasTV.png 720w, https:\/\/lavras.tv\/site\/wp-content\/uploads\/2025\/03\/Banner_Emprego_PortallavrasTV-470x68.png 470w, https:\/\/lavras.tv\/site\/wp-content\/uploads\/2025\/03\/Banner_Emprego_PortallavrasTV-170x25.png 170w, https:\/\/lavras.tv\/site\/wp-content\/uploads\/2025\/03\/Banner_Emprego_PortallavrasTV-200x29.png 200w\" sizes=\"(max-width: 720px) 100vw, 720px\" width=\"720\" height=\"104\"   \/><\/a><\/li><li><a href=\"https:\/\/sistemas.lavras.mg.gov.br\/portalcidadao\/#df1b1a7c7b2a290bcb31e32771e610784662739a88807c0dacac58ede5f391a7530e299dc302d611ee73cb143fc22eaf93592e53e7b5bdb01b00a0b8d28dae460c141dd2ff83412e4dc1c31b16b25f33144a9e5620ea73b13f5bc1c59411d98439ad226e8af03840603796067d87afe130812cf3de24982d0e306f9e61e764e5\" aria-label=\"Banner_Obras_PortallavrasTV\"><img src=\"https:\/\/lavras.tv\/site\/wp-content\/uploads\/2025\/03\/Banner_Obras_PortallavrasTV.png\" alt=\"\"  srcset=\"https:\/\/lavras.tv\/site\/wp-content\/uploads\/2025\/03\/Banner_Obras_PortallavrasTV.png 720w, https:\/\/lavras.tv\/site\/wp-content\/uploads\/2025\/03\/Banner_Obras_PortallavrasTV-470x68.png 470w, https:\/\/lavras.tv\/site\/wp-content\/uploads\/2025\/03\/Banner_Obras_PortallavrasTV-170x25.png 170w, https:\/\/lavras.tv\/site\/wp-content\/uploads\/2025\/03\/Banner_Obras_PortallavrasTV-200x29.png 200w\" sizes=\"(max-width: 720px) 100vw, 720px\" width=\"720\" height=\"104\"   \/><\/a><\/li><li><div style=\"margin-left: auto;margin-right: auto;text-align: center;\" id=\"lavra-697885621\"><a href=\"https:\/\/sistemas.lavras.mg.gov.br\/portalcidadao\/#df1b1a7c7b2a290bcb31e32771e610784662739a88807c0dacac58ede5f391a7530e299dc302d611ee73cb143fc22eaf93592e53e7b5bdb01b00a0b8d28dae460c141dd2ff83412e4dc1c31b16b25f33144a9e5620ea73b13f5bc1c59411d98439ad226e8af03840603796067d87afe130812cf3de24982d0e306f9e61e764e5\" aria-label=\"Banner_Educa\u00e7\u00e3o_PortallavrasTV\"><img src=\"https:\/\/lavras.tv\/site\/wp-content\/uploads\/2025\/01\/Banner_Educacao_PortallavrasTV.png\" alt=\"\"  srcset=\"https:\/\/lavras.tv\/site\/wp-content\/uploads\/2025\/01\/Banner_Educacao_PortallavrasTV.png 720w, https:\/\/lavras.tv\/site\/wp-content\/uploads\/2025\/01\/Banner_Educacao_PortallavrasTV-470x68.png 470w, https:\/\/lavras.tv\/site\/wp-content\/uploads\/2025\/01\/Banner_Educacao_PortallavrasTV-170x25.png 170w, https:\/\/lavras.tv\/site\/wp-content\/uploads\/2025\/01\/Banner_Educacao_PortallavrasTV-200x29.png 200w\" sizes=\"(max-width: 720px) 100vw, 720px\" width=\"720\" height=\"104\"  style=\"display: inline-block;\" \/><\/a><\/div><\/li><li><a href=\"https:\/\/sistemas.lavras.mg.gov.br\/portalcidadao\/#df1b1a7c7b2a290bcb31e32771e610784662739a88807c0dacac58ede5f391a7530e299dc302d611ee73cb143fc22eaf93592e53e7b5bdb01b00a0b8d28dae460c141dd2ff83412e4dc1c31b16b25f33144a9e5620ea73b13f5bc1c59411d98439ad226e8af03840603796067d87afe130812cf3de24982d0e306f9e61e764e5\" aria-label=\"Banner_Sa\u00fade_PortallavrasTV\"><img src=\"https:\/\/lavras.tv\/site\/wp-content\/uploads\/2025\/03\/Banner_Saude_PortallavrasTV.png\" alt=\"\"  srcset=\"https:\/\/lavras.tv\/site\/wp-content\/uploads\/2025\/03\/Banner_Saude_PortallavrasTV.png 720w, https:\/\/lavras.tv\/site\/wp-content\/uploads\/2025\/03\/Banner_Saude_PortallavrasTV-470x68.png 470w, https:\/\/lavras.tv\/site\/wp-content\/uploads\/2025\/03\/Banner_Saude_PortallavrasTV-170x25.png 170w, https:\/\/lavras.tv\/site\/wp-content\/uploads\/2025\/03\/Banner_Saude_PortallavrasTV-200x29.png 200w\" sizes=\"(max-width: 720px) 100vw, 720px\" width=\"720\" height=\"104\"   \/><\/a><\/li><li><div id=\"lavra-2367603298\" style=\"width:720px;height:104px;background-color:#ddd;overflow:scroll;\">\n\t<strong>Sa\u00edda da depura\u00e7\u00e3o de an\u00fancios<\/strong>\n\t<br><br>\n\tO an\u00fancio n\u00e3o \u00e9 exibido na p\u00e1gina<br><br>post atual: Manifestantes protestam contra o governo Temer e pedem Diretas J\u00e1 em v\u00e1rios estados, ID: 9159<br><br><span style=\"color: red;\">O post atual n\u00e3o \u00e9 id\u00eantico ao post principal.<\/span><br><br>An\u00fancios: ROXO - TOPO INTERNA - ROTATIVO 2 (197)<br \/>Grupo de an\u00fancios: Princ_Meio01_720x104 (27)<br><br>Condi\u00e7\u00f5es de exibi\u00e7\u00e3o<div style=\"margin-bottom: 20px; white-space: pre-wrap; font-family: monospace; width: 100%; background: #ffe9e9;\"><strong>condi\u00e7\u00f5es gerais<\/strong><table border=\"1\"><thead><tr><th><\/th><th>An\u00fancios<\/th><th>wp_the_query<\/th><\/tr><\/thead><tr><td>is_main_query<\/td><td>1<\/td><td>1<\/td><\/tr><tr><td>is_rest_api<\/td><td>0<\/td><td>1<\/td><\/tr><tr><td>page<\/td><td>0<\/td><td>1<\/td><\/tr><tr><td>numpages<\/td><td>0<\/td><td>1<\/td><\/tr><tr><td>is_archive<\/td><td>1<\/td><td><\/td><\/tr><tr><td>is_search<\/td><td>1<\/td><td><\/td><\/tr><tr><td>is_home<\/td><td>1<\/td><td><\/td><\/tr><tr><td>is_404<\/td><td>1<\/td><td><\/td><\/tr><tr><td>is_attachment<\/td><td>1<\/td><td><\/td><\/tr><tr><td>is_singular<\/td><td>1<\/td><td><\/td><\/tr><tr><td>is_front_page<\/td><td>1<\/td><td><\/td><\/tr><tr><td>is_feed<\/td><td>1<\/td><td><\/td><\/tr><\/table><\/div><br><br><span style=\"color: red;\">Seu site usa HTTPS, mas o c\u00f3digo do an\u00fancio cont\u00e9m HTTP e pode n\u00e3o funcionar.<\/span>\t<br><br>\n\t<a style=\"color: green;\" href=\"https:\/\/wpadvancedads.com\/manual\/ad-debug-mode\/?utm_source=advanced-ads&utm_medium=link&utm_campaign=ad-debug-mode\" target=\"_blank\" rel=\"nofollow\">Encontre solu\u00e7\u00f5es no manual<\/a>\n<\/div>\n<\/li><\/ul><\/div><script>( window.advanced_ads_ready || jQuery( document ).ready ).call( null, function() {var $lavraslider235509926 = jQuery( \".lavra-slider-235509926\" );$lavraslider235509926.on( \"unslider.ready\", function() { jQuery( \"div.custom-slider ul li\" ).css( \"display\", \"block\" ); });$lavraslider235509926.unslider({ delay:4000, autoplay:true, nav:false, arrows:false, infinite:true });$lavraslider235509926.on(\"mouseover\", function() {$lavraslider235509926.unslider(\"stop\");}).on(\"mouseout\", function() {$lavraslider235509926.unslider(\"start\");});});<\/script><\/div><p>Manifestantes ligados a centrais sindicais e a movimentos de esquerda se reuniram neste domingo, dia 21, em diversas cidades do pa\u00eds. <!--more-->Eles protestaram contra o governo federal e a favor de elei\u00e7\u00f5es diretas. No Rio de Janeiro, em Bras\u00edlia e no Recife os protestos tiveram pouca ades\u00e3o na manh\u00e3 deste domingo. Em Porto Alegre, o ato foi cancelado em raz\u00e3o do mau tempo.<\/p>\n<p>Na capital federal, cerca de 350 pessoas se reuniram em frente ao Museu da Rep\u00fablica. De acordo com o tenente Marcus Uit\u00e1lo Menezes, da Pol\u00edcia Militar do DF, o ato, iniciado \u00e0s 10h e encerrado pouco mais de duas horas depois, foi pac\u00edfico.<\/p>\n<p>As manifesta\u00e7\u00f5es foram motivadas pela dela\u00e7\u00e3o premiada dos empres\u00e1rios Joesley e Wesley Batista, donos da JBS. Ontem (20), o presidente Michel Temer afirmou que segue na Presid\u00eancia da Rep\u00fablica e pediu ao Supremo Tribunal Federal (STF) a suspens\u00e3o do inqu\u00e9rito que o investiga.<\/p>\n<p><strong>Rio de Janeiro<\/strong><\/p>\n<p>Servidores de diversas categorias do estado do Rio e representantes de sindicatos se reuniram na Praia de Copacabana, pr\u00f3ximo do Hotel Copacabana Palace. De acordo com Ramon Carrera, um dos l\u00edderes do Movimento Unificado dos Servidores P\u00fablicos Estaduais (Muspe), que organizou o ato, a entidade j\u00e1 tinha marcado o encontro h\u00e1 duas semanas para protestar sobre a situa\u00e7\u00e3o prec\u00e1ria dos servidores do Rio, que enfrentam atrasos de sal\u00e1rios e falta de condi\u00e7\u00f5es de trabalho.<\/p>\n<p>A manifesta\u00e7\u00e3o era tamb\u00e9m para pedir o impeachment do governador Luiz Fernando Pez\u00e3o. Segundo Carrera, com os \u00faltimos acontecimentos no pa\u00eds, o ato serviu para tamb\u00e9m protestar contra o governo federal.<\/p>\n<p>\u201cEra um ato contra o governo Pez\u00e3o e contra a corrup\u00e7\u00e3o instalada no Rio de Janeiro, que ajudou a quebrar o estado. No meio da convoca\u00e7\u00e3o, feita h\u00e1 duas semanas, a gente teve essa avalanche no governo federal, o que, para n\u00f3s, \u00e9 motivo de muita tristeza.&#8221;<\/p>\n<p>Carrera, que \u00e9 tamb\u00e9m diretor-geral do Sindicato dos Servidores do Poder Judici\u00e1rio do Estado do Rio de Janeiro (Sindjusti\u00e7a), destacou que a Lei de Recupera\u00e7\u00e3o Fiscal dos Estados, aprovada pelo Congresso e sancionada sexta-feira (19) sem vetos pelo presidente Michel Temer, ainda ter\u00e1 de passar por vota\u00e7\u00f5es de medidas complementares de austeridade do estado como contrapartidas para assegurar a negocia\u00e7\u00e3o das d\u00edvidas, entre elas o aumento da contribui\u00e7\u00e3o previdenci\u00e1ria dos servidores e o congelamento de reajustes salariais para as categorias.<\/p>\n<p>A nova legisla\u00e7\u00e3o \u00e9 apontada pelo governador Pez\u00e3o como fundamental para colocar o pagamento dos servidores em dia. Para o integrante do Muspe, h\u00e1 medidas que poderiam ser adotadas e n\u00e3o provocar uma press\u00e3o sobre a popula\u00e7\u00e3o e servidores. \u201cOs exemplos s\u00e3o cobrar o cr\u00e9dito da Lei Kandir, da ordem de R$ 50 bilh\u00f5es, a divida ativa, de R$ 66 bilh\u00f5es, fazer o enfrentamento e rever as isen\u00e7\u00f5es fiscais\u201d, disse.<\/p>\n<p>De acordo com Carrera, a manifesta\u00e7\u00e3o foi apartid\u00e1ria e custeada pelos sindicatos que vivem da contribui\u00e7\u00e3o dos servidores. Durante o ato foi estendida uma faixa branca para que os manifestantes escrevessem mensagens ou registrassem seus protestos.<\/p>\n<p>Um outro grupo de manifestantes se concentrou em frente \u00e0 esta\u00e7\u00e3o do metr\u00f4 de S\u00e3o Conrado, seguindo pela orla do bairro da zona sul carioca at\u00e9 o pr\u00e9dio onde mora o presidente da C\u00e2mara dos Deputados, Rocrigo Maia (DEM).<\/p>\n<p>A organiza\u00e7\u00e3o e a Pol\u00edcia Militar n\u00e3o divulgaram o n\u00famero de pessoas que participaram da manifesta\u00e7\u00e3o.<\/p>\n<p><strong>Belo Horizonte<\/strong><\/p>\n<p>Em Belo Horizonte, os manifestantes se reuniram \u00e0s 9h na Pra\u00e7a da Liberdade e seguiram para a Pra\u00e7a Sete, tomando ruas do centro da capital mineira. Assim como o ato realizado na \u00faltima quinta-feira (18), a convoca\u00e7\u00e3o foi realizada pela Frente Brasil Popular e pela Frente Povo Sem Medo, grupos que re\u00fanem centrais sindicais, sindicatos, organiza\u00e7\u00f5es estudantis e entidades dos movimentos sociais.<\/p>\n<p><img fetchpriority=\"high\" decoding=\"async\" class=\"alignnone size-full wp-image-9160 aligncenter\" src=\"http:\/\/lavras.tv\/site\/wp-content\/uploads\/2017\/05\/fora-temer.jpg\" alt=\"fora temer\" width=\"405\" height=\"272\" srcset=\"https:\/\/lavras.tv\/site\/wp-content\/uploads\/2017\/05\/fora-temer.jpg 405w, https:\/\/lavras.tv\/site\/wp-content\/uploads\/2017\/05\/fora-temer-150x101.jpg 150w, https:\/\/lavras.tv\/site\/wp-content\/uploads\/2017\/05\/fora-temer-300x201.jpg 300w, https:\/\/lavras.tv\/site\/wp-content\/uploads\/2017\/05\/fora-temer-272x182.jpg 272w\" sizes=\"(max-width: 405px) 100vw, 405px\" \/><\/p>\n<p>O principal mote dos manifestantes foi o pedido de elei\u00e7\u00f5es diretas. &#8220;S\u00f3 o voto popular pode resolver essa imensa crise pol\u00edtica, resgatar a democracia e credibilidade na principal institui\u00e7\u00e3o brasileira&#8221; informava a convoca\u00e7\u00e3o nas redes sociais.<\/p>\n<p>Segundo Beatriz Cerqueira, presidente estadual da Central \u00danica dos Trabalhadores (CUT-MG), a elei\u00e7\u00e3o indireta n\u00e3o resolve a crise no pa\u00eds. &#8220;Na elei\u00e7\u00e3o indireta, o Congresso eleger\u00e1 o presidente da Rep\u00fablica e na sequ\u00eancia aprovar\u00e1 as reformas da Previd\u00eancia e trabalhista. Por isso, para n\u00f3s a \u00fanica sa\u00edda \u00e9 ocupar as ruas gritando Diretas J\u00e1. Queremos de volta o direito de eleger o presidente&#8221;, disse.<\/p>\n<p>Para a sindicalista, o pa\u00eds vem piorando. &#8220;Essa tem de ser uma luta de todos os brasileiros. S\u00e3o 14 milh\u00f5es de desempregados. Por isso tamb\u00e9m queremos reformas do Judici\u00e1rio, tribut\u00e1ria, porque o pobre \u00e9 quem mais paga imposto hoje no Brasil, e pol\u00edtica, porque os deputados e senadores est\u00e3o sempre votando contra os interesses da popula\u00e7\u00e3o.&#8221;<\/p>\n<p><strong>Recife<\/strong><\/p>\n<p>Na capital pernambucana, o ato ocorreu no Marco Zero da cidade, localizado no Recife Antigo, e teve uma propor\u00e7\u00e3o bem menor que o protesto da \u00faltima quinta-feira (18).<\/p>\n<p>Enquanto a reportagem esteve no local, at\u00e9 15h, cerca de 300 pessoas participaram da manifesta\u00e7\u00e3o.<\/p>\n<p>De acordo com Carlos Veras, presidente estadual da Central \u00danica dos Trabalhadores (CUT), uma das organiza\u00e7\u00f5es que convocaram a mobiliza\u00e7\u00e3o, j\u00e1 se previa que hoje n\u00e3o haveria uma ades\u00e3o massiva.<\/p>\n<p>&#8220;O grande ato foi na quinta. Queremos dialogar com as pessoas que v\u00eam ao Marco Zero [local tur\u00edstico e de lazer] e nos mobilizarmos rumo \u00e0 Bras\u00edlia para o ato por Diretas J\u00e1 do dia 24.&#8221;<\/p>\n<p><strong>S\u00e3o Paulo<\/strong><\/p>\n<p>Em S\u00e3o Paulo, o ato pelas Diretas J\u00e1 e contra o governo federal ocorreu sob forte chuva. Os manifestantes tentaram se proteger da chuva embaixo das marquises ou usavam guarda-chuvas e capas de chuva. O ato, convocado pelas frentes Brasil Popular e Povo sem Medo, teve in\u00edcio por volta das 15h e foi encerrado \u00e0s 18h.<\/p>\n<p>O principal caminh\u00e3o de som foi instalado ao lado do Museu de Arte de S\u00e3o Paulo (Masp), na Avenida Paulista, e nele discursaram l\u00edderes do Movimento dos Trabalhadores Sem Teto (MTST), pol\u00edticos e integrantes de centrais sindicais, entre elas a Central \u00danica dos Trabalhadores (CUT) e a Intersindical.<\/p>\n<p>A Pol\u00edcia Militar e os organizadores n\u00e3o divulgaram o n\u00famero de manifestantes. Segundo a PM, o protesto transcorreu de forma absolutamente pac\u00edfica at\u00e9 este momento.<\/p>\n<p>Segundo Edson Carneiro \u00cdndio, secret\u00e1rio-geral da Intersindical, o ato defende a sa\u00edda do presidente da Rep\u00fablica, a convoca\u00e7\u00e3o de elei\u00e7\u00f5es diretas no pa\u00eds e a imediata interrup\u00e7\u00e3o da tramita\u00e7\u00e3o das reformas trabalhista e da Previd\u00eancia. &#8220;Esse Congresso n\u00e3o tem a menor condi\u00e7\u00e3o de aprovar essas mudan\u00e7as que mexem com a vida do povo e nem de escolher um novo presidente\u201d, afirmou Carneiro \u00cdndio.<\/p>\n<p>Presidente da CUT, V\u00e1gner Freitas disse que a chuva atrapalhou muito, mas defendeu a import\u00e2ncia da mobiliza\u00e7\u00e3o. Para Freitas, as elei\u00e7\u00f5es diretas no pa\u00eds seriam poss\u00edveis por meio de uma emenda popular. Ele disse ainda que as centrais sindicais e os movimentos sociais continuar\u00e3o mobilizados no pa\u00eds e pretendem fazer um grande ato na pr\u00f3xima quarta-feira, em Bras\u00edlia. \u201cVamos continuar a mobiliza\u00e7\u00e3o e nas ruas at\u00e9 ter elei\u00e7\u00e3o direta\u201d, concluiu.<\/p>\n<p><strong>Fortaleza<\/strong><\/p>\n<p>Em Fortaleza, manifestantes se reuniram na Praia de Iracema e fizeram passeata pela Avenida Beira Mar. Organizado pelas Frentes Brasil Popular e Povo Sem Medo, o ato reuniu pessoas da capital e do interior. As mensagens das faixas e cartazes exibiam frases com palavras de ordem, entre elas Diretas J\u00e1.<\/p>\n<p>&#8220;A solu\u00e7\u00e3o para o pa\u00eds neste momento \u00e9 promover elei\u00e7\u00f5es diretas, para que possamos continuar o ciclo de desenvolvimento interrompido pelo golpe&#8221;, disse o vice-presidente da Uni\u00e3o Nacional dos Estudantes (UNE) no Cear\u00e1, Lu\u00eds Carlos de Sousa.<\/p>\n<p>Fonte: Itatiaia<\/p>\n","protected":false},"excerpt":{"rendered":"<p>Manifestantes ligados a centrais sindicais e a movimentos de esquerda se reuniram neste domingo, dia 21, em diversas cidades do pa\u00eds.<\/p>\n","protected":false},"author":2,"featured_media":9160,"comment_status":"closed","ping_status":"open","sticky":false,"template":"","format":"standard","meta":{"advgb_blocks_editor_width":"","advgb_blocks_columns_visual_guide":"","_exactmetrics_skip_tracking":false,"_exactmetrics_sitenote_active":false,"_exactmetrics_sitenote_note":"","_exactmetrics_sitenote_category":0,"footnotes":""},"categories":[7,12],"tags":[3174,104,897,1130,697],"class_list":["post-9159","post","type-post","status-publish","format-standard","has-post-thumbnail","hentry","category-destaques","category-politica","tag-corrupcao","tag-denuncia","tag-fora-temer","tag-manifestacao","tag-michel-temer"],"better_featured_image":{"id":9160,"alt_text":"","caption":"","description":"","media_type":"image","media_details":{"width":405,"height":272,"file":"2017\/05\/fora-temer.jpg","sizes":{"thumbnail":{"file":"fora-temer-150x101.jpg","width":150,"height":101,"mime-type":"image\/jpeg","source_url":"https:\/\/lavras.tv\/site\/wp-content\/uploads\/2017\/05\/fora-temer-150x101.jpg"},"medium":{"file":"fora-temer-300x201.jpg","width":300,"height":201,"mime-type":"image\/jpeg","source_url":"https:\/\/lavras.tv\/site\/wp-content\/uploads\/2017\/05\/fora-temer-300x201.jpg"},"sow-carousel-default":{"file":"fora-temer-272x182.jpg","width":272,"height":182,"mime-type":"image\/jpeg","source_url":"https:\/\/lavras.tv\/site\/wp-content\/uploads\/2017\/05\/fora-temer-272x182.jpg"}},"image_meta":{"aperture":"0","credit":"","camera":"","caption":"","created_timestamp":"0","copyright":"","focal_length":"0","iso":"0","shutter_speed":"0","title":"","orientation":"0","keywords":[]}},"post":9159,"source_url":"https:\/\/lavras.tv\/site\/wp-content\/uploads\/2017\/05\/fora-temer.jpg"},"author_meta":{"display_name":"Lavras TV","author_link":"https:\/\/lavras.tv\/site\/author\/lavrastv\/"},"featured_img":"https:\/\/lavras.tv\/site\/wp-content\/uploads\/2017\/05\/fora-temer-300x201.jpg","coauthors":[],"tax_additional":{"categories":{"linked":["<a href=\"https:\/\/lavras.tv\/site\/category\/destaques\/\" class=\"advgb-post-tax-term\">Destaques<\/a>","<a href=\"https:\/\/lavras.tv\/site\/category\/politica\/\" class=\"advgb-post-tax-term\">Pol\u00edtica<\/a>"],"unlinked":["<span class=\"advgb-post-tax-term\">Destaques<\/span>","<span class=\"advgb-post-tax-term\">Pol\u00edtica<\/span>"]},"tags":{"linked":["<a href=\"https:\/\/lavras.tv\/site\/category\/politica\/\" class=\"advgb-post-tax-term\">corrup\u00e7\u00e3o<\/a>","<a href=\"https:\/\/lavras.tv\/site\/category\/politica\/\" class=\"advgb-post-tax-term\">den\u00fancia<\/a>","<a href=\"https:\/\/lavras.tv\/site\/category\/politica\/\" class=\"advgb-post-tax-term\">fora temer<\/a>","<a href=\"https:\/\/lavras.tv\/site\/category\/politica\/\" class=\"advgb-post-tax-term\">manifesta\u00e7\u00e3o<\/a>","<a href=\"https:\/\/lavras.tv\/site\/category\/politica\/\" class=\"advgb-post-tax-term\">michel temer<\/a>"],"unlinked":["<span class=\"advgb-post-tax-term\">corrup\u00e7\u00e3o<\/span>","<span class=\"advgb-post-tax-term\">den\u00fancia<\/span>","<span class=\"advgb-post-tax-term\">fora temer<\/span>","<span class=\"advgb-post-tax-term\">manifesta\u00e7\u00e3o<\/span>","<span class=\"advgb-post-tax-term\">michel temer<\/span>"]}},"comment_count":"0","relative_dates":{"created":"Publicado 9 anos atr\u00e1s","modified":"Atualizado 9 anos atr\u00e1s"},"absolute_dates":{"created":"Publicado em 22 de maio de 2017","modified":"Atualizado em 22 de maio de 2017"},"absolute_dates_time":{"created":"Publicado em 22 de maio de 2017 09:06","modified":"Atualizado em 22 de maio de 2017 09:06"},"featured_img_caption":"","series_order":"","_links":{"self":[{"href":"https:\/\/lavras.tv\/site\/wp-json\/wp\/v2\/posts\/9159","targetHints":{"allow":["GET"]}}],"collection":[{"href":"https:\/\/lavras.tv\/site\/wp-json\/wp\/v2\/posts"}],"about":[{"href":"https:\/\/lavras.tv\/site\/wp-json\/wp\/v2\/types\/post"}],"author":[{"embeddable":true,"href":"https:\/\/lavras.tv\/site\/wp-json\/wp\/v2\/users\/2"}],"replies":[{"embeddable":true,"href":"https:\/\/lavras.tv\/site\/wp-json\/wp\/v2\/comments?post=9159"}],"version-history":[{"count":1,"href":"https:\/\/lavras.tv\/site\/wp-json\/wp\/v2\/posts\/9159\/revisions"}],"predecessor-version":[{"id":9161,"href":"https:\/\/lavras.tv\/site\/wp-json\/wp\/v2\/posts\/9159\/revisions\/9161"}],"wp:featuredmedia":[{"embeddable":true,"href":"https:\/\/lavras.tv\/site\/wp-json\/wp\/v2\/media\/9160"}],"wp:attachment":[{"href":"https:\/\/lavras.tv\/site\/wp-json\/wp\/v2\/media?parent=9159"}],"wp:term":[{"taxonomy":"category","embeddable":true,"href":"https:\/\/lavras.tv\/site\/wp-json\/wp\/v2\/categories?post=9159"},{"taxonomy":"post_tag","embeddable":true,"href":"https:\/\/lavras.tv\/site\/wp-json\/wp\/v2\/tags?post=9159"}],"curies":[{"name":"wp","href":"https:\/\/api.w.org\/{rel}","templated":true}]}}