{"id":9205,"date":"2017-05-24T09:30:20","date_gmt":"2017-05-24T12:30:20","guid":{"rendered":"http:\/\/lavras.tv\/site\/?p=9205"},"modified":"2017-05-24T09:30:20","modified_gmt":"2017-05-24T12:30:20","slug":"camara-registra-12-pedidos-de-impeachment-contra-presidente-michel-temer","status":"publish","type":"post","link":"https:\/\/lavras.tv\/site\/2017\/05\/24\/camara-registra-12-pedidos-de-impeachment-contra-presidente-michel-temer\/","title":{"rendered":"C\u00e2mara registra 12 pedidos de impeachment contra presidente Michel Temer"},"content":{"rendered":"<div class=\"lavra-antes-do-conteudo_2\" id=\"lavra-3668658411\"><div id=\"lavra-slider-27\" class=\"custom-slider lavra-slider-2023608206 lavra-slider\"><ul><li><div style=\"margin-left: auto;margin-right: auto;text-align: center;\" id=\"lavra-3846321676\"><a href=\"https:\/\/sistemas.lavras.mg.gov.br\/portalcidadao\/#df1b1a7c7b2a290bcb31e32771e610784662739a88807c0dacac58ede5f391a7530e299dc302d611ee73cb143fc22eaf93592e53e7b5bdb01b00a0b8d28dae460c141dd2ff83412e4dc1c31b16b25f33144a9e5620ea73b13f5bc1c59411d98439ad226e8af03840603796067d87afe130812cf3de24982d0e306f9e61e764e5\" aria-label=\"Lavras-TV&#8211;720x104px (1) (1)\"><img src=\"https:\/\/lavras.tv\/site\/wp-content\/uploads\/2025\/01\/Lavras-TV-720x104px-1-1.png\" alt=\"\"  srcset=\"https:\/\/lavras.tv\/site\/wp-content\/uploads\/2025\/01\/Lavras-TV-720x104px-1-1.png 720w, https:\/\/lavras.tv\/site\/wp-content\/uploads\/2025\/01\/Lavras-TV-720x104px-1-1-470x68.png 470w, https:\/\/lavras.tv\/site\/wp-content\/uploads\/2025\/01\/Lavras-TV-720x104px-1-1-170x25.png 170w, https:\/\/lavras.tv\/site\/wp-content\/uploads\/2025\/01\/Lavras-TV-720x104px-1-1-200x29.png 200w\" sizes=\"(max-width: 720px) 100vw, 720px\" width=\"720\" height=\"104\"  style=\"display: inline-block;\" \/><\/a><\/div><\/li><li><a href=\"https:\/\/sistemas.lavras.mg.gov.br\/portalcidadao\/#df1b1a7c7b2a290bcb31e32771e610784662739a88807c0dacac58ede5f391a7530e299dc302d611ee73cb143fc22eaf93592e53e7b5bdb01b00a0b8d28dae460c141dd2ff83412e4dc1c31b16b25f33144a9e5620ea73b13f5bc1c59411d98439ad226e8af03840603796067d87afe130812cf3de24982d0e306f9e61e764e5\" aria-label=\"Banner_Emprego_PortallavrasTV\"><img src=\"https:\/\/lavras.tv\/site\/wp-content\/uploads\/2025\/03\/Banner_Emprego_PortallavrasTV.png\" alt=\"\"  srcset=\"https:\/\/lavras.tv\/site\/wp-content\/uploads\/2025\/03\/Banner_Emprego_PortallavrasTV.png 720w, https:\/\/lavras.tv\/site\/wp-content\/uploads\/2025\/03\/Banner_Emprego_PortallavrasTV-470x68.png 470w, https:\/\/lavras.tv\/site\/wp-content\/uploads\/2025\/03\/Banner_Emprego_PortallavrasTV-170x25.png 170w, https:\/\/lavras.tv\/site\/wp-content\/uploads\/2025\/03\/Banner_Emprego_PortallavrasTV-200x29.png 200w\" sizes=\"(max-width: 720px) 100vw, 720px\" width=\"720\" height=\"104\"   \/><\/a><\/li><li><a href=\"https:\/\/sistemas.lavras.mg.gov.br\/portalcidadao\/#df1b1a7c7b2a290bcb31e32771e610784662739a88807c0dacac58ede5f391a7530e299dc302d611ee73cb143fc22eaf93592e53e7b5bdb01b00a0b8d28dae460c141dd2ff83412e4dc1c31b16b25f33144a9e5620ea73b13f5bc1c59411d98439ad226e8af03840603796067d87afe130812cf3de24982d0e306f9e61e764e5\" aria-label=\"Banner_Obras_PortallavrasTV\"><img src=\"https:\/\/lavras.tv\/site\/wp-content\/uploads\/2025\/03\/Banner_Obras_PortallavrasTV.png\" alt=\"\"  srcset=\"https:\/\/lavras.tv\/site\/wp-content\/uploads\/2025\/03\/Banner_Obras_PortallavrasTV.png 720w, https:\/\/lavras.tv\/site\/wp-content\/uploads\/2025\/03\/Banner_Obras_PortallavrasTV-470x68.png 470w, https:\/\/lavras.tv\/site\/wp-content\/uploads\/2025\/03\/Banner_Obras_PortallavrasTV-170x25.png 170w, https:\/\/lavras.tv\/site\/wp-content\/uploads\/2025\/03\/Banner_Obras_PortallavrasTV-200x29.png 200w\" sizes=\"(max-width: 720px) 100vw, 720px\" width=\"720\" height=\"104\"   \/><\/a><\/li><li><div style=\"margin-left: auto;margin-right: auto;text-align: center;\" id=\"lavra-4087705643\"><a href=\"https:\/\/sistemas.lavras.mg.gov.br\/portalcidadao\/#df1b1a7c7b2a290bcb31e32771e610784662739a88807c0dacac58ede5f391a7530e299dc302d611ee73cb143fc22eaf93592e53e7b5bdb01b00a0b8d28dae460c141dd2ff83412e4dc1c31b16b25f33144a9e5620ea73b13f5bc1c59411d98439ad226e8af03840603796067d87afe130812cf3de24982d0e306f9e61e764e5\" aria-label=\"Banner_Educa\u00e7\u00e3o_PortallavrasTV\"><img src=\"https:\/\/lavras.tv\/site\/wp-content\/uploads\/2025\/01\/Banner_Educacao_PortallavrasTV.png\" alt=\"\"  srcset=\"https:\/\/lavras.tv\/site\/wp-content\/uploads\/2025\/01\/Banner_Educacao_PortallavrasTV.png 720w, https:\/\/lavras.tv\/site\/wp-content\/uploads\/2025\/01\/Banner_Educacao_PortallavrasTV-470x68.png 470w, https:\/\/lavras.tv\/site\/wp-content\/uploads\/2025\/01\/Banner_Educacao_PortallavrasTV-170x25.png 170w, https:\/\/lavras.tv\/site\/wp-content\/uploads\/2025\/01\/Banner_Educacao_PortallavrasTV-200x29.png 200w\" sizes=\"(max-width: 720px) 100vw, 720px\" width=\"720\" height=\"104\"  style=\"display: inline-block;\" \/><\/a><\/div><\/li><li><a href=\"https:\/\/sistemas.lavras.mg.gov.br\/portalcidadao\/#df1b1a7c7b2a290bcb31e32771e610784662739a88807c0dacac58ede5f391a7530e299dc302d611ee73cb143fc22eaf93592e53e7b5bdb01b00a0b8d28dae460c141dd2ff83412e4dc1c31b16b25f33144a9e5620ea73b13f5bc1c59411d98439ad226e8af03840603796067d87afe130812cf3de24982d0e306f9e61e764e5\" aria-label=\"Banner_Sa\u00fade_PortallavrasTV\"><img src=\"https:\/\/lavras.tv\/site\/wp-content\/uploads\/2025\/03\/Banner_Saude_PortallavrasTV.png\" alt=\"\"  srcset=\"https:\/\/lavras.tv\/site\/wp-content\/uploads\/2025\/03\/Banner_Saude_PortallavrasTV.png 720w, https:\/\/lavras.tv\/site\/wp-content\/uploads\/2025\/03\/Banner_Saude_PortallavrasTV-470x68.png 470w, https:\/\/lavras.tv\/site\/wp-content\/uploads\/2025\/03\/Banner_Saude_PortallavrasTV-170x25.png 170w, https:\/\/lavras.tv\/site\/wp-content\/uploads\/2025\/03\/Banner_Saude_PortallavrasTV-200x29.png 200w\" sizes=\"(max-width: 720px) 100vw, 720px\" width=\"720\" height=\"104\"   \/><\/a><\/li><li><div id=\"lavra-1282804414\" style=\"width:720px;height:104px;background-color:#ddd;overflow:scroll;\">\n\t<strong>Sa\u00edda da depura\u00e7\u00e3o de an\u00fancios<\/strong>\n\t<br><br>\n\tO an\u00fancio n\u00e3o \u00e9 exibido na p\u00e1gina<br><br>post atual: C\u00e2mara registra 12 pedidos de impeachment contra presidente Michel Temer, ID: 9205<br><br><span style=\"color: red;\">O post atual n\u00e3o \u00e9 id\u00eantico ao post principal.<\/span><br><br>An\u00fancios: ROXO - TOPO INTERNA - ROTATIVO 2 (197)<br \/>Grupo de an\u00fancios: Princ_Meio01_720x104 (27)<br><br>Condi\u00e7\u00f5es de exibi\u00e7\u00e3o<div style=\"margin-bottom: 20px; white-space: pre-wrap; font-family: monospace; width: 100%; background: #ffe9e9;\"><strong>condi\u00e7\u00f5es gerais<\/strong><table border=\"1\"><thead><tr><th><\/th><th>An\u00fancios<\/th><th>wp_the_query<\/th><\/tr><\/thead><tr><td>is_main_query<\/td><td>1<\/td><td>1<\/td><\/tr><tr><td>is_rest_api<\/td><td>0<\/td><td>1<\/td><\/tr><tr><td>page<\/td><td>0<\/td><td>1<\/td><\/tr><tr><td>numpages<\/td><td>0<\/td><td>1<\/td><\/tr><tr><td>is_archive<\/td><td>1<\/td><td><\/td><\/tr><tr><td>is_search<\/td><td>1<\/td><td><\/td><\/tr><tr><td>is_home<\/td><td>1<\/td><td><\/td><\/tr><tr><td>is_404<\/td><td>1<\/td><td><\/td><\/tr><tr><td>is_attachment<\/td><td>1<\/td><td><\/td><\/tr><tr><td>is_singular<\/td><td>1<\/td><td><\/td><\/tr><tr><td>is_front_page<\/td><td>1<\/td><td><\/td><\/tr><tr><td>is_feed<\/td><td>1<\/td><td><\/td><\/tr><\/table><\/div><br><br><span style=\"color: red;\">Seu site usa HTTPS, mas o c\u00f3digo do an\u00fancio cont\u00e9m HTTP e pode n\u00e3o funcionar.<\/span>\t<br><br>\n\t<a style=\"color: green;\" href=\"https:\/\/wpadvancedads.com\/manual\/ad-debug-mode\/?utm_source=advanced-ads&utm_medium=link&utm_campaign=ad-debug-mode\" target=\"_blank\" rel=\"nofollow\">Encontre solu\u00e7\u00f5es no manual<\/a>\n<\/div>\n<\/li><\/ul><\/div><script>( window.advanced_ads_ready || jQuery( document ).ready ).call( null, function() {var $lavraslider2023608206 = jQuery( \".lavra-slider-2023608206\" );$lavraslider2023608206.on( \"unslider.ready\", function() { jQuery( \"div.custom-slider ul li\" ).css( \"display\", \"block\" ); });$lavraslider2023608206.unslider({ delay:4000, autoplay:true, nav:false, arrows:false, infinite:true });$lavraslider2023608206.on(\"mouseover\", function() {$lavraslider2023608206.unslider(\"stop\");}).on(\"mouseout\", function() {$lavraslider2023608206.unslider(\"start\");});});<\/script><\/div><p>A Secretaria-Geral da Mesa Diretora registrou at\u00e9 a noite desta ter\u00e7a-feira 12 pedidos de impeachment contra o presidente Michel Temer. Um dos mais recentes foi protocolado pelo advogado Antonio Ricardo Accioly Campos, irm\u00e3o do ex-governador de Pernambuco, Eduardo Campos, morto em acidente a\u00e9reo em 2014.<\/p>\n<p><img fetchpriority=\"high\" decoding=\"async\" class=\"alignnone size-full wp-image-6459 aligncenter\" src=\"http:\/\/lavras.tv\/site\/wp-content\/uploads\/2017\/02\/temer-blindado.jpg\" alt=\"temer blindado\" width=\"620\" height=\"420\" srcset=\"https:\/\/lavras.tv\/site\/wp-content\/uploads\/2017\/02\/temer-blindado.jpg 620w, https:\/\/lavras.tv\/site\/wp-content\/uploads\/2017\/02\/temer-blindado-150x102.jpg 150w, https:\/\/lavras.tv\/site\/wp-content\/uploads\/2017\/02\/temer-blindado-300x203.jpg 300w\" sizes=\"(max-width: 620px) 100vw, 620px\" \/><\/p>\n<p>Desde que Temer assumiu definitivamente o mandato, foram 16 pedidos de abertura de processo para o afastamento do presidente da Rep\u00fablica por suposta pr\u00e1tica de crime de responsabilidade. O primeiro deles foi de novembro passado, baseado nas acusa\u00e7\u00f5es do ex-ministro da Cultura, Marcelo Calero, de que o ex-ministro da Secretaria de Governo, Geddel Vieira Lima, o teria pressionado para liberar a constru\u00e7\u00e3o de um pr\u00e9dio em Salvador.<\/p>\n<p>S\u00f3 nesta ter\u00e7a-feira foram protocolados tr\u00eas novos pedidos: um do advogado Lu\u00eds Carlos Crema (que em 2015 tamb\u00e9m apresentou um pedido de impeachment da ex-presidente Dilma Rousseff), outro proposto por tr\u00eas servidores estaduais do Esp\u00edrito Santo e o documento do irm\u00e3o do ex-governador de Pernambuco. Desde o dia 17 deste m\u00eas, a C\u00e2mara recebeu uma leva de pedidos de impeachment sustentada nas grava\u00e7\u00f5es e na dela\u00e7\u00e3o premiada do empres\u00e1rio Joesley Batista. Na quinta-feira, 25, ser\u00e1 a vez da Ordem dos Advogados do Brasil (OAB) protocolar mais um pedido.<\/p>\n<p>O presidente da Casa, Rodrigo Maia (DEM-RJ), ainda n\u00e3o deliberou sobre nenhum dos requerimentos, mas j\u00e1 sinalizou que n\u00e3o vai autorizar o andamento de nenhum deles. Maia disse aos aliados que n\u00e3o atuar\u00e1 como ponto de desestabiliza\u00e7\u00e3o do governo.<\/p>\n<p>No ano passado, o ministro Marco Aur\u00e9lio Mello, do Supremo Tribunal Federal, mandou instalar uma comiss\u00e3o especial, mas at\u00e9 hoje os l\u00edderes partid\u00e1rios n\u00e3o indicaram membros para compor a comiss\u00e3o. O advogado respons\u00e1vel pela queixa ao STF, Mariel M\u00e1rley Marra, alegava que Temer havia cometido os mesmos crimes de responsabilidade atribu\u00eddos \u00e0 presidente cassada Dilma Rousseff, ao assinar, como interino, decretos para autorizar a abertura de cr\u00e9dito suplementar sem consentimento do Congresso Nacional e em desacordo com a meta fiscal vigente.<\/p>\n<p>F0nte: Itatiaia<\/p>\n","protected":false},"excerpt":{"rendered":"<p>A Secretaria-Geral da Mesa Diretora registrou at\u00e9 a noite desta ter\u00e7a-feira 12 pedidos de impeachment contra o presidente Michel Temer. Um dos mais recentes foi protocolado pelo advogado Antonio Ricardo Accioly Campos, irm\u00e3o do ex-governador de Pernambuco, Eduardo Campos, morto em acidente a\u00e9reo em 2014. Desde que Temer assumiu definitivamente o mandato, foram 16 pedidos [&hellip;]<\/p>\n","protected":false},"author":2,"featured_media":6459,"comment_status":"closed","ping_status":"open","sticky":false,"template":"","format":"standard","meta":{"advgb_blocks_editor_width":"","advgb_blocks_columns_visual_guide":"","_exactmetrics_skip_tracking":false,"_exactmetrics_sitenote_active":false,"_exactmetrics_sitenote_note":"","_exactmetrics_sitenote_category":0,"footnotes":""},"categories":[12],"tags":[695,396,2113,1933],"class_list":["post-9205","post","type-post","status-publish","format-standard","has-post-thumbnail","hentry","category-politica","tag-impeachment","tag-politica","tag-presidente","tag-temer"],"better_featured_image":{"id":6459,"alt_text":"","caption":"","description":"","media_type":"image","media_details":{"width":620,"height":420,"file":"2017\/02\/temer-blindado.jpg","sizes":{"thumbnail":{"file":"temer-blindado-150x102.jpg","width":150,"height":102,"mime-type":"image\/jpeg","source_url":"https:\/\/lavras.tv\/site\/wp-content\/uploads\/2017\/02\/temer-blindado-150x102.jpg"},"medium":{"file":"temer-blindado-300x203.jpg","width":300,"height":203,"mime-type":"image\/jpeg","source_url":"https:\/\/lavras.tv\/site\/wp-content\/uploads\/2017\/02\/temer-blindado-300x203.jpg"},"featured-post-img":{"file":"temer-blindado-480x320.jpg","width":480,"height":320,"mime-type":"image\/jpeg","source_url":"https:\/\/lavras.tv\/site\/wp-content\/uploads\/2017\/02\/temer-blindado-480x320.jpg"},"sow-carousel-default":{"file":"temer-blindado-272x182.jpg","width":272,"height":182,"mime-type":"image\/jpeg","source_url":"https:\/\/lavras.tv\/site\/wp-content\/uploads\/2017\/02\/temer-blindado-272x182.jpg"}},"image_meta":{"aperture":"0","credit":"","camera":"","caption":"","created_timestamp":"0","copyright":"","focal_length":"0","iso":"0","shutter_speed":"0","title":"","orientation":"0","keywords":[]}},"post":6458,"source_url":"https:\/\/lavras.tv\/site\/wp-content\/uploads\/2017\/02\/temer-blindado.jpg"},"author_meta":{"display_name":"Lavras TV","author_link":"https:\/\/lavras.tv\/site\/author\/lavrastv\/"},"featured_img":"https:\/\/lavras.tv\/site\/wp-content\/uploads\/2017\/02\/temer-blindado-300x203.jpg","coauthors":[],"tax_additional":{"categories":{"linked":["<a href=\"https:\/\/lavras.tv\/site\/category\/politica\/\" class=\"advgb-post-tax-term\">Pol\u00edtica<\/a>"],"unlinked":["<span class=\"advgb-post-tax-term\">Pol\u00edtica<\/span>"]},"tags":{"linked":["<a href=\"https:\/\/lavras.tv\/site\/category\/politica\/\" class=\"advgb-post-tax-term\">impeachment<\/a>","<a href=\"https:\/\/lavras.tv\/site\/category\/politica\/\" class=\"advgb-post-tax-term\">pol\u00edtica<\/a>","<a href=\"https:\/\/lavras.tv\/site\/category\/politica\/\" class=\"advgb-post-tax-term\">presidente<\/a>","<a href=\"https:\/\/lavras.tv\/site\/category\/politica\/\" class=\"advgb-post-tax-term\">Temer<\/a>"],"unlinked":["<span class=\"advgb-post-tax-term\">impeachment<\/span>","<span class=\"advgb-post-tax-term\">pol\u00edtica<\/span>","<span class=\"advgb-post-tax-term\">presidente<\/span>","<span class=\"advgb-post-tax-term\">Temer<\/span>"]}},"comment_count":"0","relative_dates":{"created":"Publicado 9 anos atr\u00e1s","modified":"Atualizado 9 anos atr\u00e1s"},"absolute_dates":{"created":"Publicado em 24 de maio de 2017","modified":"Atualizado em 24 de maio de 2017"},"absolute_dates_time":{"created":"Publicado em 24 de maio de 2017 09:30","modified":"Atualizado em 24 de maio de 2017 09:30"},"featured_img_caption":"","series_order":"","_links":{"self":[{"href":"https:\/\/lavras.tv\/site\/wp-json\/wp\/v2\/posts\/9205","targetHints":{"allow":["GET"]}}],"collection":[{"href":"https:\/\/lavras.tv\/site\/wp-json\/wp\/v2\/posts"}],"about":[{"href":"https:\/\/lavras.tv\/site\/wp-json\/wp\/v2\/types\/post"}],"author":[{"embeddable":true,"href":"https:\/\/lavras.tv\/site\/wp-json\/wp\/v2\/users\/2"}],"replies":[{"embeddable":true,"href":"https:\/\/lavras.tv\/site\/wp-json\/wp\/v2\/comments?post=9205"}],"version-history":[{"count":1,"href":"https:\/\/lavras.tv\/site\/wp-json\/wp\/v2\/posts\/9205\/revisions"}],"predecessor-version":[{"id":9206,"href":"https:\/\/lavras.tv\/site\/wp-json\/wp\/v2\/posts\/9205\/revisions\/9206"}],"wp:featuredmedia":[{"embeddable":true,"href":"https:\/\/lavras.tv\/site\/wp-json\/wp\/v2\/media\/6459"}],"wp:attachment":[{"href":"https:\/\/lavras.tv\/site\/wp-json\/wp\/v2\/media?parent=9205"}],"wp:term":[{"taxonomy":"category","embeddable":true,"href":"https:\/\/lavras.tv\/site\/wp-json\/wp\/v2\/categories?post=9205"},{"taxonomy":"post_tag","embeddable":true,"href":"https:\/\/lavras.tv\/site\/wp-json\/wp\/v2\/tags?post=9205"}],"curies":[{"name":"wp","href":"https:\/\/api.w.org\/{rel}","templated":true}]}}