{"id":9207,"date":"2017-05-24T09:33:19","date_gmt":"2017-05-24T12:33:19","guid":{"rendered":"http:\/\/lavras.tv\/site\/?p=9207"},"modified":"2017-05-24T09:33:19","modified_gmt":"2017-05-24T12:33:19","slug":"defesa-de-andrea-neves-pede-que-ela-seja-solta-e-joga-responsabilidade-para-aecio","status":"publish","type":"post","link":"https:\/\/lavras.tv\/site\/2017\/05\/24\/defesa-de-andrea-neves-pede-que-ela-seja-solta-e-joga-responsabilidade-para-aecio\/","title":{"rendered":"Defesa de Andrea Neves pede que ela seja solta e joga responsabilidade para A\u00e9cio"},"content":{"rendered":"<div class=\"lavra-antes-do-conteudo_2\" id=\"lavra-2901090731\"><div id=\"lavra-slider-27\" class=\"custom-slider lavra-slider-513034515 lavra-slider\"><ul><li><div style=\"margin-left: auto;margin-right: auto;text-align: center;\" id=\"lavra-893945327\"><a href=\"https:\/\/sistemas.lavras.mg.gov.br\/portalcidadao\/#df1b1a7c7b2a290bcb31e32771e610784662739a88807c0dacac58ede5f391a7530e299dc302d611ee73cb143fc22eaf93592e53e7b5bdb01b00a0b8d28dae460c141dd2ff83412e4dc1c31b16b25f33144a9e5620ea73b13f5bc1c59411d98439ad226e8af03840603796067d87afe130812cf3de24982d0e306f9e61e764e5\" aria-label=\"Lavras-TV&#8211;720x104px (1) (1)\"><img src=\"https:\/\/lavras.tv\/site\/wp-content\/uploads\/2025\/01\/Lavras-TV-720x104px-1-1.png\" alt=\"\"  srcset=\"https:\/\/lavras.tv\/site\/wp-content\/uploads\/2025\/01\/Lavras-TV-720x104px-1-1.png 720w, https:\/\/lavras.tv\/site\/wp-content\/uploads\/2025\/01\/Lavras-TV-720x104px-1-1-470x68.png 470w, https:\/\/lavras.tv\/site\/wp-content\/uploads\/2025\/01\/Lavras-TV-720x104px-1-1-170x25.png 170w, https:\/\/lavras.tv\/site\/wp-content\/uploads\/2025\/01\/Lavras-TV-720x104px-1-1-200x29.png 200w\" sizes=\"(max-width: 720px) 100vw, 720px\" width=\"720\" height=\"104\"  style=\"display: inline-block;\" \/><\/a><\/div><\/li><li><a href=\"https:\/\/sistemas.lavras.mg.gov.br\/portalcidadao\/#df1b1a7c7b2a290bcb31e32771e610784662739a88807c0dacac58ede5f391a7530e299dc302d611ee73cb143fc22eaf93592e53e7b5bdb01b00a0b8d28dae460c141dd2ff83412e4dc1c31b16b25f33144a9e5620ea73b13f5bc1c59411d98439ad226e8af03840603796067d87afe130812cf3de24982d0e306f9e61e764e5\" aria-label=\"Banner_Emprego_PortallavrasTV\"><img src=\"https:\/\/lavras.tv\/site\/wp-content\/uploads\/2025\/03\/Banner_Emprego_PortallavrasTV.png\" alt=\"\"  srcset=\"https:\/\/lavras.tv\/site\/wp-content\/uploads\/2025\/03\/Banner_Emprego_PortallavrasTV.png 720w, https:\/\/lavras.tv\/site\/wp-content\/uploads\/2025\/03\/Banner_Emprego_PortallavrasTV-470x68.png 470w, https:\/\/lavras.tv\/site\/wp-content\/uploads\/2025\/03\/Banner_Emprego_PortallavrasTV-170x25.png 170w, https:\/\/lavras.tv\/site\/wp-content\/uploads\/2025\/03\/Banner_Emprego_PortallavrasTV-200x29.png 200w\" sizes=\"(max-width: 720px) 100vw, 720px\" width=\"720\" height=\"104\"   \/><\/a><\/li><li><a href=\"https:\/\/sistemas.lavras.mg.gov.br\/portalcidadao\/#df1b1a7c7b2a290bcb31e32771e610784662739a88807c0dacac58ede5f391a7530e299dc302d611ee73cb143fc22eaf93592e53e7b5bdb01b00a0b8d28dae460c141dd2ff83412e4dc1c31b16b25f33144a9e5620ea73b13f5bc1c59411d98439ad226e8af03840603796067d87afe130812cf3de24982d0e306f9e61e764e5\" aria-label=\"Banner_Obras_PortallavrasTV\"><img src=\"https:\/\/lavras.tv\/site\/wp-content\/uploads\/2025\/03\/Banner_Obras_PortallavrasTV.png\" alt=\"\"  srcset=\"https:\/\/lavras.tv\/site\/wp-content\/uploads\/2025\/03\/Banner_Obras_PortallavrasTV.png 720w, https:\/\/lavras.tv\/site\/wp-content\/uploads\/2025\/03\/Banner_Obras_PortallavrasTV-470x68.png 470w, https:\/\/lavras.tv\/site\/wp-content\/uploads\/2025\/03\/Banner_Obras_PortallavrasTV-170x25.png 170w, https:\/\/lavras.tv\/site\/wp-content\/uploads\/2025\/03\/Banner_Obras_PortallavrasTV-200x29.png 200w\" sizes=\"(max-width: 720px) 100vw, 720px\" width=\"720\" height=\"104\"   \/><\/a><\/li><li><div style=\"margin-left: auto;margin-right: auto;text-align: center;\" id=\"lavra-1681163381\"><a href=\"https:\/\/sistemas.lavras.mg.gov.br\/portalcidadao\/#df1b1a7c7b2a290bcb31e32771e610784662739a88807c0dacac58ede5f391a7530e299dc302d611ee73cb143fc22eaf93592e53e7b5bdb01b00a0b8d28dae460c141dd2ff83412e4dc1c31b16b25f33144a9e5620ea73b13f5bc1c59411d98439ad226e8af03840603796067d87afe130812cf3de24982d0e306f9e61e764e5\" aria-label=\"Banner_Educa\u00e7\u00e3o_PortallavrasTV\"><img src=\"https:\/\/lavras.tv\/site\/wp-content\/uploads\/2025\/01\/Banner_Educacao_PortallavrasTV.png\" alt=\"\"  srcset=\"https:\/\/lavras.tv\/site\/wp-content\/uploads\/2025\/01\/Banner_Educacao_PortallavrasTV.png 720w, https:\/\/lavras.tv\/site\/wp-content\/uploads\/2025\/01\/Banner_Educacao_PortallavrasTV-470x68.png 470w, https:\/\/lavras.tv\/site\/wp-content\/uploads\/2025\/01\/Banner_Educacao_PortallavrasTV-170x25.png 170w, https:\/\/lavras.tv\/site\/wp-content\/uploads\/2025\/01\/Banner_Educacao_PortallavrasTV-200x29.png 200w\" sizes=\"(max-width: 720px) 100vw, 720px\" width=\"720\" height=\"104\"  style=\"display: inline-block;\" \/><\/a><\/div><\/li><li><a href=\"https:\/\/sistemas.lavras.mg.gov.br\/portalcidadao\/#df1b1a7c7b2a290bcb31e32771e610784662739a88807c0dacac58ede5f391a7530e299dc302d611ee73cb143fc22eaf93592e53e7b5bdb01b00a0b8d28dae460c141dd2ff83412e4dc1c31b16b25f33144a9e5620ea73b13f5bc1c59411d98439ad226e8af03840603796067d87afe130812cf3de24982d0e306f9e61e764e5\" aria-label=\"Banner_Sa\u00fade_PortallavrasTV\"><img src=\"https:\/\/lavras.tv\/site\/wp-content\/uploads\/2025\/03\/Banner_Saude_PortallavrasTV.png\" alt=\"\"  srcset=\"https:\/\/lavras.tv\/site\/wp-content\/uploads\/2025\/03\/Banner_Saude_PortallavrasTV.png 720w, https:\/\/lavras.tv\/site\/wp-content\/uploads\/2025\/03\/Banner_Saude_PortallavrasTV-470x68.png 470w, https:\/\/lavras.tv\/site\/wp-content\/uploads\/2025\/03\/Banner_Saude_PortallavrasTV-170x25.png 170w, https:\/\/lavras.tv\/site\/wp-content\/uploads\/2025\/03\/Banner_Saude_PortallavrasTV-200x29.png 200w\" sizes=\"(max-width: 720px) 100vw, 720px\" width=\"720\" height=\"104\"   \/><\/a><\/li><li><div id=\"lavra-2336919131\" style=\"width:720px;height:104px;background-color:#ddd;overflow:scroll;\">\n\t<strong>Sa\u00edda da depura\u00e7\u00e3o de an\u00fancios<\/strong>\n\t<br><br>\n\tO an\u00fancio n\u00e3o \u00e9 exibido na p\u00e1gina<br><br>post atual: Defesa de Andrea Neves pede que ela seja solta e joga responsabilidade para A\u00e9cio, ID: 9207<br><br><span style=\"color: red;\">O post atual n\u00e3o \u00e9 id\u00eantico ao post principal.<\/span><br><br>An\u00fancios: ROXO - TOPO INTERNA - ROTATIVO 2 (197)<br \/>Grupo de an\u00fancios: Princ_Meio01_720x104 (27)<br><br>Condi\u00e7\u00f5es de exibi\u00e7\u00e3o<div style=\"margin-bottom: 20px; white-space: pre-wrap; font-family: monospace; width: 100%; background: #ffe9e9;\"><strong>condi\u00e7\u00f5es gerais<\/strong><table border=\"1\"><thead><tr><th><\/th><th>An\u00fancios<\/th><th>wp_the_query<\/th><\/tr><\/thead><tr><td>is_main_query<\/td><td>1<\/td><td>1<\/td><\/tr><tr><td>is_rest_api<\/td><td>0<\/td><td>1<\/td><\/tr><tr><td>page<\/td><td>0<\/td><td>1<\/td><\/tr><tr><td>numpages<\/td><td>0<\/td><td>1<\/td><\/tr><tr><td>is_archive<\/td><td>1<\/td><td><\/td><\/tr><tr><td>is_search<\/td><td>1<\/td><td><\/td><\/tr><tr><td>is_home<\/td><td>1<\/td><td><\/td><\/tr><tr><td>is_404<\/td><td>1<\/td><td><\/td><\/tr><tr><td>is_attachment<\/td><td>1<\/td><td><\/td><\/tr><tr><td>is_singular<\/td><td>1<\/td><td><\/td><\/tr><tr><td>is_front_page<\/td><td>1<\/td><td><\/td><\/tr><tr><td>is_feed<\/td><td>1<\/td><td><\/td><\/tr><\/table><\/div><br><br><span style=\"color: red;\">Seu site usa HTTPS, mas o c\u00f3digo do an\u00fancio cont\u00e9m HTTP e pode n\u00e3o funcionar.<\/span>\t<br><br>\n\t<a style=\"color: green;\" href=\"https:\/\/wpadvancedads.com\/manual\/ad-debug-mode\/?utm_source=advanced-ads&utm_medium=link&utm_campaign=ad-debug-mode\" target=\"_blank\" rel=\"nofollow\">Encontre solu\u00e7\u00f5es no manual<\/a>\n<\/div>\n<\/li><\/ul><\/div><script>( window.advanced_ads_ready || jQuery( document ).ready ).call( null, function() {var $lavraslider513034515 = jQuery( \".lavra-slider-513034515\" );$lavraslider513034515.on( \"unslider.ready\", function() { jQuery( \"div.custom-slider ul li\" ).css( \"display\", \"block\" ); });$lavraslider513034515.unslider({ delay:4000, autoplay:true, nav:false, arrows:false, infinite:true });$lavraslider513034515.on(\"mouseover\", function() {$lavraslider513034515.unslider(\"stop\");}).on(\"mouseout\", function() {$lavraslider513034515.unslider(\"start\");});});<\/script><\/div><p>A defesa de Andrea Neves argumentou, em recurso enviado ao Supremo Tribunal Federal (STF), que ela n\u00e3o poderia ter sido presa por eventuais il\u00edcitos cometidos pelo seu irm\u00e3o, o senador afastado A\u00e9cio Neves (PSDB-MG).<!--more--> Na pe\u00e7a, os advogados de Andrea pedem para que a pris\u00e3o preventiva seja revertida em outras medidas cautelares, j\u00e1 que o pedido feito pela Procuradoria-Geral da Rep\u00fablica aponta para &#8220;raz\u00f5es que, se existentes, poderiam ser aplicadas para a pessoa f\u00edsica do senador A\u00e9cio Neves, nunca para sua irm\u00e3&#8221;.<\/p>\n<p><img fetchpriority=\"high\" decoding=\"async\" class=\"alignnone size-full wp-image-9208 aligncenter\" src=\"http:\/\/lavras.tv\/site\/wp-content\/uploads\/2017\/05\/andrea-neves23-05-20.jpg\" alt=\"andrea-neves23-05-20\" width=\"405\" height=\"272\" srcset=\"https:\/\/lavras.tv\/site\/wp-content\/uploads\/2017\/05\/andrea-neves23-05-20.jpg 405w, https:\/\/lavras.tv\/site\/wp-content\/uploads\/2017\/05\/andrea-neves23-05-20-150x101.jpg 150w, https:\/\/lavras.tv\/site\/wp-content\/uploads\/2017\/05\/andrea-neves23-05-20-300x201.jpg 300w, https:\/\/lavras.tv\/site\/wp-content\/uploads\/2017\/05\/andrea-neves23-05-20-272x182.jpg 272w\" sizes=\"(max-width: 405px) 100vw, 405px\" \/><\/p>\n<p>&#8220;A jurisprud\u00eancia dos Tribunais Superiores rejeita a tentativa de justificar pris\u00e3o preventiva de uma pessoa com fundamentos aplic\u00e1veis a outra, por viola\u00e7\u00e3o do princ\u00edpio pessoalidade da responsabilidade penal, do qual decorre a imperiosa necessidade de individualiza\u00e7\u00e3o da fundamenta\u00e7\u00e3o da pris\u00e3o preventiva&#8221;, argumentam os advogados.<\/p>\n<p>Na pe\u00e7a, a defesa de Andrea afirma que ela &#8220;n\u00e3o participou de pr\u00e1tica de crime algum&#8221;, pois apenas fez uma &#8220;solicita\u00e7\u00e3o de ajuda l\u00edcita (jamais pedido de propina)&#8221; ao empres\u00e1rio Joesley Batista, dono da JBS.<\/p>\n<p>&#8220;O \u00fanico e isolado epis\u00f3dio que teve participa\u00e7\u00e3o de Andrea Neves foi a sua conversa com o delator premiad\u00edssimo Joesly, pessoa que at\u00e9 ent\u00e3o ela n\u00e3o conhecia, como reconhecido pelo mesmo, quando lhe fez a solicita\u00e7\u00e3o de ajuda para custeio de despesas l\u00edcitas, mediante a oferta do im\u00f3vel de sua m\u00e3e, que foi recusada pelo delator premiad\u00edssimo Joesley, que preferiu conversar, diretamente, com o senador A\u00e9cio Neves, cujo encontro foi marcado, com conhecimento de Andrea, a qual n\u00e3o teve mais nenhuma participa\u00e7\u00e3o nos fatos, tendo cessado sua interven\u00e7\u00e3o neste ponto&#8221;, diz a pe\u00e7a.<\/p>\n<p>A defesa argumenta ainda que o empres\u00e1rio n\u00e3o apresentou nenhuma grava\u00e7\u00e3o relativa ao encontro dos dois, j\u00e1 que isso &#8220;demonstraria a licitude completa da conversa&#8221;.<\/p>\n<p>Os advogados tamb\u00e9m afirmam que Andrea nunca participou de quest\u00f5es financeiras das campanhas do irm\u00e3o e jamais se envolveu com arrecada\u00e7\u00e3o de recursos financeiros, mas sim se dedicou, de maneira informal, a cuidar da \u00e1rea de comunica\u00e7\u00e3o social da vida p\u00fablica de A\u00e9cio.<\/p>\n<p><strong>Patmos<\/strong><\/p>\n<p>Andrea foi presa na semana passada pela Opera\u00e7\u00e3o Patmos, da Pol\u00edcia Federal. Ela \u00e9 considerada pela Procuradoria-Geral da Rep\u00fablica a operadora de A\u00e9cio. Um primo do senador afastado, Frederico Pacheco de Medeiros, tamb\u00e9m foi preso.<\/p>\n<p>A opera\u00e7\u00e3o da PF foi deflagrada a partir da dela\u00e7\u00e3o da JBS, na qual A\u00e9cio aparece pedindo R$ 2 milh\u00f5es a Joesley. Andrea teria feito o contato inicial com o empres\u00e1rio e Frederico foi o respons\u00e1vel por receber o dinheiro no lugar de A\u00e9cio.<\/p>\n<p>Por conta da opera\u00e7\u00e3o, o ministro do STF Edson Fachin, relator da Lava Jato na Corte, determinou que o tucano fosse afastado do mandato de senador. O ministro, no entanto, negou o pedido para prend\u00ea-lo. Nessa segunda-feira (24), o procurador-geral da Rep\u00fablica, Rodrigo Janot, pediu a Fachin que reconsidere a decis\u00e3o ou leve com urg\u00eancia o caso para ser analisado pelo plen\u00e1rio do Supremo.<\/p>\n<p>Fonte: Itatiaia<\/p>\n","protected":false},"excerpt":{"rendered":"<p>A defesa de Andrea Neves argumentou, em recurso enviado ao Supremo Tribunal Federal (STF), que ela n\u00e3o poderia ter sido presa por eventuais il\u00edcitos cometidos pelo seu irm\u00e3o, o senador afastado A\u00e9cio Neves (PSDB-MG).<\/p>\n","protected":false},"author":2,"featured_media":9208,"comment_status":"closed","ping_status":"open","sticky":false,"template":"","format":"standard","meta":{"advgb_blocks_editor_width":"","advgb_blocks_columns_visual_guide":"","_exactmetrics_skip_tracking":false,"_exactmetrics_sitenote_active":false,"_exactmetrics_sitenote_note":"","_exactmetrics_sitenote_category":0,"footnotes":""},"categories":[12],"tags":[2023,3070,2765,3399,530,396,2046],"class_list":["post-9207","post","type-post","status-publish","format-standard","has-post-thumbnail","hentry","category-politica","tag-aecio-neves","tag-andrea-neves","tag-crime","tag-jbs","tag-minas-gerais","tag-politica","tag-presidio"],"better_featured_image":{"id":9208,"alt_text":"","caption":"","description":"","media_type":"image","media_details":{"width":405,"height":272,"file":"2017\/05\/andrea-neves23-05-20.jpg","sizes":{"thumbnail":{"file":"andrea-neves23-05-20-150x101.jpg","width":150,"height":101,"mime-type":"image\/jpeg","source_url":"https:\/\/lavras.tv\/site\/wp-content\/uploads\/2017\/05\/andrea-neves23-05-20-150x101.jpg"},"medium":{"file":"andrea-neves23-05-20-300x201.jpg","width":300,"height":201,"mime-type":"image\/jpeg","source_url":"https:\/\/lavras.tv\/site\/wp-content\/uploads\/2017\/05\/andrea-neves23-05-20-300x201.jpg"},"sow-carousel-default":{"file":"andrea-neves23-05-20-272x182.jpg","width":272,"height":182,"mime-type":"image\/jpeg","source_url":"https:\/\/lavras.tv\/site\/wp-content\/uploads\/2017\/05\/andrea-neves23-05-20-272x182.jpg"}},"image_meta":{"aperture":"0","credit":"","camera":"","caption":"","created_timestamp":"0","copyright":"","focal_length":"0","iso":"0","shutter_speed":"0","title":"","orientation":"0","keywords":[]}},"post":9207,"source_url":"https:\/\/lavras.tv\/site\/wp-content\/uploads\/2017\/05\/andrea-neves23-05-20.jpg"},"author_meta":{"display_name":"Lavras TV","author_link":"https:\/\/lavras.tv\/site\/author\/lavrastv\/"},"featured_img":"https:\/\/lavras.tv\/site\/wp-content\/uploads\/2017\/05\/andrea-neves23-05-20-300x201.jpg","coauthors":[],"tax_additional":{"categories":{"linked":["<a href=\"https:\/\/lavras.tv\/site\/category\/politica\/\" class=\"advgb-post-tax-term\">Pol\u00edtica<\/a>"],"unlinked":["<span class=\"advgb-post-tax-term\">Pol\u00edtica<\/span>"]},"tags":{"linked":["<a href=\"https:\/\/lavras.tv\/site\/category\/politica\/\" class=\"advgb-post-tax-term\">a\u00e9cio neves<\/a>","<a href=\"https:\/\/lavras.tv\/site\/category\/politica\/\" class=\"advgb-post-tax-term\">andrea neves<\/a>","<a href=\"https:\/\/lavras.tv\/site\/category\/politica\/\" class=\"advgb-post-tax-term\">crime<\/a>","<a href=\"https:\/\/lavras.tv\/site\/category\/politica\/\" class=\"advgb-post-tax-term\">JBS<\/a>","<a href=\"https:\/\/lavras.tv\/site\/category\/politica\/\" class=\"advgb-post-tax-term\">minas gerais<\/a>","<a href=\"https:\/\/lavras.tv\/site\/category\/politica\/\" class=\"advgb-post-tax-term\">pol\u00edtica<\/a>","<a href=\"https:\/\/lavras.tv\/site\/category\/politica\/\" class=\"advgb-post-tax-term\">pres\u00eddio<\/a>"],"unlinked":["<span class=\"advgb-post-tax-term\">a\u00e9cio neves<\/span>","<span class=\"advgb-post-tax-term\">andrea neves<\/span>","<span class=\"advgb-post-tax-term\">crime<\/span>","<span class=\"advgb-post-tax-term\">JBS<\/span>","<span class=\"advgb-post-tax-term\">minas gerais<\/span>","<span class=\"advgb-post-tax-term\">pol\u00edtica<\/span>","<span class=\"advgb-post-tax-term\">pres\u00eddio<\/span>"]}},"comment_count":"0","relative_dates":{"created":"Publicado 9 anos atr\u00e1s","modified":"Atualizado 9 anos atr\u00e1s"},"absolute_dates":{"created":"Publicado em 24 de maio de 2017","modified":"Atualizado em 24 de maio de 2017"},"absolute_dates_time":{"created":"Publicado em 24 de maio de 2017 09:33","modified":"Atualizado em 24 de maio de 2017 09:33"},"featured_img_caption":"","series_order":"","_links":{"self":[{"href":"https:\/\/lavras.tv\/site\/wp-json\/wp\/v2\/posts\/9207","targetHints":{"allow":["GET"]}}],"collection":[{"href":"https:\/\/lavras.tv\/site\/wp-json\/wp\/v2\/posts"}],"about":[{"href":"https:\/\/lavras.tv\/site\/wp-json\/wp\/v2\/types\/post"}],"author":[{"embeddable":true,"href":"https:\/\/lavras.tv\/site\/wp-json\/wp\/v2\/users\/2"}],"replies":[{"embeddable":true,"href":"https:\/\/lavras.tv\/site\/wp-json\/wp\/v2\/comments?post=9207"}],"version-history":[{"count":1,"href":"https:\/\/lavras.tv\/site\/wp-json\/wp\/v2\/posts\/9207\/revisions"}],"predecessor-version":[{"id":9209,"href":"https:\/\/lavras.tv\/site\/wp-json\/wp\/v2\/posts\/9207\/revisions\/9209"}],"wp:featuredmedia":[{"embeddable":true,"href":"https:\/\/lavras.tv\/site\/wp-json\/wp\/v2\/media\/9208"}],"wp:attachment":[{"href":"https:\/\/lavras.tv\/site\/wp-json\/wp\/v2\/media?parent=9207"}],"wp:term":[{"taxonomy":"category","embeddable":true,"href":"https:\/\/lavras.tv\/site\/wp-json\/wp\/v2\/categories?post=9207"},{"taxonomy":"post_tag","embeddable":true,"href":"https:\/\/lavras.tv\/site\/wp-json\/wp\/v2\/tags?post=9207"}],"curies":[{"name":"wp","href":"https:\/\/api.w.org\/{rel}","templated":true}]}}