{"id":9289,"date":"2017-05-26T09:03:10","date_gmt":"2017-05-26T12:03:10","guid":{"rendered":"http:\/\/lavras.tv\/site\/?p=9289"},"modified":"2017-05-26T09:03:10","modified_gmt":"2017-05-26T12:03:10","slug":"lavras-sera-sede-da-etapa-estadual-dos-jogos-do-interior-de-minas-jimi","status":"publish","type":"post","link":"https:\/\/lavras.tv\/site\/2017\/05\/26\/lavras-sera-sede-da-etapa-estadual-dos-jogos-do-interior-de-minas-jimi\/","title":{"rendered":"Lavras ser\u00e1 sede da etapa estadual dos Jogos do Interior de Minas (JIMI)"},"content":{"rendered":"<div class=\"lavra-antes-do-conteudo_2\" id=\"lavra-3745803966\"><div id=\"lavra-slider-27\" class=\"custom-slider lavra-slider-2978989921 lavra-slider\"><ul><li><div style=\"margin-left: auto;margin-right: auto;text-align: center;\" id=\"lavra-128915011\"><a href=\"https:\/\/sistemas.lavras.mg.gov.br\/portalcidadao\/#df1b1a7c7b2a290bcb31e32771e610784662739a88807c0dacac58ede5f391a7530e299dc302d611ee73cb143fc22eaf93592e53e7b5bdb01b00a0b8d28dae460c141dd2ff83412e4dc1c31b16b25f33144a9e5620ea73b13f5bc1c59411d98439ad226e8af03840603796067d87afe130812cf3de24982d0e306f9e61e764e5\" aria-label=\"Lavras-TV&#8211;720x104px (1) (1)\"><img src=\"https:\/\/lavras.tv\/site\/wp-content\/uploads\/2025\/01\/Lavras-TV-720x104px-1-1.png\" alt=\"\"  srcset=\"https:\/\/lavras.tv\/site\/wp-content\/uploads\/2025\/01\/Lavras-TV-720x104px-1-1.png 720w, https:\/\/lavras.tv\/site\/wp-content\/uploads\/2025\/01\/Lavras-TV-720x104px-1-1-470x68.png 470w, https:\/\/lavras.tv\/site\/wp-content\/uploads\/2025\/01\/Lavras-TV-720x104px-1-1-170x25.png 170w, https:\/\/lavras.tv\/site\/wp-content\/uploads\/2025\/01\/Lavras-TV-720x104px-1-1-200x29.png 200w\" sizes=\"(max-width: 720px) 100vw, 720px\" width=\"720\" height=\"104\"  style=\"display: inline-block;\" \/><\/a><\/div><\/li><li><a href=\"https:\/\/sistemas.lavras.mg.gov.br\/portalcidadao\/#df1b1a7c7b2a290bcb31e32771e610784662739a88807c0dacac58ede5f391a7530e299dc302d611ee73cb143fc22eaf93592e53e7b5bdb01b00a0b8d28dae460c141dd2ff83412e4dc1c31b16b25f33144a9e5620ea73b13f5bc1c59411d98439ad226e8af03840603796067d87afe130812cf3de24982d0e306f9e61e764e5\" aria-label=\"Banner_Emprego_PortallavrasTV\"><img src=\"https:\/\/lavras.tv\/site\/wp-content\/uploads\/2025\/03\/Banner_Emprego_PortallavrasTV.png\" alt=\"\"  srcset=\"https:\/\/lavras.tv\/site\/wp-content\/uploads\/2025\/03\/Banner_Emprego_PortallavrasTV.png 720w, https:\/\/lavras.tv\/site\/wp-content\/uploads\/2025\/03\/Banner_Emprego_PortallavrasTV-470x68.png 470w, https:\/\/lavras.tv\/site\/wp-content\/uploads\/2025\/03\/Banner_Emprego_PortallavrasTV-170x25.png 170w, https:\/\/lavras.tv\/site\/wp-content\/uploads\/2025\/03\/Banner_Emprego_PortallavrasTV-200x29.png 200w\" sizes=\"(max-width: 720px) 100vw, 720px\" width=\"720\" height=\"104\"   \/><\/a><\/li><li><a href=\"https:\/\/sistemas.lavras.mg.gov.br\/portalcidadao\/#df1b1a7c7b2a290bcb31e32771e610784662739a88807c0dacac58ede5f391a7530e299dc302d611ee73cb143fc22eaf93592e53e7b5bdb01b00a0b8d28dae460c141dd2ff83412e4dc1c31b16b25f33144a9e5620ea73b13f5bc1c59411d98439ad226e8af03840603796067d87afe130812cf3de24982d0e306f9e61e764e5\" aria-label=\"Banner_Obras_PortallavrasTV\"><img src=\"https:\/\/lavras.tv\/site\/wp-content\/uploads\/2025\/03\/Banner_Obras_PortallavrasTV.png\" alt=\"\"  srcset=\"https:\/\/lavras.tv\/site\/wp-content\/uploads\/2025\/03\/Banner_Obras_PortallavrasTV.png 720w, https:\/\/lavras.tv\/site\/wp-content\/uploads\/2025\/03\/Banner_Obras_PortallavrasTV-470x68.png 470w, https:\/\/lavras.tv\/site\/wp-content\/uploads\/2025\/03\/Banner_Obras_PortallavrasTV-170x25.png 170w, https:\/\/lavras.tv\/site\/wp-content\/uploads\/2025\/03\/Banner_Obras_PortallavrasTV-200x29.png 200w\" sizes=\"(max-width: 720px) 100vw, 720px\" width=\"720\" height=\"104\"   \/><\/a><\/li><li><div style=\"margin-left: auto;margin-right: auto;text-align: center;\" id=\"lavra-3369681963\"><a href=\"https:\/\/sistemas.lavras.mg.gov.br\/portalcidadao\/#df1b1a7c7b2a290bcb31e32771e610784662739a88807c0dacac58ede5f391a7530e299dc302d611ee73cb143fc22eaf93592e53e7b5bdb01b00a0b8d28dae460c141dd2ff83412e4dc1c31b16b25f33144a9e5620ea73b13f5bc1c59411d98439ad226e8af03840603796067d87afe130812cf3de24982d0e306f9e61e764e5\" aria-label=\"Banner_Educa\u00e7\u00e3o_PortallavrasTV\"><img src=\"https:\/\/lavras.tv\/site\/wp-content\/uploads\/2025\/01\/Banner_Educacao_PortallavrasTV.png\" alt=\"\"  srcset=\"https:\/\/lavras.tv\/site\/wp-content\/uploads\/2025\/01\/Banner_Educacao_PortallavrasTV.png 720w, https:\/\/lavras.tv\/site\/wp-content\/uploads\/2025\/01\/Banner_Educacao_PortallavrasTV-470x68.png 470w, https:\/\/lavras.tv\/site\/wp-content\/uploads\/2025\/01\/Banner_Educacao_PortallavrasTV-170x25.png 170w, https:\/\/lavras.tv\/site\/wp-content\/uploads\/2025\/01\/Banner_Educacao_PortallavrasTV-200x29.png 200w\" sizes=\"(max-width: 720px) 100vw, 720px\" width=\"720\" height=\"104\"  style=\"display: inline-block;\" \/><\/a><\/div><\/li><li><a href=\"https:\/\/sistemas.lavras.mg.gov.br\/portalcidadao\/#df1b1a7c7b2a290bcb31e32771e610784662739a88807c0dacac58ede5f391a7530e299dc302d611ee73cb143fc22eaf93592e53e7b5bdb01b00a0b8d28dae460c141dd2ff83412e4dc1c31b16b25f33144a9e5620ea73b13f5bc1c59411d98439ad226e8af03840603796067d87afe130812cf3de24982d0e306f9e61e764e5\" aria-label=\"Banner_Sa\u00fade_PortallavrasTV\"><img src=\"https:\/\/lavras.tv\/site\/wp-content\/uploads\/2025\/03\/Banner_Saude_PortallavrasTV.png\" alt=\"\"  srcset=\"https:\/\/lavras.tv\/site\/wp-content\/uploads\/2025\/03\/Banner_Saude_PortallavrasTV.png 720w, https:\/\/lavras.tv\/site\/wp-content\/uploads\/2025\/03\/Banner_Saude_PortallavrasTV-470x68.png 470w, https:\/\/lavras.tv\/site\/wp-content\/uploads\/2025\/03\/Banner_Saude_PortallavrasTV-170x25.png 170w, https:\/\/lavras.tv\/site\/wp-content\/uploads\/2025\/03\/Banner_Saude_PortallavrasTV-200x29.png 200w\" sizes=\"(max-width: 720px) 100vw, 720px\" width=\"720\" height=\"104\"   \/><\/a><\/li><li><div id=\"lavra-114004065\" style=\"width:720px;height:104px;background-color:#ddd;overflow:scroll;\">\n\t<strong>Sa\u00edda da depura\u00e7\u00e3o de an\u00fancios<\/strong>\n\t<br><br>\n\tO an\u00fancio n\u00e3o \u00e9 exibido na p\u00e1gina<br><br>post atual: Lavras ser\u00e1 sede da etapa estadual dos Jogos do Interior de Minas (JIMI), ID: 9289<br><br><span style=\"color: red;\">O post atual n\u00e3o \u00e9 id\u00eantico ao post principal.<\/span><br><br>An\u00fancios: ROXO - TOPO INTERNA - ROTATIVO 2 (197)<br \/>Grupo de an\u00fancios: Princ_Meio01_720x104 (27)<br><br>Condi\u00e7\u00f5es de exibi\u00e7\u00e3o<div style=\"margin-bottom: 20px; white-space: pre-wrap; font-family: monospace; width: 100%; background: #ffe9e9;\"><strong>condi\u00e7\u00f5es gerais<\/strong><table border=\"1\"><thead><tr><th><\/th><th>An\u00fancios<\/th><th>wp_the_query<\/th><\/tr><\/thead><tr><td>is_main_query<\/td><td>1<\/td><td>1<\/td><\/tr><tr><td>is_rest_api<\/td><td>0<\/td><td>1<\/td><\/tr><tr><td>page<\/td><td>0<\/td><td>1<\/td><\/tr><tr><td>numpages<\/td><td>0<\/td><td>1<\/td><\/tr><tr><td>is_archive<\/td><td>1<\/td><td><\/td><\/tr><tr><td>is_search<\/td><td>1<\/td><td><\/td><\/tr><tr><td>is_home<\/td><td>1<\/td><td><\/td><\/tr><tr><td>is_404<\/td><td>1<\/td><td><\/td><\/tr><tr><td>is_attachment<\/td><td>1<\/td><td><\/td><\/tr><tr><td>is_singular<\/td><td>1<\/td><td><\/td><\/tr><tr><td>is_front_page<\/td><td>1<\/td><td><\/td><\/tr><tr><td>is_feed<\/td><td>1<\/td><td><\/td><\/tr><\/table><\/div><br><br><span style=\"color: red;\">Seu site usa HTTPS, mas o c\u00f3digo do an\u00fancio cont\u00e9m HTTP e pode n\u00e3o funcionar.<\/span>\t<br><br>\n\t<a style=\"color: green;\" href=\"https:\/\/wpadvancedads.com\/manual\/ad-debug-mode\/?utm_source=advanced-ads&utm_medium=link&utm_campaign=ad-debug-mode\" target=\"_blank\" rel=\"nofollow\">Encontre solu\u00e7\u00f5es no manual<\/a>\n<\/div>\n<\/li><\/ul><\/div><script>( window.advanced_ads_ready || jQuery( document ).ready ).call( null, function() {var $lavraslider2978989921 = jQuery( \".lavra-slider-2978989921\" );$lavraslider2978989921.on( \"unslider.ready\", function() { jQuery( \"div.custom-slider ul li\" ).css( \"display\", \"block\" ); });$lavraslider2978989921.unslider({ delay:4000, autoplay:true, nav:false, arrows:false, infinite:true });$lavraslider2978989921.on(\"mouseover\", function() {$lavraslider2978989921.unslider(\"stop\");}).on(\"mouseout\", function() {$lavraslider2978989921.unslider(\"start\");});});<\/script><\/div><p>O JIMI (Jogos do Interior de Minas), programa da Secretaria de Estado de Esportes do Governo do Minas, envolve atletas e equipes do interior em uma grande competi\u00e7\u00e3o esportiva com o objetivo de promover a pr\u00e1tica de atividade f\u00edsica; incentivar a qualifica\u00e7\u00e3o t\u00e9cnica e t\u00e1tica de atletas e equipes; promover a integra\u00e7\u00e3o esportiva e o interc\u00e2mbio entre as v\u00e1rias representa\u00e7\u00f5es municipais, contribuindo para o desenvolvimento do esporte; al\u00e9m de aprimorar a gest\u00e3o esportiva em todo o territ\u00f3rio mineiro.<!--more--><\/p>\n<p>Entre os dias 14 e 18 de junho acontece a fase microrregional em oito sedes, com basquete, futsal, handebol e voleibol, nos naipes feminino e masculino. As disputas acontecer\u00e3o em Montes Claros, Pouso Alegre, Pitangui, Cataguases, Jo\u00e3o Monlevade, Ponte Nova, Jequitinhonha e Frutal.<\/p>\n<p>Em setembro, entre os dias 6 e 10, acontece a etapa regional em quatro sedes: Pitangui, S\u00e3o Jo\u00e3o del-Rei, Montes Claros e Itabira.<\/p>\n<p><img fetchpriority=\"high\" decoding=\"async\" class=\"alignnone size-full wp-image-1889 aligncenter\" src=\"http:\/\/lavras.tv\/site\/wp-content\/uploads\/2016\/08\/jogos-de-minas.jpg\" alt=\"jogos de minas\" width=\"731\" height=\"483\" srcset=\"https:\/\/lavras.tv\/site\/wp-content\/uploads\/2016\/08\/jogos-de-minas.jpg 731w, https:\/\/lavras.tv\/site\/wp-content\/uploads\/2016\/08\/jogos-de-minas-150x99.jpg 150w, https:\/\/lavras.tv\/site\/wp-content\/uploads\/2016\/08\/jogos-de-minas-300x198.jpg 300w\" sizes=\"(max-width: 731px) 100vw, 731px\" \/><\/p>\n<p><strong>Etapa Estadual em Lavras<\/strong><\/p>\n<p>No m\u00eas de outubro, entre os dias 11 e 15, acontece a etapa estadual do JIMI em Lavras, com as disputas coletivas, individuais e PCDs (Pessoa com Defici\u00eancia).<\/p>\n<p>A competi\u00e7\u00e3o envolve basquete e basquete em cadeira de rodas, futsal, handebol e voleibol, atletismo (paral\u00edmpico e convencional), bocha paral\u00edmpica, ciclismo mountain bike, ciclismo speed, jud\u00f4, karat\u00ea, nata\u00e7\u00e3o (paral\u00edmpica e convencional), taekwondo e xadrez, encerrando os Jogos do Interior Minas deste ano.<\/p>\n<p>\u201c\u00c9 uma honra recebermos a etapa estadual do Jimi agora neste formato. Daremos o m\u00e1ximo para que esta etapa seja um marco no esporte de Minas Gerais. Tanto \u00e9 que estamos mobilizados desde o in\u00edcio do ano para oferecer o melhor aos visitantes, inclusive com o apoio de outras secretarias. Contamos tamb\u00e9m com o apoio da Universidade Federal de Lavras, bem com todas as institui\u00e7\u00f5es esportivas do nosso munic\u00edpio\u201d, explica Alexandre Belo, Secret\u00e1rio Municipal de Esporte, Cultura e Turismo.<\/p>\n<p>Ele disse que espera tamb\u00e9m aproveitar a oportunidade para movimentar o turismo e a economia da cidade. \u201cSabemos que al\u00e9m do esporte, o JIMI tamb\u00e9m movimenta outras \u00e1reas. Queremos aproveitar isso para potencializar nosso desenvolvimento econ\u00f4mico e tur\u00edstico. Pretendemos aliar a\u00e7\u00f5es culturais e tur\u00edsticas para que os atletas e suas equipes possam conhecer melhor o que Lavras tem a oferecer\u201d.<\/p>\n<p>Fonte: Prefeitura de Lavras<\/p>\n","protected":false},"excerpt":{"rendered":"<p>O JIMI (Jogos do Interior de Minas), programa da Secretaria de Estado de Esportes do Governo do Minas, envolve atletas e equipes do interior em uma grande competi\u00e7\u00e3o esportiva com o objetivo de promover a pr\u00e1tica de atividade f\u00edsica; incentivar a qualifica\u00e7\u00e3o t\u00e9cnica e t\u00e1tica de atletas e equipes; promover a integra\u00e7\u00e3o esportiva e o [&hellip;]<\/p>\n","protected":false},"author":2,"featured_media":1889,"comment_status":"closed","ping_status":"open","sticky":false,"template":"","format":"standard","meta":{"advgb_blocks_editor_width":"","advgb_blocks_columns_visual_guide":"","_exactmetrics_skip_tracking":false,"_exactmetrics_sitenote_active":false,"_exactmetrics_sitenote_note":"","_exactmetrics_sitenote_category":0,"footnotes":""},"categories":[7,3],"tags":[3449,689,34,3450],"class_list":["post-9289","post","type-post","status-publish","format-standard","has-post-thumbnail","hentry","category-destaques","category-esportes","tag-etapa-estadual","tag-jimi","tag-lavras","tag-sede"],"better_featured_image":{"id":1889,"alt_text":"","caption":"","description":"","media_type":"image","media_details":{"width":731,"height":483,"file":"2016\/08\/jogos-de-minas.jpg","sizes":{"thumbnail":{"file":"jogos-de-minas-150x99.jpg","width":150,"height":99,"mime-type":"image\/jpeg","source_url":"https:\/\/lavras.tv\/site\/wp-content\/uploads\/2016\/08\/jogos-de-minas-150x99.jpg"},"medium":{"file":"jogos-de-minas-300x198.jpg","width":300,"height":198,"mime-type":"image\/jpeg","source_url":"https:\/\/lavras.tv\/site\/wp-content\/uploads\/2016\/08\/jogos-de-minas-300x198.jpg"},"featured-slider-img":{"file":"jogos-de-minas-640x480.jpg","width":640,"height":480,"mime-type":"image\/jpeg","source_url":"https:\/\/lavras.tv\/site\/wp-content\/uploads\/2016\/08\/jogos-de-minas-640x480.jpg"},"featured-post-img":{"file":"jogos-de-minas-480x320.jpg","width":480,"height":320,"mime-type":"image\/jpeg","source_url":"https:\/\/lavras.tv\/site\/wp-content\/uploads\/2016\/08\/jogos-de-minas-480x320.jpg"},"sow-carousel-default":{"file":"jogos-de-minas-272x182.jpg","width":272,"height":182,"mime-type":"image\/jpeg","source_url":"https:\/\/lavras.tv\/site\/wp-content\/uploads\/2016\/08\/jogos-de-minas-272x182.jpg"}},"image_meta":{"aperture":"5.6","credit":"","camera":"NIKON D300S","caption":"","created_timestamp":"1340729725","copyright":"","focal_length":"80","iso":"3200","shutter_speed":"0.008","title":"","orientation":"0","keywords":[]}},"post":1888,"source_url":"https:\/\/lavras.tv\/site\/wp-content\/uploads\/2016\/08\/jogos-de-minas.jpg"},"author_meta":{"display_name":"Lavras TV","author_link":"https:\/\/lavras.tv\/site\/author\/lavrastv\/"},"featured_img":"https:\/\/lavras.tv\/site\/wp-content\/uploads\/2016\/08\/jogos-de-minas-300x198.jpg","coauthors":[],"tax_additional":{"categories":{"linked":["<a href=\"https:\/\/lavras.tv\/site\/category\/destaques\/\" class=\"advgb-post-tax-term\">Destaques<\/a>","<a href=\"https:\/\/lavras.tv\/site\/category\/esportes\/\" class=\"advgb-post-tax-term\">Esportes<\/a>"],"unlinked":["<span class=\"advgb-post-tax-term\">Destaques<\/span>","<span class=\"advgb-post-tax-term\">Esportes<\/span>"]},"tags":{"linked":["<a href=\"https:\/\/lavras.tv\/site\/category\/esportes\/\" class=\"advgb-post-tax-term\">etapa estadual<\/a>","<a href=\"https:\/\/lavras.tv\/site\/category\/esportes\/\" class=\"advgb-post-tax-term\">jimi<\/a>","<a href=\"https:\/\/lavras.tv\/site\/category\/esportes\/\" class=\"advgb-post-tax-term\">lavras<\/a>","<a href=\"https:\/\/lavras.tv\/site\/category\/esportes\/\" class=\"advgb-post-tax-term\">sede<\/a>"],"unlinked":["<span class=\"advgb-post-tax-term\">etapa estadual<\/span>","<span class=\"advgb-post-tax-term\">jimi<\/span>","<span class=\"advgb-post-tax-term\">lavras<\/span>","<span class=\"advgb-post-tax-term\">sede<\/span>"]}},"comment_count":"0","relative_dates":{"created":"Publicado 9 anos atr\u00e1s","modified":"Atualizado 9 anos atr\u00e1s"},"absolute_dates":{"created":"Publicado em 26 de maio de 2017","modified":"Atualizado em 26 de maio de 2017"},"absolute_dates_time":{"created":"Publicado em 26 de maio de 2017 09:03","modified":"Atualizado em 26 de maio de 2017 09:03"},"featured_img_caption":"","series_order":"","_links":{"self":[{"href":"https:\/\/lavras.tv\/site\/wp-json\/wp\/v2\/posts\/9289","targetHints":{"allow":["GET"]}}],"collection":[{"href":"https:\/\/lavras.tv\/site\/wp-json\/wp\/v2\/posts"}],"about":[{"href":"https:\/\/lavras.tv\/site\/wp-json\/wp\/v2\/types\/post"}],"author":[{"embeddable":true,"href":"https:\/\/lavras.tv\/site\/wp-json\/wp\/v2\/users\/2"}],"replies":[{"embeddable":true,"href":"https:\/\/lavras.tv\/site\/wp-json\/wp\/v2\/comments?post=9289"}],"version-history":[{"count":1,"href":"https:\/\/lavras.tv\/site\/wp-json\/wp\/v2\/posts\/9289\/revisions"}],"predecessor-version":[{"id":9290,"href":"https:\/\/lavras.tv\/site\/wp-json\/wp\/v2\/posts\/9289\/revisions\/9290"}],"wp:featuredmedia":[{"embeddable":true,"href":"https:\/\/lavras.tv\/site\/wp-json\/wp\/v2\/media\/1889"}],"wp:attachment":[{"href":"https:\/\/lavras.tv\/site\/wp-json\/wp\/v2\/media?parent=9289"}],"wp:term":[{"taxonomy":"category","embeddable":true,"href":"https:\/\/lavras.tv\/site\/wp-json\/wp\/v2\/categories?post=9289"},{"taxonomy":"post_tag","embeddable":true,"href":"https:\/\/lavras.tv\/site\/wp-json\/wp\/v2\/tags?post=9289"}],"curies":[{"name":"wp","href":"https:\/\/api.w.org\/{rel}","templated":true}]}}