{"id":9314,"date":"2017-05-29T09:58:39","date_gmt":"2017-05-29T12:58:39","guid":{"rendered":"http:\/\/lavras.tv\/site\/?p=9314"},"modified":"2017-05-29T09:58:39","modified_gmt":"2017-05-29T12:58:39","slug":"justica-determina-prisao-de-vitor-eloi-ex-prefeito-de-santana-da-vargem","status":"publish","type":"post","link":"https:\/\/lavras.tv\/site\/2017\/05\/29\/justica-determina-prisao-de-vitor-eloi-ex-prefeito-de-santana-da-vargem\/","title":{"rendered":"Justi\u00e7a determina pris\u00e3o de V\u00edtor El\u00f3i, ex-prefeito de Santana da Vargem"},"content":{"rendered":"<div class=\"lavra-antes-do-conteudo_2\" id=\"lavra-568796124\"><div id=\"lavra-slider-27\" class=\"custom-slider lavra-slider-1823515477 lavra-slider\"><ul><li><div style=\"margin-left: auto;margin-right: auto;text-align: center;\" id=\"lavra-302421039\"><a href=\"https:\/\/sistemas.lavras.mg.gov.br\/portalcidadao\/#df1b1a7c7b2a290bcb31e32771e610784662739a88807c0dacac58ede5f391a7530e299dc302d611ee73cb143fc22eaf93592e53e7b5bdb01b00a0b8d28dae460c141dd2ff83412e4dc1c31b16b25f33144a9e5620ea73b13f5bc1c59411d98439ad226e8af03840603796067d87afe130812cf3de24982d0e306f9e61e764e5\" aria-label=\"Lavras-TV&#8211;720x104px (1) (1)\"><img src=\"https:\/\/lavras.tv\/site\/wp-content\/uploads\/2025\/01\/Lavras-TV-720x104px-1-1.png\" alt=\"\"  srcset=\"https:\/\/lavras.tv\/site\/wp-content\/uploads\/2025\/01\/Lavras-TV-720x104px-1-1.png 720w, https:\/\/lavras.tv\/site\/wp-content\/uploads\/2025\/01\/Lavras-TV-720x104px-1-1-470x68.png 470w, https:\/\/lavras.tv\/site\/wp-content\/uploads\/2025\/01\/Lavras-TV-720x104px-1-1-170x25.png 170w, https:\/\/lavras.tv\/site\/wp-content\/uploads\/2025\/01\/Lavras-TV-720x104px-1-1-200x29.png 200w\" sizes=\"(max-width: 720px) 100vw, 720px\" width=\"720\" height=\"104\"  style=\"display: inline-block;\" \/><\/a><\/div><\/li><li><a href=\"https:\/\/sistemas.lavras.mg.gov.br\/portalcidadao\/#df1b1a7c7b2a290bcb31e32771e610784662739a88807c0dacac58ede5f391a7530e299dc302d611ee73cb143fc22eaf93592e53e7b5bdb01b00a0b8d28dae460c141dd2ff83412e4dc1c31b16b25f33144a9e5620ea73b13f5bc1c59411d98439ad226e8af03840603796067d87afe130812cf3de24982d0e306f9e61e764e5\" aria-label=\"Banner_Emprego_PortallavrasTV\"><img src=\"https:\/\/lavras.tv\/site\/wp-content\/uploads\/2025\/03\/Banner_Emprego_PortallavrasTV.png\" alt=\"\"  srcset=\"https:\/\/lavras.tv\/site\/wp-content\/uploads\/2025\/03\/Banner_Emprego_PortallavrasTV.png 720w, https:\/\/lavras.tv\/site\/wp-content\/uploads\/2025\/03\/Banner_Emprego_PortallavrasTV-470x68.png 470w, https:\/\/lavras.tv\/site\/wp-content\/uploads\/2025\/03\/Banner_Emprego_PortallavrasTV-170x25.png 170w, https:\/\/lavras.tv\/site\/wp-content\/uploads\/2025\/03\/Banner_Emprego_PortallavrasTV-200x29.png 200w\" sizes=\"(max-width: 720px) 100vw, 720px\" width=\"720\" height=\"104\"   \/><\/a><\/li><li><a href=\"https:\/\/sistemas.lavras.mg.gov.br\/portalcidadao\/#df1b1a7c7b2a290bcb31e32771e610784662739a88807c0dacac58ede5f391a7530e299dc302d611ee73cb143fc22eaf93592e53e7b5bdb01b00a0b8d28dae460c141dd2ff83412e4dc1c31b16b25f33144a9e5620ea73b13f5bc1c59411d98439ad226e8af03840603796067d87afe130812cf3de24982d0e306f9e61e764e5\" aria-label=\"Banner_Obras_PortallavrasTV\"><img src=\"https:\/\/lavras.tv\/site\/wp-content\/uploads\/2025\/03\/Banner_Obras_PortallavrasTV.png\" alt=\"\"  srcset=\"https:\/\/lavras.tv\/site\/wp-content\/uploads\/2025\/03\/Banner_Obras_PortallavrasTV.png 720w, https:\/\/lavras.tv\/site\/wp-content\/uploads\/2025\/03\/Banner_Obras_PortallavrasTV-470x68.png 470w, https:\/\/lavras.tv\/site\/wp-content\/uploads\/2025\/03\/Banner_Obras_PortallavrasTV-170x25.png 170w, https:\/\/lavras.tv\/site\/wp-content\/uploads\/2025\/03\/Banner_Obras_PortallavrasTV-200x29.png 200w\" sizes=\"(max-width: 720px) 100vw, 720px\" width=\"720\" height=\"104\"   \/><\/a><\/li><li><div style=\"margin-left: auto;margin-right: auto;text-align: center;\" id=\"lavra-828316867\"><a href=\"https:\/\/sistemas.lavras.mg.gov.br\/portalcidadao\/#df1b1a7c7b2a290bcb31e32771e610784662739a88807c0dacac58ede5f391a7530e299dc302d611ee73cb143fc22eaf93592e53e7b5bdb01b00a0b8d28dae460c141dd2ff83412e4dc1c31b16b25f33144a9e5620ea73b13f5bc1c59411d98439ad226e8af03840603796067d87afe130812cf3de24982d0e306f9e61e764e5\" aria-label=\"Banner_Educa\u00e7\u00e3o_PortallavrasTV\"><img src=\"https:\/\/lavras.tv\/site\/wp-content\/uploads\/2025\/01\/Banner_Educacao_PortallavrasTV.png\" alt=\"\"  srcset=\"https:\/\/lavras.tv\/site\/wp-content\/uploads\/2025\/01\/Banner_Educacao_PortallavrasTV.png 720w, https:\/\/lavras.tv\/site\/wp-content\/uploads\/2025\/01\/Banner_Educacao_PortallavrasTV-470x68.png 470w, https:\/\/lavras.tv\/site\/wp-content\/uploads\/2025\/01\/Banner_Educacao_PortallavrasTV-170x25.png 170w, https:\/\/lavras.tv\/site\/wp-content\/uploads\/2025\/01\/Banner_Educacao_PortallavrasTV-200x29.png 200w\" sizes=\"(max-width: 720px) 100vw, 720px\" width=\"720\" height=\"104\"  style=\"display: inline-block;\" \/><\/a><\/div><\/li><li><a href=\"https:\/\/sistemas.lavras.mg.gov.br\/portalcidadao\/#df1b1a7c7b2a290bcb31e32771e610784662739a88807c0dacac58ede5f391a7530e299dc302d611ee73cb143fc22eaf93592e53e7b5bdb01b00a0b8d28dae460c141dd2ff83412e4dc1c31b16b25f33144a9e5620ea73b13f5bc1c59411d98439ad226e8af03840603796067d87afe130812cf3de24982d0e306f9e61e764e5\" aria-label=\"Banner_Sa\u00fade_PortallavrasTV\"><img src=\"https:\/\/lavras.tv\/site\/wp-content\/uploads\/2025\/03\/Banner_Saude_PortallavrasTV.png\" alt=\"\"  srcset=\"https:\/\/lavras.tv\/site\/wp-content\/uploads\/2025\/03\/Banner_Saude_PortallavrasTV.png 720w, https:\/\/lavras.tv\/site\/wp-content\/uploads\/2025\/03\/Banner_Saude_PortallavrasTV-470x68.png 470w, https:\/\/lavras.tv\/site\/wp-content\/uploads\/2025\/03\/Banner_Saude_PortallavrasTV-170x25.png 170w, https:\/\/lavras.tv\/site\/wp-content\/uploads\/2025\/03\/Banner_Saude_PortallavrasTV-200x29.png 200w\" sizes=\"(max-width: 720px) 100vw, 720px\" width=\"720\" height=\"104\"   \/><\/a><\/li><li><div id=\"lavra-769267587\" style=\"width:720px;height:104px;background-color:#ddd;overflow:scroll;\">\n\t<strong>Sa\u00edda da depura\u00e7\u00e3o de an\u00fancios<\/strong>\n\t<br><br>\n\tO an\u00fancio n\u00e3o \u00e9 exibido na p\u00e1gina<br><br>post atual: Justi\u00e7a determina pris\u00e3o de V\u00edtor El\u00f3i, ex-prefeito de Santana da Vargem, ID: 9314<br><br><span style=\"color: red;\">O post atual n\u00e3o \u00e9 id\u00eantico ao post principal.<\/span><br><br>An\u00fancios: ROXO - TOPO INTERNA - ROTATIVO 2 (197)<br \/>Grupo de an\u00fancios: Princ_Meio01_720x104 (27)<br><br>Condi\u00e7\u00f5es de exibi\u00e7\u00e3o<div style=\"margin-bottom: 20px; white-space: pre-wrap; font-family: monospace; width: 100%; background: #ffe9e9;\"><strong>condi\u00e7\u00f5es gerais<\/strong><table border=\"1\"><thead><tr><th><\/th><th>An\u00fancios<\/th><th>wp_the_query<\/th><\/tr><\/thead><tr><td>is_main_query<\/td><td>1<\/td><td>1<\/td><\/tr><tr><td>is_rest_api<\/td><td>0<\/td><td>1<\/td><\/tr><tr><td>page<\/td><td>0<\/td><td>1<\/td><\/tr><tr><td>numpages<\/td><td>0<\/td><td>1<\/td><\/tr><tr><td>is_archive<\/td><td>1<\/td><td><\/td><\/tr><tr><td>is_search<\/td><td>1<\/td><td><\/td><\/tr><tr><td>is_home<\/td><td>1<\/td><td><\/td><\/tr><tr><td>is_404<\/td><td>1<\/td><td><\/td><\/tr><tr><td>is_attachment<\/td><td>1<\/td><td><\/td><\/tr><tr><td>is_singular<\/td><td>1<\/td><td><\/td><\/tr><tr><td>is_front_page<\/td><td>1<\/td><td><\/td><\/tr><tr><td>is_feed<\/td><td>1<\/td><td><\/td><\/tr><\/table><\/div><br><br><span style=\"color: red;\">Seu site usa HTTPS, mas o c\u00f3digo do an\u00fancio cont\u00e9m HTTP e pode n\u00e3o funcionar.<\/span>\t<br><br>\n\t<a style=\"color: green;\" href=\"https:\/\/wpadvancedads.com\/manual\/ad-debug-mode\/?utm_source=advanced-ads&utm_medium=link&utm_campaign=ad-debug-mode\" target=\"_blank\" rel=\"nofollow\">Encontre solu\u00e7\u00f5es no manual<\/a>\n<\/div>\n<\/li><\/ul><\/div><script>( window.advanced_ads_ready || jQuery( document ).ready ).call( null, function() {var $lavraslider1823515477 = jQuery( \".lavra-slider-1823515477\" );$lavraslider1823515477.on( \"unslider.ready\", function() { jQuery( \"div.custom-slider ul li\" ).css( \"display\", \"block\" ); });$lavraslider1823515477.unslider({ delay:4000, autoplay:true, nav:false, arrows:false, infinite:true });$lavraslider1823515477.on(\"mouseover\", function() {$lavraslider1823515477.unslider(\"stop\");}).on(\"mouseout\", function() {$lavraslider1823515477.unslider(\"start\");});});<\/script><\/div><div class=\"mc-column content-text active-extra-styles active-capital-letter\" data-block-type=\"unstyled\" data-block-weight=\"60\">\n<p class=\"content-text__container theme-color-primary-first-letter\" data-track-category=\"Link no Texto\" data-track-links=\"\">A Justi\u00e7a determinou a pris\u00e3o tempor\u00e1ria do ex-prefeito de Santana da Vargem (MG), V\u00edtor Donizete Siqueira, conhecido como V\u00edtor El\u00f3i. A determina\u00e7\u00e3o \u00e9 do juiz Cristiano Ara\u00fajo Sim\u00f5es Nunes que tamb\u00e9m decretou a pris\u00e3o tempor\u00e1ria da esposa do pol\u00edtico, Sandra Aparecida de Sousa Siqueira, e de um funcion\u00e1rio da prefeitura de Santana da Vargem, que n\u00e3o teve o nome divulgado.<\/p>\n<\/div>\n<p><!--more--><\/p>\n<div class=\"mc-column content-text active-extra-styles \" data-block-type=\"unstyled\" data-block-weight=\"42\">\n<p class=\"content-text__container \" data-track-category=\"Link no Texto\" data-track-links=\"\">O ex-prefeito \u00e9 investigado pelo Minist\u00e9rio P\u00fablico por suposto desvio de verba envolvendo o patrim\u00f4nio p\u00fablico. J\u00e1 a esposa e o servidor da prefeitura s\u00e3o suspeitos de tentar atrapalhar as investiga\u00e7\u00f5es do MP. Segundo o juiz, eles estariam coagindo testemunhas desse processo.<\/p>\n<\/div>\n<div class=\"mc-column content-text active-extra-styles \" data-block-type=\"unstyled\" data-block-weight=\"30\">\n<p class=\"content-text__container \" data-track-category=\"Link no Texto\" data-track-links=\"\">Os tr\u00eas se apresentaram na delegacia de Varginha (MG) na manh\u00e3 deste s\u00e1bado (27), por volta de 9h. Ao chegar na delegacia, o ex-prefeito alegou desconhecer o motivo da pris\u00e3o.<\/p>\n<\/div>\n<div class=\"mc-column content-media content-media--normal content-photo\" data-block-type=\"backstage-photo\">\n<div class=\"content-media__container\">\n<div class=\"content-media__image-centered\">\n<div class=\"progressive-img can-open-lightbox\" data-min-size=\"1008x653\" data-max-size-url=\"http:\/\/s2.glbimg.com\/GSz-T_CbwtP1cg3WsxOqqaBHSeA=\/0x0:1388x900\/1600x0\/smart\/filters:strip_icc()\/i.s3.glbimg.com\/v1\/AUTH_59edd422c0c84a879bd37670ae4f538a\/internal_photos\/bs\/2017\/E\/D\/KVpmd9RR6AcdZZEugdRw\/prefeito-santana.jpg\" data-max-size=\"1600x1037\" data-min-size-url=\"http:\/\/s2.glbimg.com\/FYGTOfq6a3T5G4MyP1pJ1MXFOOU=\/0x0:1388x900\/1008x0\/smart\/filters:strip_icc()\/i.s3.glbimg.com\/v1\/AUTH_59edd422c0c84a879bd37670ae4f538a\/internal_photos\/bs\/2017\/E\/D\/KVpmd9RR6AcdZZEugdRw\/prefeito-santana.jpg\" data-media-index=\"0\">\n<div class=\"placeholder-container\"><\/div>\n<picture><img decoding=\"async\" class=\"image content-media__image progressive-loaded aligncenter\" title=\"Ex-prefeito \u00e9 investigado pelo Minist\u00e9rio P\u00fablico por suposto desvio de verba envolvendo o patrim\u00f4nio p\u00fablico (Foto: Reprodu\u00e7\u00e3o EPTV\/Erlei Peixoto)\" src=\"http:\/\/s2.glbimg.com\/zBlEYqBbtUwWen-o6yb9zC5dnCI=\/0x0:1388x900\/984x0\/smart\/filters:strip_icc()\/i.s3.glbimg.com\/v1\/AUTH_59edd422c0c84a879bd37670ae4f538a\/internal_photos\/bs\/2017\/E\/D\/KVpmd9RR6AcdZZEugdRw\/prefeito-santana.jpg\" alt=\"Ex-prefeito \u00e9 investigado pelo Minist\u00e9rio P\u00fablico por suposto desvio de verba envolvendo o patrim\u00f4nio p\u00fablico (Foto: Reprodu\u00e7\u00e3o EPTV\/Erlei Peixoto)\" data-src=\"http:\/\/s2.glbimg.com\/zBlEYqBbtUwWen-o6yb9zC5dnCI=\/0x0:1388x900\/984x0\/smart\/filters:strip_icc()\/i.s3.glbimg.com\/v1\/AUTH_59edd422c0c84a879bd37670ae4f538a\/internal_photos\/bs\/2017\/E\/D\/KVpmd9RR6AcdZZEugdRw\/prefeito-santana.jpg\" \/><\/picture><\/div>\n<\/div>\n<div class=\"content-media__description-centered \">\n<p class=\"content-media__description\"><i class=\"content-media__description__icon theme-color-primary\"><\/i><span class=\"content-media__description__caption\">Ex-prefeito \u00e9 investigado pelo Minist\u00e9rio P\u00fablico por suposto desvio de verba envolvendo o patrim\u00f4nio p\u00fablico (Foto: Reprodu\u00e7\u00e3o EPTV\/Erlei Peixoto)<\/span><\/p>\n<\/div>\n<\/div>\n<\/div>\n<div class=\"mc-column content-text active-extra-styles \" data-block-type=\"unstyled\" data-block-weight=\"112\">\n<p class=\"content-text__container \" data-track-category=\"Link no Texto\" data-track-links=\"\">\u201cEu n\u00e3o tenho conhecimento do que trata a mat\u00e9ria. Hoje a pol\u00edcia me buscou para fazer esse depoimento, mas isso deve ser tudo pol\u00edtica. A inten\u00e7\u00e3o deles \u00e9 denegrir a imagem da gente, com den\u00fancias caluniosas, n\u00e9. Eu acredito que n\u00e3o tem nada que me desabone, que desabone o governo que foi feito em Santana da Vargem. As pessoas me conhecem l\u00e1 e sabem muito bem, por isso eu tive mais da maioria da metada da popula\u00e7\u00e3o dos votos. Perdi por apenas 26 votos, mas ele n\u00e3o foi conduzido ao cargo e eles querem empurrar os candidatos deles, que hoje \u00e9 o interino\u201d, disse o ex-prefeito V\u00edtor Donizete Siqueira, o V\u00edtor El\u00f3i.<\/p>\n<\/div>\n<div class=\"mc-column content-text active-extra-styles \" data-block-type=\"unstyled\" data-block-weight=\"33\">\n<p class=\"content-text__container \" data-track-category=\"Link no Texto\" data-track-links=\"\">Segundo informa\u00e7\u00f5es da pol\u00edcia, at\u00e9 que sejam transferidos para Tr\u00eas Pontas (MG), os tr\u00eas envolvidos devem aguardar em uma cela dentro da pr\u00f3pria delegacia de Varginha. A pris\u00e3o tempor\u00e1ria \u00e9 de cinco dias.<\/p>\n<\/div>\n<div class=\"mc-column content-text active-extra-styles \" data-block-type=\"unstyled\" data-block-weight=\"71\">\n<p class=\"content-text__container \" data-track-category=\"Link no Texto\" data-track-links=\"\">&#8220;N\u00f3s estamos cumprindo os mandados de pris\u00e3o, que recebemos na parte desta manh\u00e3. Eles ser\u00e3o encaminhados para a Comarca de Tr\u00eas Pontas, que \u00e9 a origem do mandado. Eles ficar\u00e3o recolhidos por cinco dias inicialmente, j\u00e1 que \u00e9 uma pris\u00e3o tempor\u00e1ria podendo ser prorrogada ou transformada em preventiva. A partir de segunda-feira (29) come\u00e7a o prazo que o Minist\u00e9rio P\u00fablico tome as declara\u00e7\u00f5es dos mesmos&#8221;, disse o delegado Ant\u00f4nio Carlos Buttignon.<\/p>\n<\/div>\n<div class=\"mc-column content-text active-extra-styles \" data-block-type=\"unstyled\" data-block-weight=\"60\">\n<p class=\"content-text__container \" data-track-category=\"Link no Texto\" data-track-links=\"\">Ainda segundo o delegado, os suspeitos n\u00e3o ser\u00e3o ouvidos em Varginha. &#8220;Porque n\u00e3o sabemos do que se trata. Sabemos que se trata de um processo sigiloso, que corre em segredo de justi\u00e7a, e n\u00f3s n\u00e3o temos conhecimento e nem saber\u00edamos sobre o que ouv\u00ed-los. Ent\u00e3o essa ser\u00e1 a miss\u00e3o do Minist\u00e9rio P\u00fablico, que \u00e9 quem est\u00e1 comandando essa inqu\u00e9rito&#8221;, finalizou.<\/p>\n<\/div>\n<div class=\"mc-column content-text active-extra-styles \" data-block-type=\"unstyled\" data-block-weight=\"3\">\n<p class=\"content-text__container \" data-track-category=\"Link no Texto\" data-track-links=\"\"><strong>Per\u00edodo de governo<\/strong><\/p>\n<\/div>\n<div class=\"mc-column content-text active-extra-styles \" data-block-type=\"unstyled\" data-block-weight=\"79\">\n<p class=\"content-text__container \" data-track-category=\"Link no Texto\" data-track-links=\"\">V\u00edtor El\u00f3i governou Santana da Vargem no per\u00edodo de 2012 a 2016. Nas \u00faltimas elei\u00e7\u00f5es municipais, em outubro do ano passado, ele tentou a reelei\u00e7\u00e3o. Na ocasi\u00e3o, V\u00edtor El\u00f3i teve 2.510 votos, mas perdeu a disputa para Argemiro Rodrigues Galv\u00e3o que teve 26 votos a mais. Mesmo eleito, Argemiro n\u00e3o assumiu o cargo, porque estava com problemas na Justi\u00e7a. Atualmente \u00e9 o presidente da C\u00e2mara de Vereadores, Renato Teodoro da Silva que est\u00e1 \u00e0 frente da prefeitura da cidade.<\/p>\n<\/div>\n<p class=\"content-text__container \" data-track-category=\"Link no Texto\" data-track-links=\"\">Fonte: G1<\/p>\n","protected":false},"excerpt":{"rendered":"<p>A Justi\u00e7a determinou a pris\u00e3o tempor\u00e1ria do ex-prefeito de Santana da Vargem (MG), V\u00edtor Donizete Siqueira, conhecido como V\u00edtor El\u00f3i. A determina\u00e7\u00e3o \u00e9 do juiz Cristiano Ara\u00fajo Sim\u00f5es Nunes que tamb\u00e9m decretou a pris\u00e3o tempor\u00e1ria da esposa do pol\u00edtico, Sandra Aparecida de Sousa Siqueira, e de um funcion\u00e1rio da prefeitura de Santana da Vargem, que [&hellip;]<\/p>\n","protected":false},"author":2,"featured_media":9315,"comment_status":"closed","ping_status":"open","sticky":false,"template":"","format":"standard","meta":{"advgb_blocks_editor_width":"","advgb_blocks_columns_visual_guide":"","_exactmetrics_skip_tracking":false,"_exactmetrics_sitenote_active":false,"_exactmetrics_sitenote_note":"","_exactmetrics_sitenote_category":0,"footnotes":""},"categories":[12],"tags":[3456],"class_list":["post-9314","post","type-post","status-publish","format-standard","has-post-thumbnail","hentry","category-politica","tag-eloi-mendes"],"better_featured_image":{"id":9315,"alt_text":"","caption":"","description":"","media_type":"image","media_details":{"width":984,"height":638,"file":"2017\/05\/prefeito-santana.jpg","sizes":{"thumbnail":{"file":"prefeito-santana-150x97.jpg","width":150,"height":97,"mime-type":"image\/jpeg","source_url":"https:\/\/lavras.tv\/site\/wp-content\/uploads\/2017\/05\/prefeito-santana-150x97.jpg"},"medium":{"file":"prefeito-santana-300x195.jpg","width":300,"height":195,"mime-type":"image\/jpeg","source_url":"https:\/\/lavras.tv\/site\/wp-content\/uploads\/2017\/05\/prefeito-santana-300x195.jpg"},"featured-slider-img":{"file":"prefeito-santana-640x480.jpg","width":640,"height":480,"mime-type":"image\/jpeg","source_url":"https:\/\/lavras.tv\/site\/wp-content\/uploads\/2017\/05\/prefeito-santana-640x480.jpg"},"featured-post-img":{"file":"prefeito-santana-480x320.jpg","width":480,"height":320,"mime-type":"image\/jpeg","source_url":"https:\/\/lavras.tv\/site\/wp-content\/uploads\/2017\/05\/prefeito-santana-480x320.jpg"},"sow-carousel-default":{"file":"prefeito-santana-272x182.jpg","width":272,"height":182,"mime-type":"image\/jpeg","source_url":"https:\/\/lavras.tv\/site\/wp-content\/uploads\/2017\/05\/prefeito-santana-272x182.jpg"}},"image_meta":{"aperture":"0","credit":"","camera":"","caption":"","created_timestamp":"0","copyright":"","focal_length":"0","iso":"0","shutter_speed":"0","title":"","orientation":"0","keywords":[]}},"post":9314,"source_url":"https:\/\/lavras.tv\/site\/wp-content\/uploads\/2017\/05\/prefeito-santana.jpg"},"author_meta":{"display_name":"Lavras TV","author_link":"https:\/\/lavras.tv\/site\/author\/lavrastv\/"},"featured_img":"https:\/\/lavras.tv\/site\/wp-content\/uploads\/2017\/05\/prefeito-santana-300x195.jpg","coauthors":[],"tax_additional":{"categories":{"linked":["<a href=\"https:\/\/lavras.tv\/site\/category\/politica\/\" class=\"advgb-post-tax-term\">Pol\u00edtica<\/a>"],"unlinked":["<span class=\"advgb-post-tax-term\">Pol\u00edtica<\/span>"]},"tags":{"linked":["<a href=\"https:\/\/lavras.tv\/site\/category\/politica\/\" class=\"advgb-post-tax-term\">el\u00f3i mendes<\/a>"],"unlinked":["<span class=\"advgb-post-tax-term\">el\u00f3i mendes<\/span>"]}},"comment_count":"0","relative_dates":{"created":"Publicado 9 anos atr\u00e1s","modified":"Atualizado 9 anos atr\u00e1s"},"absolute_dates":{"created":"Publicado em 29 de maio de 2017","modified":"Atualizado em 29 de maio de 2017"},"absolute_dates_time":{"created":"Publicado em 29 de maio de 2017 09:58","modified":"Atualizado em 29 de maio de 2017 09:58"},"featured_img_caption":"","series_order":"","_links":{"self":[{"href":"https:\/\/lavras.tv\/site\/wp-json\/wp\/v2\/posts\/9314","targetHints":{"allow":["GET"]}}],"collection":[{"href":"https:\/\/lavras.tv\/site\/wp-json\/wp\/v2\/posts"}],"about":[{"href":"https:\/\/lavras.tv\/site\/wp-json\/wp\/v2\/types\/post"}],"author":[{"embeddable":true,"href":"https:\/\/lavras.tv\/site\/wp-json\/wp\/v2\/users\/2"}],"replies":[{"embeddable":true,"href":"https:\/\/lavras.tv\/site\/wp-json\/wp\/v2\/comments?post=9314"}],"version-history":[{"count":1,"href":"https:\/\/lavras.tv\/site\/wp-json\/wp\/v2\/posts\/9314\/revisions"}],"predecessor-version":[{"id":9316,"href":"https:\/\/lavras.tv\/site\/wp-json\/wp\/v2\/posts\/9314\/revisions\/9316"}],"wp:featuredmedia":[{"embeddable":true,"href":"https:\/\/lavras.tv\/site\/wp-json\/wp\/v2\/media\/9315"}],"wp:attachment":[{"href":"https:\/\/lavras.tv\/site\/wp-json\/wp\/v2\/media?parent=9314"}],"wp:term":[{"taxonomy":"category","embeddable":true,"href":"https:\/\/lavras.tv\/site\/wp-json\/wp\/v2\/categories?post=9314"},{"taxonomy":"post_tag","embeddable":true,"href":"https:\/\/lavras.tv\/site\/wp-json\/wp\/v2\/tags?post=9314"}],"curies":[{"name":"wp","href":"https:\/\/api.w.org\/{rel}","templated":true}]}}