{"id":9462,"date":"2017-06-01T09:34:15","date_gmt":"2017-06-01T12:34:15","guid":{"rendered":"http:\/\/lavras.tv\/site\/?p=9462"},"modified":"2017-06-01T09:34:15","modified_gmt":"2017-06-01T12:34:15","slug":"com-historico-favoravel-cruzeiro-visita-chape-para-avancar-as-quartas-da-copa-do-brasil","status":"publish","type":"post","link":"https:\/\/lavras.tv\/site\/2017\/06\/01\/com-historico-favoravel-cruzeiro-visita-chape-para-avancar-as-quartas-da-copa-do-brasil\/","title":{"rendered":"Com hist\u00f3rico favor\u00e1vel, Cruzeiro visita Chape para avan\u00e7ar \u00e0s quartas da Copa do Brasil"},"content":{"rendered":"<div class=\"lavra-antes-do-conteudo_2\" id=\"lavra-2701267805\"><div id=\"lavra-slider-27\" class=\"custom-slider lavra-slider-502219102 lavra-slider\"><ul><li><div style=\"margin-left: auto;margin-right: auto;text-align: center;\" id=\"lavra-4253121211\"><a href=\"https:\/\/sistemas.lavras.mg.gov.br\/portalcidadao\/#df1b1a7c7b2a290bcb31e32771e610784662739a88807c0dacac58ede5f391a7530e299dc302d611ee73cb143fc22eaf93592e53e7b5bdb01b00a0b8d28dae460c141dd2ff83412e4dc1c31b16b25f33144a9e5620ea73b13f5bc1c59411d98439ad226e8af03840603796067d87afe130812cf3de24982d0e306f9e61e764e5\" aria-label=\"Lavras-TV&#8211;720x104px (1) (1)\"><img src=\"https:\/\/lavras.tv\/site\/wp-content\/uploads\/2025\/01\/Lavras-TV-720x104px-1-1.png\" alt=\"\"  srcset=\"https:\/\/lavras.tv\/site\/wp-content\/uploads\/2025\/01\/Lavras-TV-720x104px-1-1.png 720w, https:\/\/lavras.tv\/site\/wp-content\/uploads\/2025\/01\/Lavras-TV-720x104px-1-1-470x68.png 470w, https:\/\/lavras.tv\/site\/wp-content\/uploads\/2025\/01\/Lavras-TV-720x104px-1-1-170x25.png 170w, https:\/\/lavras.tv\/site\/wp-content\/uploads\/2025\/01\/Lavras-TV-720x104px-1-1-200x29.png 200w\" sizes=\"(max-width: 720px) 100vw, 720px\" width=\"720\" height=\"104\"  style=\"display: inline-block;\" \/><\/a><\/div><\/li><li><a href=\"https:\/\/sistemas.lavras.mg.gov.br\/portalcidadao\/#df1b1a7c7b2a290bcb31e32771e610784662739a88807c0dacac58ede5f391a7530e299dc302d611ee73cb143fc22eaf93592e53e7b5bdb01b00a0b8d28dae460c141dd2ff83412e4dc1c31b16b25f33144a9e5620ea73b13f5bc1c59411d98439ad226e8af03840603796067d87afe130812cf3de24982d0e306f9e61e764e5\" aria-label=\"Banner_Emprego_PortallavrasTV\"><img src=\"https:\/\/lavras.tv\/site\/wp-content\/uploads\/2025\/03\/Banner_Emprego_PortallavrasTV.png\" alt=\"\"  srcset=\"https:\/\/lavras.tv\/site\/wp-content\/uploads\/2025\/03\/Banner_Emprego_PortallavrasTV.png 720w, https:\/\/lavras.tv\/site\/wp-content\/uploads\/2025\/03\/Banner_Emprego_PortallavrasTV-470x68.png 470w, https:\/\/lavras.tv\/site\/wp-content\/uploads\/2025\/03\/Banner_Emprego_PortallavrasTV-170x25.png 170w, https:\/\/lavras.tv\/site\/wp-content\/uploads\/2025\/03\/Banner_Emprego_PortallavrasTV-200x29.png 200w\" sizes=\"(max-width: 720px) 100vw, 720px\" width=\"720\" height=\"104\"   \/><\/a><\/li><li><a href=\"https:\/\/sistemas.lavras.mg.gov.br\/portalcidadao\/#df1b1a7c7b2a290bcb31e32771e610784662739a88807c0dacac58ede5f391a7530e299dc302d611ee73cb143fc22eaf93592e53e7b5bdb01b00a0b8d28dae460c141dd2ff83412e4dc1c31b16b25f33144a9e5620ea73b13f5bc1c59411d98439ad226e8af03840603796067d87afe130812cf3de24982d0e306f9e61e764e5\" aria-label=\"Banner_Obras_PortallavrasTV\"><img src=\"https:\/\/lavras.tv\/site\/wp-content\/uploads\/2025\/03\/Banner_Obras_PortallavrasTV.png\" alt=\"\"  srcset=\"https:\/\/lavras.tv\/site\/wp-content\/uploads\/2025\/03\/Banner_Obras_PortallavrasTV.png 720w, https:\/\/lavras.tv\/site\/wp-content\/uploads\/2025\/03\/Banner_Obras_PortallavrasTV-470x68.png 470w, https:\/\/lavras.tv\/site\/wp-content\/uploads\/2025\/03\/Banner_Obras_PortallavrasTV-170x25.png 170w, https:\/\/lavras.tv\/site\/wp-content\/uploads\/2025\/03\/Banner_Obras_PortallavrasTV-200x29.png 200w\" sizes=\"(max-width: 720px) 100vw, 720px\" width=\"720\" height=\"104\"   \/><\/a><\/li><li><div style=\"margin-left: auto;margin-right: auto;text-align: center;\" id=\"lavra-3459035297\"><a href=\"https:\/\/sistemas.lavras.mg.gov.br\/portalcidadao\/#df1b1a7c7b2a290bcb31e32771e610784662739a88807c0dacac58ede5f391a7530e299dc302d611ee73cb143fc22eaf93592e53e7b5bdb01b00a0b8d28dae460c141dd2ff83412e4dc1c31b16b25f33144a9e5620ea73b13f5bc1c59411d98439ad226e8af03840603796067d87afe130812cf3de24982d0e306f9e61e764e5\" aria-label=\"Banner_Educa\u00e7\u00e3o_PortallavrasTV\"><img src=\"https:\/\/lavras.tv\/site\/wp-content\/uploads\/2025\/01\/Banner_Educacao_PortallavrasTV.png\" alt=\"\"  srcset=\"https:\/\/lavras.tv\/site\/wp-content\/uploads\/2025\/01\/Banner_Educacao_PortallavrasTV.png 720w, https:\/\/lavras.tv\/site\/wp-content\/uploads\/2025\/01\/Banner_Educacao_PortallavrasTV-470x68.png 470w, https:\/\/lavras.tv\/site\/wp-content\/uploads\/2025\/01\/Banner_Educacao_PortallavrasTV-170x25.png 170w, https:\/\/lavras.tv\/site\/wp-content\/uploads\/2025\/01\/Banner_Educacao_PortallavrasTV-200x29.png 200w\" sizes=\"(max-width: 720px) 100vw, 720px\" width=\"720\" height=\"104\"  style=\"display: inline-block;\" \/><\/a><\/div><\/li><li><a href=\"https:\/\/sistemas.lavras.mg.gov.br\/portalcidadao\/#df1b1a7c7b2a290bcb31e32771e610784662739a88807c0dacac58ede5f391a7530e299dc302d611ee73cb143fc22eaf93592e53e7b5bdb01b00a0b8d28dae460c141dd2ff83412e4dc1c31b16b25f33144a9e5620ea73b13f5bc1c59411d98439ad226e8af03840603796067d87afe130812cf3de24982d0e306f9e61e764e5\" aria-label=\"Banner_Sa\u00fade_PortallavrasTV\"><img src=\"https:\/\/lavras.tv\/site\/wp-content\/uploads\/2025\/03\/Banner_Saude_PortallavrasTV.png\" alt=\"\"  srcset=\"https:\/\/lavras.tv\/site\/wp-content\/uploads\/2025\/03\/Banner_Saude_PortallavrasTV.png 720w, https:\/\/lavras.tv\/site\/wp-content\/uploads\/2025\/03\/Banner_Saude_PortallavrasTV-470x68.png 470w, https:\/\/lavras.tv\/site\/wp-content\/uploads\/2025\/03\/Banner_Saude_PortallavrasTV-170x25.png 170w, https:\/\/lavras.tv\/site\/wp-content\/uploads\/2025\/03\/Banner_Saude_PortallavrasTV-200x29.png 200w\" sizes=\"(max-width: 720px) 100vw, 720px\" width=\"720\" height=\"104\"   \/><\/a><\/li><li><div id=\"lavra-2212893166\" style=\"width:720px;height:104px;background-color:#ddd;overflow:scroll;\">\n\t<strong>Sa\u00edda da depura\u00e7\u00e3o de an\u00fancios<\/strong>\n\t<br><br>\n\tO an\u00fancio n\u00e3o \u00e9 exibido na p\u00e1gina<br><br>post atual: Com hist\u00f3rico favor\u00e1vel, Cruzeiro visita Chape para avan\u00e7ar \u00e0s quartas da Copa do Brasil, ID: 9462<br><br><span style=\"color: red;\">O post atual n\u00e3o \u00e9 id\u00eantico ao post principal.<\/span><br><br>An\u00fancios: ROXO - TOPO INTERNA - ROTATIVO 2 (197)<br \/>Grupo de an\u00fancios: Princ_Meio01_720x104 (27)<br><br>Condi\u00e7\u00f5es de exibi\u00e7\u00e3o<div style=\"margin-bottom: 20px; white-space: pre-wrap; font-family: monospace; width: 100%; background: #ffe9e9;\"><strong>condi\u00e7\u00f5es gerais<\/strong><table border=\"1\"><thead><tr><th><\/th><th>An\u00fancios<\/th><th>wp_the_query<\/th><\/tr><\/thead><tr><td>is_main_query<\/td><td>1<\/td><td>1<\/td><\/tr><tr><td>is_rest_api<\/td><td>0<\/td><td>1<\/td><\/tr><tr><td>page<\/td><td>0<\/td><td>1<\/td><\/tr><tr><td>numpages<\/td><td>0<\/td><td>1<\/td><\/tr><tr><td>is_archive<\/td><td>1<\/td><td><\/td><\/tr><tr><td>is_search<\/td><td>1<\/td><td><\/td><\/tr><tr><td>is_home<\/td><td>1<\/td><td><\/td><\/tr><tr><td>is_404<\/td><td>1<\/td><td><\/td><\/tr><tr><td>is_attachment<\/td><td>1<\/td><td><\/td><\/tr><tr><td>is_singular<\/td><td>1<\/td><td><\/td><\/tr><tr><td>is_front_page<\/td><td>1<\/td><td><\/td><\/tr><tr><td>is_feed<\/td><td>1<\/td><td><\/td><\/tr><\/table><\/div><br><br><span style=\"color: red;\">Seu site usa HTTPS, mas o c\u00f3digo do an\u00fancio cont\u00e9m HTTP e pode n\u00e3o funcionar.<\/span>\t<br><br>\n\t<a style=\"color: green;\" href=\"https:\/\/wpadvancedads.com\/manual\/ad-debug-mode\/?utm_source=advanced-ads&utm_medium=link&utm_campaign=ad-debug-mode\" target=\"_blank\" rel=\"nofollow\">Encontre solu\u00e7\u00f5es no manual<\/a>\n<\/div>\n<\/li><\/ul><\/div><script>( window.advanced_ads_ready || jQuery( document ).ready ).call( null, function() {var $lavraslider502219102 = jQuery( \".lavra-slider-502219102\" );$lavraslider502219102.on( \"unslider.ready\", function() { jQuery( \"div.custom-slider ul li\" ).css( \"display\", \"block\" ); });$lavraslider502219102.unslider({ delay:4000, autoplay:true, nav:false, arrows:false, infinite:true });$lavraslider502219102.on(\"mouseover\", function() {$lavraslider502219102.unslider(\"stop\");}).on(\"mouseout\", function() {$lavraslider502219102.unslider(\"start\");});});<\/script><\/div><p>Ap\u00f3s ser eliminado precocemente na Copa Sul-Americana, o Cruzeiro n\u00e3o quer protagonizar uma nova queda, desta vez na Copa do Brasil. Por isso, a equipe celeste encara com seriedade o segundo duelo das oitavas de final contra a Chapecoense, nesta quinta-feira, \u00e0s 21h30, na Arena Cond\u00e1.<\/p>\n<p><img fetchpriority=\"high\" decoding=\"async\" class=\"alignnone size-full wp-image-9463 aligncenter\" src=\"http:\/\/lavras.tv\/site\/wp-content\/uploads\/2017\/06\/cru.jpg\" alt=\"cru\" width=\"405\" height=\"272\" srcset=\"https:\/\/lavras.tv\/site\/wp-content\/uploads\/2017\/06\/cru.jpg 405w, https:\/\/lavras.tv\/site\/wp-content\/uploads\/2017\/06\/cru-150x101.jpg 150w, https:\/\/lavras.tv\/site\/wp-content\/uploads\/2017\/06\/cru-300x201.jpg 300w, https:\/\/lavras.tv\/site\/wp-content\/uploads\/2017\/06\/cru-272x182.jpg 272w\" sizes=\"(max-width: 405px) 100vw, 405px\" \/><\/p>\n<p>Como venceu por 1 a 0, em Belo Horizonte, o Cruzeiro sai de Chapec\u00f3 (SC) classificado com um empate ou at\u00e9 derrota por um gol de diferen\u00e7a, desde que balance as redes.<\/p>\n<p>\u201cCom certeza, ser\u00e1 um jogo muito dif\u00edcil, temos uma pequena vantagem, mas vamos procurar a vit\u00f3ria. Vamos fortes para fazermos um grande jogo\u201d, destacou o lateral-esquerdo Diogo Barbosa.<\/p>\n<p>A equipe celeste s\u00f3 ser\u00e1 eliminada nesta quinta-feira se perder por dois gols de diferen\u00e7a (2 x 0, 3 x 1, 4 x 2 e assim por diante), resultados que ainda n\u00e3o aconteceram nesta temporada contra a Raposa. Em 30 jogos no ano, o Cruzeiro acumula 20 vit\u00f3rias, sete empates e apenas tr\u00eas derrotas, todas por 2 a 1, placar que garante o time celeste nas quartas de final da Copa do Brasil por ter marcado gol fora de casa. Se a Chapecoense vencer por 1 a 0 leva a decis\u00e3o para os p\u00eanaltis.<\/p>\n<p>O hist\u00f3rico em Chapec\u00f3 tamb\u00e9m \u00e9 trunfo da Raposa no duelo decisivo. Al\u00e9m de ter uma defesa s\u00f3lida \u2013 time sofreu 18 gols em 30 jogos na temporada \u2013, o Cruzeiro nunca perdeu por dois gols de diferen\u00e7a para a Chapecoense na Arena Cond\u00e1. Em quatro partidas, foram dois empates, uma vit\u00f3ria e uma derrota. O \u00fanico rev\u00e9s foi por 3 a 2, placar que tamb\u00e9m d\u00e1 a vaga aos mineiros pelos gols anotados como visitante.<\/p>\n<p>Para a partida, o t\u00e9cnico Mano Menezes \u00e9 obrigado a fazer modifica\u00e7\u00f5es na equipe que venceu o Santos no fim de semana pelo Campeonato Brasileiro. Com entorse no joelho direito, o meia Arrascaeta est\u00e1 fora, assim como o zagueiro Ded\u00e9, poupado por conta de desgaste, e o atacante Rafael Marques, que chegou ao clube ap\u00f3s o fim do prazo de inscri\u00e7\u00e3o na Copa do Brasil.<\/p>\n<p>Assim, a d\u00favida que Mano levar\u00e1 para o vesti\u00e1rio est\u00e1 no meio-campo: Thiago Neves ou Rafinha? A tend\u00eancia \u00e9 que o primeiro seja titular, j\u00e1 que o camisa 30, que retornou de contus\u00e3o recentemente, entrou no decorrer do jogo contra o Santos, enquanto o segundo est\u00e1 voltando de les\u00e3o agora. Na zaga entra Caicedo e no ataque \u00c1bila ganha a vaga.<\/p>\n<p>Na Chapecoense, o atacante Wellington Paulista, com amigdalite, n\u00e3o treinou nesta quarta-feira e virou d\u00favida para a partida. Caso o ex-cruzeirense n\u00e3o jogue, entra T\u00falio de Melo. Outra inc\u00f3gnita est\u00e1 no meio-campo: Nen\u00e9n e Osman disputam a vaga do venezuelano Seijas, que n\u00e3o pode jogar porque j\u00e1 defendeu o Internacional na Copa do Brasil.<\/p>\n<p>O t\u00e9cnico Vagner Mancini definiu o car\u00e1ter decisivo do confronto e frisou a necessidade de a Chape atacar. \u201cO jogo est\u00e1 1 a 0 contra a gente. \u00c9 necess\u00e1rio que os jogadores entendam o que \u00e9 jogar a Copa do Brasil, que \u00e9 diferente do Brasileiro. A gente vai ter que atacar muito o Cruzeiro, que tem um time leve, experiente, r\u00e1pido e bem dirigido\u201d, analisou.<\/p>\n<p>Acompanhe, a partir das 21h05, a Jornada Esportiva da Itatiaia, com o 1\u00ba Time do R\u00e1dio. Narra\u00e7\u00e3o de Alberto Rodrigues, coment\u00e1rios de Cadu Don\u00e9 e reportagens de Samuel Ven\u00e2ncio e \u00c1lvaro Dami\u00e3o.<\/p>\n<p><strong>Chapecoense x Cruzeiro<\/strong><\/p>\n<p>Chapecoense: Jandrei; Apodi, Victor Ramos, Luiz Ot\u00e1vio e Reinaldo; Andrei Girotto, Luiz Antonio e Nen\u00e9n (Osman); Rossi, Arthur Ca\u00edke e Wellington Paulista (T\u00falio de Melo). T\u00e9cnico: Vagner Mancini<\/p>\n<p>Cruzeiro: F\u00e1bio; Lucas Romero, Caicedo, L\u00e9o e Diogo Barbosa; Henrique, Hudson, Ariel Cabral, Thiago Neves (Rafinha) e Alisson; Ram\u00f3n \u00c1bila. T\u00e9cnico: Mano Menezes<\/p>\n<p>Motivo: jogo de volta \u2013 oitavas de final Copa do Brasil<br \/>\nData: 1\u00ba de junho de 2017, quinta-feira, \u00e0s 21h30<br \/>\nLocal: Arena Cond\u00e1, em Chapec\u00f3 (SC)<\/p>\n<p>\u00c1rbitro: P\u00e9ricles Bassols Pegado Cortez (PE)<br \/>\nAuxiliares: Cl\u00f3vis Amaral da Silva (PE) \/ Cleberson do Nascimento Leite (PE)<\/p>\n<p>Fonte: Itatiaia<\/p>\n","protected":false},"excerpt":{"rendered":"<p>Ap\u00f3s ser eliminado precocemente na Copa Sul-Americana, o Cruzeiro n\u00e3o quer protagonizar uma nova queda, desta vez na Copa do Brasil. Por isso, a equipe celeste encara com seriedade o segundo duelo das oitavas de final contra a Chapecoense, nesta quinta-feira, \u00e0s 21h30, na Arena Cond\u00e1. Como venceu por 1 a 0, em Belo Horizonte, [&hellip;]<\/p>\n","protected":false},"author":2,"featured_media":9463,"comment_status":"closed","ping_status":"open","sticky":false,"template":"","format":"standard","meta":{"advgb_blocks_editor_width":"","advgb_blocks_columns_visual_guide":"","_exactmetrics_skip_tracking":false,"_exactmetrics_sitenote_active":false,"_exactmetrics_sitenote_note":"","_exactmetrics_sitenote_category":0,"footnotes":""},"categories":[3],"tags":[908,966,1036],"class_list":["post-9462","post","type-post","status-publish","format-standard","has-post-thumbnail","hentry","category-esportes","tag-cruzeiro","tag-esporte","tag-futebol"],"better_featured_image":{"id":9463,"alt_text":"","caption":"","description":"","media_type":"image","media_details":{"width":405,"height":272,"file":"2017\/06\/cru.jpg","sizes":{"thumbnail":{"file":"cru-150x101.jpg","width":150,"height":101,"mime-type":"image\/jpeg","source_url":"https:\/\/lavras.tv\/site\/wp-content\/uploads\/2017\/06\/cru-150x101.jpg"},"medium":{"file":"cru-300x201.jpg","width":300,"height":201,"mime-type":"image\/jpeg","source_url":"https:\/\/lavras.tv\/site\/wp-content\/uploads\/2017\/06\/cru-300x201.jpg"},"sow-carousel-default":{"file":"cru-272x182.jpg","width":272,"height":182,"mime-type":"image\/jpeg","source_url":"https:\/\/lavras.tv\/site\/wp-content\/uploads\/2017\/06\/cru-272x182.jpg"}},"image_meta":{"aperture":"0","credit":"","camera":"","caption":"","created_timestamp":"0","copyright":"","focal_length":"0","iso":"0","shutter_speed":"0","title":"","orientation":"0","keywords":[]}},"post":9462,"source_url":"https:\/\/lavras.tv\/site\/wp-content\/uploads\/2017\/06\/cru.jpg"},"author_meta":{"display_name":"Lavras TV","author_link":"https:\/\/lavras.tv\/site\/author\/lavrastv\/"},"featured_img":"https:\/\/lavras.tv\/site\/wp-content\/uploads\/2017\/06\/cru-300x201.jpg","coauthors":[],"tax_additional":{"categories":{"linked":["<a href=\"https:\/\/lavras.tv\/site\/category\/esportes\/\" class=\"advgb-post-tax-term\">Esportes<\/a>"],"unlinked":["<span class=\"advgb-post-tax-term\">Esportes<\/span>"]},"tags":{"linked":["<a href=\"https:\/\/lavras.tv\/site\/category\/esportes\/\" class=\"advgb-post-tax-term\">cruzeiro<\/a>","<a href=\"https:\/\/lavras.tv\/site\/category\/esportes\/\" class=\"advgb-post-tax-term\">esporte<\/a>","<a href=\"https:\/\/lavras.tv\/site\/category\/esportes\/\" class=\"advgb-post-tax-term\">futebol<\/a>"],"unlinked":["<span class=\"advgb-post-tax-term\">cruzeiro<\/span>","<span class=\"advgb-post-tax-term\">esporte<\/span>","<span class=\"advgb-post-tax-term\">futebol<\/span>"]}},"comment_count":"0","relative_dates":{"created":"Publicado 9 anos atr\u00e1s","modified":"Atualizado 9 anos atr\u00e1s"},"absolute_dates":{"created":"Publicado em 1 de junho de 2017","modified":"Atualizado em 1 de junho de 2017"},"absolute_dates_time":{"created":"Publicado em 1 de junho de 2017 09:34","modified":"Atualizado em 1 de junho de 2017 09:34"},"featured_img_caption":"","series_order":"","_links":{"self":[{"href":"https:\/\/lavras.tv\/site\/wp-json\/wp\/v2\/posts\/9462","targetHints":{"allow":["GET"]}}],"collection":[{"href":"https:\/\/lavras.tv\/site\/wp-json\/wp\/v2\/posts"}],"about":[{"href":"https:\/\/lavras.tv\/site\/wp-json\/wp\/v2\/types\/post"}],"author":[{"embeddable":true,"href":"https:\/\/lavras.tv\/site\/wp-json\/wp\/v2\/users\/2"}],"replies":[{"embeddable":true,"href":"https:\/\/lavras.tv\/site\/wp-json\/wp\/v2\/comments?post=9462"}],"version-history":[{"count":1,"href":"https:\/\/lavras.tv\/site\/wp-json\/wp\/v2\/posts\/9462\/revisions"}],"predecessor-version":[{"id":9464,"href":"https:\/\/lavras.tv\/site\/wp-json\/wp\/v2\/posts\/9462\/revisions\/9464"}],"wp:featuredmedia":[{"embeddable":true,"href":"https:\/\/lavras.tv\/site\/wp-json\/wp\/v2\/media\/9463"}],"wp:attachment":[{"href":"https:\/\/lavras.tv\/site\/wp-json\/wp\/v2\/media?parent=9462"}],"wp:term":[{"taxonomy":"category","embeddable":true,"href":"https:\/\/lavras.tv\/site\/wp-json\/wp\/v2\/categories?post=9462"},{"taxonomy":"post_tag","embeddable":true,"href":"https:\/\/lavras.tv\/site\/wp-json\/wp\/v2\/tags?post=9462"}],"curies":[{"name":"wp","href":"https:\/\/api.w.org\/{rel}","templated":true}]}}