{"id":94658,"date":"2024-05-09T18:02:30","date_gmt":"2024-05-09T21:02:30","guid":{"rendered":"https:\/\/lavras.tv\/site\/?p=94658"},"modified":"2024-05-09T18:02:31","modified_gmt":"2024-05-09T21:02:31","slug":"vitoria-aos-portadores-de-lupus","status":"publish","type":"post","link":"https:\/\/lavras.tv\/site\/2024\/05\/09\/vitoria-aos-portadores-de-lupus\/","title":{"rendered":"VIT\u00d3RIA AOS PORTADORES DE L\u00daPUS"},"content":{"rendered":"<div class=\"lavra-antes-do-conteudo_2\" id=\"lavra-761438356\"><div id=\"lavra-slider-27\" class=\"custom-slider lavra-slider-1206246923 lavra-slider\"><ul><li><div style=\"margin-left: auto;margin-right: auto;text-align: center;\" id=\"lavra-970338710\"><a href=\"https:\/\/sistemas.lavras.mg.gov.br\/portalcidadao\/#df1b1a7c7b2a290bcb31e32771e610784662739a88807c0dacac58ede5f391a7530e299dc302d611ee73cb143fc22eaf93592e53e7b5bdb01b00a0b8d28dae460c141dd2ff83412e4dc1c31b16b25f33144a9e5620ea73b13f5bc1c59411d98439ad226e8af03840603796067d87afe130812cf3de24982d0e306f9e61e764e5\" aria-label=\"Lavras-TV&#8211;720x104px (1) (1)\"><img src=\"https:\/\/lavras.tv\/site\/wp-content\/uploads\/2025\/01\/Lavras-TV-720x104px-1-1.png\" alt=\"\"  srcset=\"https:\/\/lavras.tv\/site\/wp-content\/uploads\/2025\/01\/Lavras-TV-720x104px-1-1.png 720w, https:\/\/lavras.tv\/site\/wp-content\/uploads\/2025\/01\/Lavras-TV-720x104px-1-1-470x68.png 470w, https:\/\/lavras.tv\/site\/wp-content\/uploads\/2025\/01\/Lavras-TV-720x104px-1-1-170x25.png 170w, https:\/\/lavras.tv\/site\/wp-content\/uploads\/2025\/01\/Lavras-TV-720x104px-1-1-200x29.png 200w\" sizes=\"(max-width: 720px) 100vw, 720px\" width=\"720\" height=\"104\"  style=\"display: inline-block;\" \/><\/a><\/div><\/li><li><a href=\"https:\/\/sistemas.lavras.mg.gov.br\/portalcidadao\/#df1b1a7c7b2a290bcb31e32771e610784662739a88807c0dacac58ede5f391a7530e299dc302d611ee73cb143fc22eaf93592e53e7b5bdb01b00a0b8d28dae460c141dd2ff83412e4dc1c31b16b25f33144a9e5620ea73b13f5bc1c59411d98439ad226e8af03840603796067d87afe130812cf3de24982d0e306f9e61e764e5\" aria-label=\"Banner_Emprego_PortallavrasTV\"><img src=\"https:\/\/lavras.tv\/site\/wp-content\/uploads\/2025\/03\/Banner_Emprego_PortallavrasTV.png\" alt=\"\"  srcset=\"https:\/\/lavras.tv\/site\/wp-content\/uploads\/2025\/03\/Banner_Emprego_PortallavrasTV.png 720w, https:\/\/lavras.tv\/site\/wp-content\/uploads\/2025\/03\/Banner_Emprego_PortallavrasTV-470x68.png 470w, https:\/\/lavras.tv\/site\/wp-content\/uploads\/2025\/03\/Banner_Emprego_PortallavrasTV-170x25.png 170w, https:\/\/lavras.tv\/site\/wp-content\/uploads\/2025\/03\/Banner_Emprego_PortallavrasTV-200x29.png 200w\" sizes=\"(max-width: 720px) 100vw, 720px\" width=\"720\" height=\"104\"   \/><\/a><\/li><li><a href=\"https:\/\/sistemas.lavras.mg.gov.br\/portalcidadao\/#df1b1a7c7b2a290bcb31e32771e610784662739a88807c0dacac58ede5f391a7530e299dc302d611ee73cb143fc22eaf93592e53e7b5bdb01b00a0b8d28dae460c141dd2ff83412e4dc1c31b16b25f33144a9e5620ea73b13f5bc1c59411d98439ad226e8af03840603796067d87afe130812cf3de24982d0e306f9e61e764e5\" aria-label=\"Banner_Obras_PortallavrasTV\"><img src=\"https:\/\/lavras.tv\/site\/wp-content\/uploads\/2025\/03\/Banner_Obras_PortallavrasTV.png\" alt=\"\"  srcset=\"https:\/\/lavras.tv\/site\/wp-content\/uploads\/2025\/03\/Banner_Obras_PortallavrasTV.png 720w, https:\/\/lavras.tv\/site\/wp-content\/uploads\/2025\/03\/Banner_Obras_PortallavrasTV-470x68.png 470w, https:\/\/lavras.tv\/site\/wp-content\/uploads\/2025\/03\/Banner_Obras_PortallavrasTV-170x25.png 170w, https:\/\/lavras.tv\/site\/wp-content\/uploads\/2025\/03\/Banner_Obras_PortallavrasTV-200x29.png 200w\" sizes=\"(max-width: 720px) 100vw, 720px\" width=\"720\" height=\"104\"   \/><\/a><\/li><li><div style=\"margin-left: auto;margin-right: auto;text-align: center;\" id=\"lavra-2352020871\"><a href=\"https:\/\/sistemas.lavras.mg.gov.br\/portalcidadao\/#df1b1a7c7b2a290bcb31e32771e610784662739a88807c0dacac58ede5f391a7530e299dc302d611ee73cb143fc22eaf93592e53e7b5bdb01b00a0b8d28dae460c141dd2ff83412e4dc1c31b16b25f33144a9e5620ea73b13f5bc1c59411d98439ad226e8af03840603796067d87afe130812cf3de24982d0e306f9e61e764e5\" aria-label=\"Banner_Educa\u00e7\u00e3o_PortallavrasTV\"><img src=\"https:\/\/lavras.tv\/site\/wp-content\/uploads\/2025\/01\/Banner_Educacao_PortallavrasTV.png\" alt=\"\"  srcset=\"https:\/\/lavras.tv\/site\/wp-content\/uploads\/2025\/01\/Banner_Educacao_PortallavrasTV.png 720w, https:\/\/lavras.tv\/site\/wp-content\/uploads\/2025\/01\/Banner_Educacao_PortallavrasTV-470x68.png 470w, https:\/\/lavras.tv\/site\/wp-content\/uploads\/2025\/01\/Banner_Educacao_PortallavrasTV-170x25.png 170w, https:\/\/lavras.tv\/site\/wp-content\/uploads\/2025\/01\/Banner_Educacao_PortallavrasTV-200x29.png 200w\" sizes=\"(max-width: 720px) 100vw, 720px\" width=\"720\" height=\"104\"  style=\"display: inline-block;\" \/><\/a><\/div><\/li><li><a href=\"https:\/\/sistemas.lavras.mg.gov.br\/portalcidadao\/#df1b1a7c7b2a290bcb31e32771e610784662739a88807c0dacac58ede5f391a7530e299dc302d611ee73cb143fc22eaf93592e53e7b5bdb01b00a0b8d28dae460c141dd2ff83412e4dc1c31b16b25f33144a9e5620ea73b13f5bc1c59411d98439ad226e8af03840603796067d87afe130812cf3de24982d0e306f9e61e764e5\" aria-label=\"Banner_Sa\u00fade_PortallavrasTV\"><img src=\"https:\/\/lavras.tv\/site\/wp-content\/uploads\/2025\/03\/Banner_Saude_PortallavrasTV.png\" alt=\"\"  srcset=\"https:\/\/lavras.tv\/site\/wp-content\/uploads\/2025\/03\/Banner_Saude_PortallavrasTV.png 720w, https:\/\/lavras.tv\/site\/wp-content\/uploads\/2025\/03\/Banner_Saude_PortallavrasTV-470x68.png 470w, https:\/\/lavras.tv\/site\/wp-content\/uploads\/2025\/03\/Banner_Saude_PortallavrasTV-170x25.png 170w, https:\/\/lavras.tv\/site\/wp-content\/uploads\/2025\/03\/Banner_Saude_PortallavrasTV-200x29.png 200w\" sizes=\"(max-width: 720px) 100vw, 720px\" width=\"720\" height=\"104\"   \/><\/a><\/li><li><div id=\"lavra-3804144784\" style=\"width:720px;height:104px;background-color:#ddd;overflow:scroll;\">\n\t<strong>Sa\u00edda da depura\u00e7\u00e3o de an\u00fancios<\/strong>\n\t<br><br>\n\tO an\u00fancio n\u00e3o \u00e9 exibido na p\u00e1gina<br><br>post atual: VIT\u00d3RIA AOS PORTADORES DE L\u00daPUS, ID: 94658<br><br><span style=\"color: red;\">O post atual n\u00e3o \u00e9 id\u00eantico ao post principal.<\/span><br><br>An\u00fancios: ROXO - TOPO INTERNA - ROTATIVO 2 (197)<br \/>Grupo de an\u00fancios: Princ_Meio01_720x104 (27)<br><br>Condi\u00e7\u00f5es de exibi\u00e7\u00e3o<div style=\"margin-bottom: 20px; white-space: pre-wrap; font-family: monospace; width: 100%; background: #ffe9e9;\"><strong>condi\u00e7\u00f5es gerais<\/strong><table border=\"1\"><thead><tr><th><\/th><th>An\u00fancios<\/th><th>wp_the_query<\/th><\/tr><\/thead><tr><td>is_main_query<\/td><td>1<\/td><td>1<\/td><\/tr><tr><td>is_rest_api<\/td><td>0<\/td><td>1<\/td><\/tr><tr><td>page<\/td><td>0<\/td><td>1<\/td><\/tr><tr><td>numpages<\/td><td>0<\/td><td>1<\/td><\/tr><tr><td>is_archive<\/td><td>1<\/td><td><\/td><\/tr><tr><td>is_search<\/td><td>1<\/td><td><\/td><\/tr><tr><td>is_home<\/td><td>1<\/td><td><\/td><\/tr><tr><td>is_404<\/td><td>1<\/td><td><\/td><\/tr><tr><td>is_attachment<\/td><td>1<\/td><td><\/td><\/tr><tr><td>is_singular<\/td><td>1<\/td><td><\/td><\/tr><tr><td>is_front_page<\/td><td>1<\/td><td><\/td><\/tr><tr><td>is_feed<\/td><td>1<\/td><td><\/td><\/tr><\/table><\/div><br><br><span style=\"color: red;\">Seu site usa HTTPS, mas o c\u00f3digo do an\u00fancio cont\u00e9m HTTP e pode n\u00e3o funcionar.<\/span>\t<br><br>\n\t<a style=\"color: green;\" href=\"https:\/\/wpadvancedads.com\/manual\/ad-debug-mode\/?utm_source=advanced-ads&utm_medium=link&utm_campaign=ad-debug-mode\" target=\"_blank\" rel=\"nofollow\">Encontre solu\u00e7\u00f5es no manual<\/a>\n<\/div>\n<\/li><\/ul><\/div><script>( window.advanced_ads_ready || jQuery( document ).ready ).call( null, function() {var $lavraslider1206246923 = jQuery( \".lavra-slider-1206246923\" );$lavraslider1206246923.on( \"unslider.ready\", function() { jQuery( \"div.custom-slider ul li\" ).css( \"display\", \"block\" ); });$lavraslider1206246923.unslider({ delay:4000, autoplay:true, nav:false, arrows:false, infinite:true });$lavraslider1206246923.on(\"mouseover\", function() {$lavraslider1206246923.unslider(\"stop\");}).on(\"mouseout\", function() {$lavraslider1206246923.unslider(\"start\");});});<\/script><\/div>\n<p>Aprovado, no segundo turno, Projeto de Lei que assegura aos portadores de<br>L\u00fapus, os mesmos direitos e garantias das pessoas com defici\u00eancia<br>Ficam assegurados \u00e0s pessoas portadoras da doen\u00e7a, os mesmos direitos e garantias das pessoas<br>com defici\u00eancia. <\/p>\n\n\n\n<p>O projeto de lei de minha autoria reconhece os portadores de L\u00fapus Eritematoso<br>Sist\u00eamico &#8211; LES &#8211; como pessoas portadores de defici\u00eancia no \u00e2mbito do Estado do Minas Gerais,<br>assegurando-lhes os mesmos direitos e garantias dos demais portadores de defici\u00eancias.<br>O L\u00fapus Eritematoso Sist\u00eamico (LES) \u00e9 uma doen\u00e7a cr\u00f4nica autoimune, cuja causa n\u00e3o \u00e9<br>totalmente conhecida, sendo diagnosticado com base em crit\u00e9rios cl\u00ednicos e laboratoriais.<br>Para a Organiza\u00e7\u00e3o Mundial de Sa\u00fade, a palavra \u201cdefici\u00eancia\u201d significa \u201cuma anomalia de estrutura<br>ou de apar\u00eancia do corpo humano e do funcionamento de um \u00f3rg\u00e3o ou sistema, independentemente<br>de sua causa tratando-se em princ\u00edpio de uma perturba\u00e7\u00e3o de tipo org\u00e2nico\u201d. Por sua vez, concebe<br>que a \u201ca incapacidade reflete as consequ\u00eancias de uma defici\u00eancia no \u00e2mbito funcional e da<br>atividade do indiv\u00edduo, representando desse modo uma perturba\u00e7\u00e3o no plano pessoal\u201d, sendo que as<br>\u201cdesvantagens\u201d s\u00e3o concebidas como as \u201climita\u00e7\u00f5es experimentadas pelo indiv\u00edduo em virtude da<br>defici\u00eancia e da incapacidade, refletindo-se, portanto, nas rela\u00e7\u00f5es do indiv\u00edduo com o meio, bem<br>como em sua adapta\u00e7\u00e3o ao mesmo\u201d. Diante desse contexto, considerando a gravidade da doen\u00e7a e<br>as dificuldades a que s\u00e3o submetidos os portadores de l\u00fapus, solicito apoio dos nobres pares para a<br>aprova\u00e7\u00e3o do presente Projeto de Lei.<\/p>\n\n\n\n<figure class=\"wp-block-image size-large\"><img fetchpriority=\"high\" decoding=\"async\" width=\"970\" height=\"970\" src=\"https:\/\/lavras.tv\/site\/wp-content\/uploads\/2024\/05\/DEPUTADA-NAYARA-ROCHA-970x970.png\" alt=\"\" class=\"wp-image-94659\" srcset=\"https:\/\/lavras.tv\/site\/wp-content\/uploads\/2024\/05\/DEPUTADA-NAYARA-ROCHA-970x970.png 970w, https:\/\/lavras.tv\/site\/wp-content\/uploads\/2024\/05\/DEPUTADA-NAYARA-ROCHA-300x300.png 300w, https:\/\/lavras.tv\/site\/wp-content\/uploads\/2024\/05\/DEPUTADA-NAYARA-ROCHA-150x150.png 150w, https:\/\/lavras.tv\/site\/wp-content\/uploads\/2024\/05\/DEPUTADA-NAYARA-ROCHA-200x200.png 200w, https:\/\/lavras.tv\/site\/wp-content\/uploads\/2024\/05\/DEPUTADA-NAYARA-ROCHA.png 1080w\" sizes=\"(max-width: 970px) 100vw, 970px\" \/><\/figure>\n","protected":false},"excerpt":{"rendered":"<p>Aprovado, no segundo turno, Projeto de Lei que assegura aos portadores deL\u00fapus, os mesmos direitos e garantias das pessoas com defici\u00eanciaFicam assegurados \u00e0s pessoas portadoras da doen\u00e7a, os mesmos direitos e garantias das pessoascom defici\u00eancia. O projeto de lei de minha autoria reconhece os portadores de L\u00fapus EritematosoSist\u00eamico &#8211; LES &#8211; como pessoas portadores de [&hellip;]<\/p>\n","protected":false},"author":5,"featured_media":94659,"comment_status":"closed","ping_status":"open","sticky":false,"template":"","format":"standard","meta":{"advgb_blocks_editor_width":"","advgb_blocks_columns_visual_guide":"","_exactmetrics_skip_tracking":false,"_exactmetrics_sitenote_active":false,"_exactmetrics_sitenote_note":"","_exactmetrics_sitenote_category":0,"footnotes":""},"categories":[7,2,12],"tags":[],"class_list":["post-94658","post","type-post","status-publish","format-standard","has-post-thumbnail","hentry","category-destaques","category-noticias","category-politica"],"better_featured_image":{"id":94659,"alt_text":"","caption":"","description":"","media_type":"image","media_details":{"width":1080,"height":1080,"file":"2024\/05\/DEPUTADA-NAYARA-ROCHA.png","filesize":1019573,"sizes":{"medium":{"file":"DEPUTADA-NAYARA-ROCHA-300x300.png","width":300,"height":300,"mime-type":"image\/png","filesize":136089,"source_url":"https:\/\/lavras.tv\/site\/wp-content\/uploads\/2024\/05\/DEPUTADA-NAYARA-ROCHA-300x300.png"},"large":{"file":"DEPUTADA-NAYARA-ROCHA-970x970.png","width":970,"height":970,"mime-type":"image\/png","filesize":942403,"source_url":"https:\/\/lavras.tv\/site\/wp-content\/uploads\/2024\/05\/DEPUTADA-NAYARA-ROCHA-970x970.png"},"thumbnail":{"file":"DEPUTADA-NAYARA-ROCHA-150x150.png","width":150,"height":150,"mime-type":"image\/png","filesize":42275,"source_url":"https:\/\/lavras.tv\/site\/wp-content\/uploads\/2024\/05\/DEPUTADA-NAYARA-ROCHA-150x150.png"},"lshowcase-thumb":{"file":"DEPUTADA-NAYARA-ROCHA-200x200.png","width":200,"height":200,"mime-type":"image\/png","filesize":69123,"source_url":"https:\/\/lavras.tv\/site\/wp-content\/uploads\/2024\/05\/DEPUTADA-NAYARA-ROCHA-200x200.png"},"alm-thumbnail":{"file":"DEPUTADA-NAYARA-ROCHA-150x150.png","width":150,"height":150,"mime-type":"image\/png","filesize":42275,"source_url":"https:\/\/lavras.tv\/site\/wp-content\/uploads\/2024\/05\/DEPUTADA-NAYARA-ROCHA-150x150.png"}},"image_meta":{"aperture":"0","credit":"","camera":"","caption":"","created_timestamp":"0","copyright":"","focal_length":"0","iso":"0","shutter_speed":"0","title":"","orientation":"0","keywords":[]}},"post":94658,"source_url":"https:\/\/lavras.tv\/site\/wp-content\/uploads\/2024\/05\/DEPUTADA-NAYARA-ROCHA.png"},"author_meta":{"display_name":"Vinicius Bustamante","author_link":"https:\/\/lavras.tv\/site\/author\/vinicius-bustamante\/"},"featured_img":"https:\/\/lavras.tv\/site\/wp-content\/uploads\/2024\/05\/DEPUTADA-NAYARA-ROCHA-300x300.png","coauthors":[],"tax_additional":{"categories":{"linked":["<a href=\"https:\/\/lavras.tv\/site\/category\/destaques\/\" class=\"advgb-post-tax-term\">Destaques<\/a>","<a href=\"https:\/\/lavras.tv\/site\/category\/noticias\/\" class=\"advgb-post-tax-term\">Not\u00edcias<\/a>","<a href=\"https:\/\/lavras.tv\/site\/category\/politica\/\" class=\"advgb-post-tax-term\">Pol\u00edtica<\/a>"],"unlinked":["<span class=\"advgb-post-tax-term\">Destaques<\/span>","<span class=\"advgb-post-tax-term\">Not\u00edcias<\/span>","<span class=\"advgb-post-tax-term\">Pol\u00edtica<\/span>"]}},"comment_count":"0","relative_dates":{"created":"Publicado 2 anos atr\u00e1s","modified":"Atualizado 2 anos atr\u00e1s"},"absolute_dates":{"created":"Publicado em 9 de maio de 2024","modified":"Atualizado em 9 de maio de 2024"},"absolute_dates_time":{"created":"Publicado em 9 de maio de 2024 18:02","modified":"Atualizado em 9 de maio de 2024 18:02"},"featured_img_caption":"","series_order":"","_links":{"self":[{"href":"https:\/\/lavras.tv\/site\/wp-json\/wp\/v2\/posts\/94658","targetHints":{"allow":["GET"]}}],"collection":[{"href":"https:\/\/lavras.tv\/site\/wp-json\/wp\/v2\/posts"}],"about":[{"href":"https:\/\/lavras.tv\/site\/wp-json\/wp\/v2\/types\/post"}],"author":[{"embeddable":true,"href":"https:\/\/lavras.tv\/site\/wp-json\/wp\/v2\/users\/5"}],"replies":[{"embeddable":true,"href":"https:\/\/lavras.tv\/site\/wp-json\/wp\/v2\/comments?post=94658"}],"version-history":[{"count":1,"href":"https:\/\/lavras.tv\/site\/wp-json\/wp\/v2\/posts\/94658\/revisions"}],"predecessor-version":[{"id":94660,"href":"https:\/\/lavras.tv\/site\/wp-json\/wp\/v2\/posts\/94658\/revisions\/94660"}],"wp:featuredmedia":[{"embeddable":true,"href":"https:\/\/lavras.tv\/site\/wp-json\/wp\/v2\/media\/94659"}],"wp:attachment":[{"href":"https:\/\/lavras.tv\/site\/wp-json\/wp\/v2\/media?parent=94658"}],"wp:term":[{"taxonomy":"category","embeddable":true,"href":"https:\/\/lavras.tv\/site\/wp-json\/wp\/v2\/categories?post=94658"},{"taxonomy":"post_tag","embeddable":true,"href":"https:\/\/lavras.tv\/site\/wp-json\/wp\/v2\/tags?post=94658"}],"curies":[{"name":"wp","href":"https:\/\/api.w.org\/{rel}","templated":true}]}}