{"id":9479,"date":"2017-06-02T08:45:52","date_gmt":"2017-06-02T11:45:52","guid":{"rendered":"http:\/\/lavras.tv\/site\/?p=9479"},"modified":"2017-06-02T08:45:52","modified_gmt":"2017-06-02T11:45:52","slug":"informe-parlamentar-damina-pereira-vota-a-favor-de-municipios-mineiros","status":"publish","type":"post","link":"https:\/\/lavras.tv\/site\/2017\/06\/02\/informe-parlamentar-damina-pereira-vota-a-favor-de-municipios-mineiros\/","title":{"rendered":"[Informe Parlamentar] D\u00e2mina Pereira vota a favor de munic\u00edpios mineiros"},"content":{"rendered":"<div class=\"lavra-antes-do-conteudo_2\" id=\"lavra-2319659578\"><div id=\"lavra-slider-27\" class=\"custom-slider lavra-slider-3336186435 lavra-slider\"><ul><li><div style=\"margin-left: auto;margin-right: auto;text-align: center;\" id=\"lavra-1022405646\"><a href=\"https:\/\/sistemas.lavras.mg.gov.br\/portalcidadao\/#df1b1a7c7b2a290bcb31e32771e610784662739a88807c0dacac58ede5f391a7530e299dc302d611ee73cb143fc22eaf93592e53e7b5bdb01b00a0b8d28dae460c141dd2ff83412e4dc1c31b16b25f33144a9e5620ea73b13f5bc1c59411d98439ad226e8af03840603796067d87afe130812cf3de24982d0e306f9e61e764e5\" aria-label=\"Lavras-TV&#8211;720x104px (1) (1)\"><img src=\"https:\/\/lavras.tv\/site\/wp-content\/uploads\/2025\/01\/Lavras-TV-720x104px-1-1.png\" alt=\"\"  srcset=\"https:\/\/lavras.tv\/site\/wp-content\/uploads\/2025\/01\/Lavras-TV-720x104px-1-1.png 720w, https:\/\/lavras.tv\/site\/wp-content\/uploads\/2025\/01\/Lavras-TV-720x104px-1-1-470x68.png 470w, https:\/\/lavras.tv\/site\/wp-content\/uploads\/2025\/01\/Lavras-TV-720x104px-1-1-170x25.png 170w, https:\/\/lavras.tv\/site\/wp-content\/uploads\/2025\/01\/Lavras-TV-720x104px-1-1-200x29.png 200w\" sizes=\"(max-width: 720px) 100vw, 720px\" width=\"720\" height=\"104\"  style=\"display: inline-block;\" \/><\/a><\/div><\/li><li><a href=\"https:\/\/sistemas.lavras.mg.gov.br\/portalcidadao\/#df1b1a7c7b2a290bcb31e32771e610784662739a88807c0dacac58ede5f391a7530e299dc302d611ee73cb143fc22eaf93592e53e7b5bdb01b00a0b8d28dae460c141dd2ff83412e4dc1c31b16b25f33144a9e5620ea73b13f5bc1c59411d98439ad226e8af03840603796067d87afe130812cf3de24982d0e306f9e61e764e5\" aria-label=\"Banner_Emprego_PortallavrasTV\"><img src=\"https:\/\/lavras.tv\/site\/wp-content\/uploads\/2025\/03\/Banner_Emprego_PortallavrasTV.png\" alt=\"\"  srcset=\"https:\/\/lavras.tv\/site\/wp-content\/uploads\/2025\/03\/Banner_Emprego_PortallavrasTV.png 720w, https:\/\/lavras.tv\/site\/wp-content\/uploads\/2025\/03\/Banner_Emprego_PortallavrasTV-470x68.png 470w, https:\/\/lavras.tv\/site\/wp-content\/uploads\/2025\/03\/Banner_Emprego_PortallavrasTV-170x25.png 170w, https:\/\/lavras.tv\/site\/wp-content\/uploads\/2025\/03\/Banner_Emprego_PortallavrasTV-200x29.png 200w\" sizes=\"(max-width: 720px) 100vw, 720px\" width=\"720\" height=\"104\"   \/><\/a><\/li><li><a href=\"https:\/\/sistemas.lavras.mg.gov.br\/portalcidadao\/#df1b1a7c7b2a290bcb31e32771e610784662739a88807c0dacac58ede5f391a7530e299dc302d611ee73cb143fc22eaf93592e53e7b5bdb01b00a0b8d28dae460c141dd2ff83412e4dc1c31b16b25f33144a9e5620ea73b13f5bc1c59411d98439ad226e8af03840603796067d87afe130812cf3de24982d0e306f9e61e764e5\" aria-label=\"Banner_Obras_PortallavrasTV\"><img src=\"https:\/\/lavras.tv\/site\/wp-content\/uploads\/2025\/03\/Banner_Obras_PortallavrasTV.png\" alt=\"\"  srcset=\"https:\/\/lavras.tv\/site\/wp-content\/uploads\/2025\/03\/Banner_Obras_PortallavrasTV.png 720w, https:\/\/lavras.tv\/site\/wp-content\/uploads\/2025\/03\/Banner_Obras_PortallavrasTV-470x68.png 470w, https:\/\/lavras.tv\/site\/wp-content\/uploads\/2025\/03\/Banner_Obras_PortallavrasTV-170x25.png 170w, https:\/\/lavras.tv\/site\/wp-content\/uploads\/2025\/03\/Banner_Obras_PortallavrasTV-200x29.png 200w\" sizes=\"(max-width: 720px) 100vw, 720px\" width=\"720\" height=\"104\"   \/><\/a><\/li><li><div style=\"margin-left: auto;margin-right: auto;text-align: center;\" id=\"lavra-3169985285\"><a href=\"https:\/\/sistemas.lavras.mg.gov.br\/portalcidadao\/#df1b1a7c7b2a290bcb31e32771e610784662739a88807c0dacac58ede5f391a7530e299dc302d611ee73cb143fc22eaf93592e53e7b5bdb01b00a0b8d28dae460c141dd2ff83412e4dc1c31b16b25f33144a9e5620ea73b13f5bc1c59411d98439ad226e8af03840603796067d87afe130812cf3de24982d0e306f9e61e764e5\" aria-label=\"Banner_Educa\u00e7\u00e3o_PortallavrasTV\"><img src=\"https:\/\/lavras.tv\/site\/wp-content\/uploads\/2025\/01\/Banner_Educacao_PortallavrasTV.png\" alt=\"\"  srcset=\"https:\/\/lavras.tv\/site\/wp-content\/uploads\/2025\/01\/Banner_Educacao_PortallavrasTV.png 720w, https:\/\/lavras.tv\/site\/wp-content\/uploads\/2025\/01\/Banner_Educacao_PortallavrasTV-470x68.png 470w, https:\/\/lavras.tv\/site\/wp-content\/uploads\/2025\/01\/Banner_Educacao_PortallavrasTV-170x25.png 170w, https:\/\/lavras.tv\/site\/wp-content\/uploads\/2025\/01\/Banner_Educacao_PortallavrasTV-200x29.png 200w\" sizes=\"(max-width: 720px) 100vw, 720px\" width=\"720\" height=\"104\"  style=\"display: inline-block;\" \/><\/a><\/div><\/li><li><a href=\"https:\/\/sistemas.lavras.mg.gov.br\/portalcidadao\/#df1b1a7c7b2a290bcb31e32771e610784662739a88807c0dacac58ede5f391a7530e299dc302d611ee73cb143fc22eaf93592e53e7b5bdb01b00a0b8d28dae460c141dd2ff83412e4dc1c31b16b25f33144a9e5620ea73b13f5bc1c59411d98439ad226e8af03840603796067d87afe130812cf3de24982d0e306f9e61e764e5\" aria-label=\"Banner_Sa\u00fade_PortallavrasTV\"><img src=\"https:\/\/lavras.tv\/site\/wp-content\/uploads\/2025\/03\/Banner_Saude_PortallavrasTV.png\" alt=\"\"  srcset=\"https:\/\/lavras.tv\/site\/wp-content\/uploads\/2025\/03\/Banner_Saude_PortallavrasTV.png 720w, https:\/\/lavras.tv\/site\/wp-content\/uploads\/2025\/03\/Banner_Saude_PortallavrasTV-470x68.png 470w, https:\/\/lavras.tv\/site\/wp-content\/uploads\/2025\/03\/Banner_Saude_PortallavrasTV-170x25.png 170w, https:\/\/lavras.tv\/site\/wp-content\/uploads\/2025\/03\/Banner_Saude_PortallavrasTV-200x29.png 200w\" sizes=\"(max-width: 720px) 100vw, 720px\" width=\"720\" height=\"104\"   \/><\/a><\/li><li><div id=\"lavra-2476146735\" style=\"width:720px;height:104px;background-color:#ddd;overflow:scroll;\">\n\t<strong>Sa\u00edda da depura\u00e7\u00e3o de an\u00fancios<\/strong>\n\t<br><br>\n\tO an\u00fancio n\u00e3o \u00e9 exibido na p\u00e1gina<br><br>post atual: [Informe Parlamentar] D\u00e2mina Pereira vota a favor de munic\u00edpios mineiros, ID: 9479<br><br><span style=\"color: red;\">O post atual n\u00e3o \u00e9 id\u00eantico ao post principal.<\/span><br><br>An\u00fancios: ROXO - TOPO INTERNA - ROTATIVO 2 (197)<br \/>Grupo de an\u00fancios: Princ_Meio01_720x104 (27)<br><br>Condi\u00e7\u00f5es de exibi\u00e7\u00e3o<div style=\"margin-bottom: 20px; white-space: pre-wrap; font-family: monospace; width: 100%; background: #ffe9e9;\"><strong>condi\u00e7\u00f5es gerais<\/strong><table border=\"1\"><thead><tr><th><\/th><th>An\u00fancios<\/th><th>wp_the_query<\/th><\/tr><\/thead><tr><td>is_main_query<\/td><td>1<\/td><td>1<\/td><\/tr><tr><td>is_rest_api<\/td><td>0<\/td><td>1<\/td><\/tr><tr><td>page<\/td><td>0<\/td><td>1<\/td><\/tr><tr><td>numpages<\/td><td>0<\/td><td>1<\/td><\/tr><tr><td>is_archive<\/td><td>1<\/td><td><\/td><\/tr><tr><td>is_search<\/td><td>1<\/td><td><\/td><\/tr><tr><td>is_home<\/td><td>1<\/td><td><\/td><\/tr><tr><td>is_404<\/td><td>1<\/td><td><\/td><\/tr><tr><td>is_attachment<\/td><td>1<\/td><td><\/td><\/tr><tr><td>is_singular<\/td><td>1<\/td><td><\/td><\/tr><tr><td>is_front_page<\/td><td>1<\/td><td><\/td><\/tr><tr><td>is_feed<\/td><td>1<\/td><td><\/td><\/tr><\/table><\/div><br><br><span style=\"color: red;\">Seu site usa HTTPS, mas o c\u00f3digo do an\u00fancio cont\u00e9m HTTP e pode n\u00e3o funcionar.<\/span>\t<br><br>\n\t<a style=\"color: green;\" href=\"https:\/\/wpadvancedads.com\/manual\/ad-debug-mode\/?utm_source=advanced-ads&utm_medium=link&utm_campaign=ad-debug-mode\" target=\"_blank\" rel=\"nofollow\">Encontre solu\u00e7\u00f5es no manual<\/a>\n<\/div>\n<\/li><\/ul><\/div><script>( window.advanced_ads_ready || jQuery( document ).ready ).call( null, function() {var $lavraslider3336186435 = jQuery( \".lavra-slider-3336186435\" );$lavraslider3336186435.on( \"unslider.ready\", function() { jQuery( \"div.custom-slider ul li\" ).css( \"display\", \"block\" ); });$lavraslider3336186435.unslider({ delay:4000, autoplay:true, nav:false, arrows:false, infinite:true });$lavraslider3336186435.on(\"mouseover\", function() {$lavraslider3336186435.unslider(\"stop\");}).on(\"mouseout\", function() {$lavraslider3336186435.unslider(\"start\");});});<\/script><\/div><p class=\"m_-1051730064578494026gmail-MsoNoSpacing\">A deputada federal D\u00e2mina Pereira (PSL\/MG), durante sess\u00e3o do Congresso Nacional, votou pela derrubada do veto que reformula o Imposto sobre Servi\u00e7os de Qualquer Natureza (ISS).<!--more--> O texto, que segue agora para a san\u00e7\u00e3o do Presidente da Rep\u00fablica, fixa em 2% a al\u00edquota m\u00ednima do imposto, na tentativa de acabar com a guerra fiscal entre os munic\u00edpios, e amplia a lista de servi\u00e7os alcan\u00e7ados pelo imposto.<\/p>\n<p class=\"m_-1051730064578494026gmail-MsoNoSpacing\"><img fetchpriority=\"high\" decoding=\"async\" class=\"alignnone size-full wp-image-9482 aligncenter\" src=\"http:\/\/lavras.tv\/site\/wp-content\/uploads\/2017\/06\/damina.jpg\" alt=\"damina\" width=\"1386\" height=\"925\" srcset=\"https:\/\/lavras.tv\/site\/wp-content\/uploads\/2017\/06\/damina.jpg 1386w, https:\/\/lavras.tv\/site\/wp-content\/uploads\/2017\/06\/damina-150x100.jpg 150w, https:\/\/lavras.tv\/site\/wp-content\/uploads\/2017\/06\/damina-300x200.jpg 300w, https:\/\/lavras.tv\/site\/wp-content\/uploads\/2017\/06\/damina-1024x683.jpg 1024w, https:\/\/lavras.tv\/site\/wp-content\/uploads\/2017\/06\/damina-480x320.jpg 480w, https:\/\/lavras.tv\/site\/wp-content\/uploads\/2017\/06\/damina-272x182.jpg 272w\" sizes=\"(max-width: 1386px) 100vw, 1386px\" \/><\/p>\n<p class=\"m_-1051730064578494026gmail-MsoNoSpacing\">Isso significa que a cobran\u00e7a do ISS ser\u00e1 feita no munic\u00edpio de domic\u00edlio dos clientes de cart\u00f5es de cr\u00e9dito e d\u00e9bito, leasing e de planos de sa\u00fade e n\u00e3o mais na cidade do estabelecimento que oferece esses servi\u00e7os. A regra geral para a exig\u00eancia do imposto \u00e9 a cobran\u00e7a no local do estabelecimento que presta o servi\u00e7o, agora isso muda.<\/p>\n<p class=\"m_-1051730064578494026gmail-MsoNoSpacing\">A parlamentar defendeu a derrubada do veto, argumentando que a mudan\u00e7a vai aumentar a arrecada\u00e7\u00e3o da grande maioria dos munic\u00edpios e lembrou que essa altera\u00e7\u00e3o da tributa\u00e7\u00e3o para o domic\u00edlio do cliente \u00e9 um pedido antigo dos prefeitos.<\/p>\n<p class=\"m_-1051730064578494026gmail-MsoNoSpacing\">\u00a0\u201cAtualmente o imposto das compras na internet com o cart\u00e3o de cr\u00e9dito, do leasing e dos planos de sa\u00fade \u00e9 repassado apenas aos locais de origem, onde est\u00e3o instaladas as lojas virtuais ou a sede das empresas. A derrubada desse veto muda essa regra, para que os munic\u00edpios em que est\u00e3o os consumidores tamb\u00e9m tenham direito a parte desses impostos\u201d, explicou a deputada.<\/p>\n<p class=\"m_-1051730064578494026gmail-MsoNoSpacing\">\u00a0<i>Com informa\u00e7\u00f5es da Ag\u00eancia Senado\u00a0<\/i><\/p>\n<p class=\"m_-1051730064578494026gmail-MsoNoSpacing\">Fonte: gabinete da deputada federal D\u00e2mina Pereira<\/p>\n","protected":false},"excerpt":{"rendered":"<p>A deputada federal D\u00e2mina Pereira (PSL\/MG), durante sess\u00e3o do Congresso Nacional, votou pela derrubada do veto que reformula o Imposto sobre Servi\u00e7os de Qualquer Natureza (ISS).<\/p>\n","protected":false},"author":2,"featured_media":9482,"comment_status":"closed","ping_status":"open","sticky":false,"template":"","format":"standard","meta":{"advgb_blocks_editor_width":"","advgb_blocks_columns_visual_guide":"","_exactmetrics_skip_tracking":false,"_exactmetrics_sitenote_active":false,"_exactmetrics_sitenote_note":"","_exactmetrics_sitenote_category":0,"footnotes":""},"categories":[7,12],"tags":[671,1164,3495],"class_list":["post-9479","post","type-post","status-publish","format-standard","has-post-thumbnail","hentry","category-destaques","category-politica","tag-damina-pereira","tag-deputada-federal","tag-iss"],"better_featured_image":{"id":9482,"alt_text":"","caption":"","description":"","media_type":"image","media_details":{"width":1386,"height":925,"file":"2017\/06\/damina.jpg","sizes":{"thumbnail":{"file":"damina-150x100.jpg","width":150,"height":100,"mime-type":"image\/jpeg","source_url":"https:\/\/lavras.tv\/site\/wp-content\/uploads\/2017\/06\/damina-150x100.jpg"},"medium":{"file":"damina-300x200.jpg","width":300,"height":200,"mime-type":"image\/jpeg","source_url":"https:\/\/lavras.tv\/site\/wp-content\/uploads\/2017\/06\/damina-300x200.jpg"},"large":{"file":"damina-1024x683.jpg","width":1024,"height":683,"mime-type":"image\/jpeg","source_url":"https:\/\/lavras.tv\/site\/wp-content\/uploads\/2017\/06\/damina-1024x683.jpg"},"featured-slider-img":{"file":"damina-640x480.jpg","width":640,"height":480,"mime-type":"image\/jpeg","source_url":"https:\/\/lavras.tv\/site\/wp-content\/uploads\/2017\/06\/damina-640x480.jpg"},"featured-post-img":{"file":"damina-480x320.jpg","width":480,"height":320,"mime-type":"image\/jpeg","source_url":"https:\/\/lavras.tv\/site\/wp-content\/uploads\/2017\/06\/damina-480x320.jpg"},"sow-carousel-default":{"file":"damina-272x182.jpg","width":272,"height":182,"mime-type":"image\/jpeg","source_url":"https:\/\/lavras.tv\/site\/wp-content\/uploads\/2017\/06\/damina-272x182.jpg"}},"image_meta":{"aperture":"0","credit":"Zeca Ribeiro","camera":"","caption":"","created_timestamp":"0","copyright":"Photo by Zeca Ribeiro","focal_length":"0","iso":"0","shutter_speed":"0","title":"","orientation":"0","keywords":[]}},"post":9479,"source_url":"https:\/\/lavras.tv\/site\/wp-content\/uploads\/2017\/06\/damina.jpg"},"author_meta":{"display_name":"Lavras TV","author_link":"https:\/\/lavras.tv\/site\/author\/lavrastv\/"},"featured_img":"https:\/\/lavras.tv\/site\/wp-content\/uploads\/2017\/06\/damina-300x200.jpg","coauthors":[],"tax_additional":{"categories":{"linked":["<a href=\"https:\/\/lavras.tv\/site\/category\/destaques\/\" class=\"advgb-post-tax-term\">Destaques<\/a>","<a href=\"https:\/\/lavras.tv\/site\/category\/politica\/\" class=\"advgb-post-tax-term\">Pol\u00edtica<\/a>"],"unlinked":["<span class=\"advgb-post-tax-term\">Destaques<\/span>","<span class=\"advgb-post-tax-term\">Pol\u00edtica<\/span>"]},"tags":{"linked":["<a href=\"https:\/\/lavras.tv\/site\/category\/politica\/\" class=\"advgb-post-tax-term\">D\u00e2mina Pereira<\/a>","<a href=\"https:\/\/lavras.tv\/site\/category\/politica\/\" class=\"advgb-post-tax-term\">deputada federal<\/a>","<a href=\"https:\/\/lavras.tv\/site\/category\/politica\/\" class=\"advgb-post-tax-term\">ISS<\/a>"],"unlinked":["<span class=\"advgb-post-tax-term\">D\u00e2mina Pereira<\/span>","<span class=\"advgb-post-tax-term\">deputada federal<\/span>","<span class=\"advgb-post-tax-term\">ISS<\/span>"]}},"comment_count":"0","relative_dates":{"created":"Publicado 9 anos atr\u00e1s","modified":"Atualizado 9 anos atr\u00e1s"},"absolute_dates":{"created":"Publicado em 2 de junho de 2017","modified":"Atualizado em 2 de junho de 2017"},"absolute_dates_time":{"created":"Publicado em 2 de junho de 2017 08:45","modified":"Atualizado em 2 de junho de 2017 08:45"},"featured_img_caption":"","series_order":"","_links":{"self":[{"href":"https:\/\/lavras.tv\/site\/wp-json\/wp\/v2\/posts\/9479","targetHints":{"allow":["GET"]}}],"collection":[{"href":"https:\/\/lavras.tv\/site\/wp-json\/wp\/v2\/posts"}],"about":[{"href":"https:\/\/lavras.tv\/site\/wp-json\/wp\/v2\/types\/post"}],"author":[{"embeddable":true,"href":"https:\/\/lavras.tv\/site\/wp-json\/wp\/v2\/users\/2"}],"replies":[{"embeddable":true,"href":"https:\/\/lavras.tv\/site\/wp-json\/wp\/v2\/comments?post=9479"}],"version-history":[{"count":1,"href":"https:\/\/lavras.tv\/site\/wp-json\/wp\/v2\/posts\/9479\/revisions"}],"predecessor-version":[{"id":9483,"href":"https:\/\/lavras.tv\/site\/wp-json\/wp\/v2\/posts\/9479\/revisions\/9483"}],"wp:featuredmedia":[{"embeddable":true,"href":"https:\/\/lavras.tv\/site\/wp-json\/wp\/v2\/media\/9482"}],"wp:attachment":[{"href":"https:\/\/lavras.tv\/site\/wp-json\/wp\/v2\/media?parent=9479"}],"wp:term":[{"taxonomy":"category","embeddable":true,"href":"https:\/\/lavras.tv\/site\/wp-json\/wp\/v2\/categories?post=9479"},{"taxonomy":"post_tag","embeddable":true,"href":"https:\/\/lavras.tv\/site\/wp-json\/wp\/v2\/tags?post=9479"}],"curies":[{"name":"wp","href":"https:\/\/api.w.org\/{rel}","templated":true}]}}