{"id":9550,"date":"2017-06-05T09:36:12","date_gmt":"2017-06-05T12:36:12","guid":{"rendered":"http:\/\/lavras.tv\/site\/?p=9550"},"modified":"2017-06-05T09:36:12","modified_gmt":"2017-06-05T12:36:12","slug":"senador-aecio-neves-ludibriou-os-brasileiros-diz-rodrigo-janot","status":"publish","type":"post","link":"https:\/\/lavras.tv\/site\/2017\/06\/05\/senador-aecio-neves-ludibriou-os-brasileiros-diz-rodrigo-janot\/","title":{"rendered":"Senador A\u00e9cio Neves &#8216;ludibriou os brasileiros&#8217;, diz Rodrigo Janot"},"content":{"rendered":"<div class=\"lavra-antes-do-conteudo_2\" id=\"lavra-4129975335\"><div id=\"lavra-slider-27\" class=\"custom-slider lavra-slider-2944077228 lavra-slider\"><ul><li><div style=\"margin-left: auto;margin-right: auto;text-align: center;\" id=\"lavra-2468748732\"><a href=\"https:\/\/sistemas.lavras.mg.gov.br\/portalcidadao\/#df1b1a7c7b2a290bcb31e32771e610784662739a88807c0dacac58ede5f391a7530e299dc302d611ee73cb143fc22eaf93592e53e7b5bdb01b00a0b8d28dae460c141dd2ff83412e4dc1c31b16b25f33144a9e5620ea73b13f5bc1c59411d98439ad226e8af03840603796067d87afe130812cf3de24982d0e306f9e61e764e5\" aria-label=\"Lavras-TV&#8211;720x104px (1) (1)\"><img src=\"https:\/\/lavras.tv\/site\/wp-content\/uploads\/2025\/01\/Lavras-TV-720x104px-1-1.png\" alt=\"\"  srcset=\"https:\/\/lavras.tv\/site\/wp-content\/uploads\/2025\/01\/Lavras-TV-720x104px-1-1.png 720w, https:\/\/lavras.tv\/site\/wp-content\/uploads\/2025\/01\/Lavras-TV-720x104px-1-1-470x68.png 470w, https:\/\/lavras.tv\/site\/wp-content\/uploads\/2025\/01\/Lavras-TV-720x104px-1-1-170x25.png 170w, https:\/\/lavras.tv\/site\/wp-content\/uploads\/2025\/01\/Lavras-TV-720x104px-1-1-200x29.png 200w\" sizes=\"(max-width: 720px) 100vw, 720px\" width=\"720\" height=\"104\"  style=\"display: inline-block;\" \/><\/a><\/div><\/li><li><a href=\"https:\/\/sistemas.lavras.mg.gov.br\/portalcidadao\/#df1b1a7c7b2a290bcb31e32771e610784662739a88807c0dacac58ede5f391a7530e299dc302d611ee73cb143fc22eaf93592e53e7b5bdb01b00a0b8d28dae460c141dd2ff83412e4dc1c31b16b25f33144a9e5620ea73b13f5bc1c59411d98439ad226e8af03840603796067d87afe130812cf3de24982d0e306f9e61e764e5\" aria-label=\"Banner_Emprego_PortallavrasTV\"><img src=\"https:\/\/lavras.tv\/site\/wp-content\/uploads\/2025\/03\/Banner_Emprego_PortallavrasTV.png\" alt=\"\"  srcset=\"https:\/\/lavras.tv\/site\/wp-content\/uploads\/2025\/03\/Banner_Emprego_PortallavrasTV.png 720w, https:\/\/lavras.tv\/site\/wp-content\/uploads\/2025\/03\/Banner_Emprego_PortallavrasTV-470x68.png 470w, https:\/\/lavras.tv\/site\/wp-content\/uploads\/2025\/03\/Banner_Emprego_PortallavrasTV-170x25.png 170w, https:\/\/lavras.tv\/site\/wp-content\/uploads\/2025\/03\/Banner_Emprego_PortallavrasTV-200x29.png 200w\" sizes=\"(max-width: 720px) 100vw, 720px\" width=\"720\" height=\"104\"   \/><\/a><\/li><li><a href=\"https:\/\/sistemas.lavras.mg.gov.br\/portalcidadao\/#df1b1a7c7b2a290bcb31e32771e610784662739a88807c0dacac58ede5f391a7530e299dc302d611ee73cb143fc22eaf93592e53e7b5bdb01b00a0b8d28dae460c141dd2ff83412e4dc1c31b16b25f33144a9e5620ea73b13f5bc1c59411d98439ad226e8af03840603796067d87afe130812cf3de24982d0e306f9e61e764e5\" aria-label=\"Banner_Obras_PortallavrasTV\"><img src=\"https:\/\/lavras.tv\/site\/wp-content\/uploads\/2025\/03\/Banner_Obras_PortallavrasTV.png\" alt=\"\"  srcset=\"https:\/\/lavras.tv\/site\/wp-content\/uploads\/2025\/03\/Banner_Obras_PortallavrasTV.png 720w, https:\/\/lavras.tv\/site\/wp-content\/uploads\/2025\/03\/Banner_Obras_PortallavrasTV-470x68.png 470w, https:\/\/lavras.tv\/site\/wp-content\/uploads\/2025\/03\/Banner_Obras_PortallavrasTV-170x25.png 170w, https:\/\/lavras.tv\/site\/wp-content\/uploads\/2025\/03\/Banner_Obras_PortallavrasTV-200x29.png 200w\" sizes=\"(max-width: 720px) 100vw, 720px\" width=\"720\" height=\"104\"   \/><\/a><\/li><li><div style=\"margin-left: auto;margin-right: auto;text-align: center;\" id=\"lavra-4173875569\"><a href=\"https:\/\/sistemas.lavras.mg.gov.br\/portalcidadao\/#df1b1a7c7b2a290bcb31e32771e610784662739a88807c0dacac58ede5f391a7530e299dc302d611ee73cb143fc22eaf93592e53e7b5bdb01b00a0b8d28dae460c141dd2ff83412e4dc1c31b16b25f33144a9e5620ea73b13f5bc1c59411d98439ad226e8af03840603796067d87afe130812cf3de24982d0e306f9e61e764e5\" aria-label=\"Banner_Educa\u00e7\u00e3o_PortallavrasTV\"><img src=\"https:\/\/lavras.tv\/site\/wp-content\/uploads\/2025\/01\/Banner_Educacao_PortallavrasTV.png\" alt=\"\"  srcset=\"https:\/\/lavras.tv\/site\/wp-content\/uploads\/2025\/01\/Banner_Educacao_PortallavrasTV.png 720w, https:\/\/lavras.tv\/site\/wp-content\/uploads\/2025\/01\/Banner_Educacao_PortallavrasTV-470x68.png 470w, https:\/\/lavras.tv\/site\/wp-content\/uploads\/2025\/01\/Banner_Educacao_PortallavrasTV-170x25.png 170w, https:\/\/lavras.tv\/site\/wp-content\/uploads\/2025\/01\/Banner_Educacao_PortallavrasTV-200x29.png 200w\" sizes=\"(max-width: 720px) 100vw, 720px\" width=\"720\" height=\"104\"  style=\"display: inline-block;\" \/><\/a><\/div><\/li><li><a href=\"https:\/\/sistemas.lavras.mg.gov.br\/portalcidadao\/#df1b1a7c7b2a290bcb31e32771e610784662739a88807c0dacac58ede5f391a7530e299dc302d611ee73cb143fc22eaf93592e53e7b5bdb01b00a0b8d28dae460c141dd2ff83412e4dc1c31b16b25f33144a9e5620ea73b13f5bc1c59411d98439ad226e8af03840603796067d87afe130812cf3de24982d0e306f9e61e764e5\" aria-label=\"Banner_Sa\u00fade_PortallavrasTV\"><img src=\"https:\/\/lavras.tv\/site\/wp-content\/uploads\/2025\/03\/Banner_Saude_PortallavrasTV.png\" alt=\"\"  srcset=\"https:\/\/lavras.tv\/site\/wp-content\/uploads\/2025\/03\/Banner_Saude_PortallavrasTV.png 720w, https:\/\/lavras.tv\/site\/wp-content\/uploads\/2025\/03\/Banner_Saude_PortallavrasTV-470x68.png 470w, https:\/\/lavras.tv\/site\/wp-content\/uploads\/2025\/03\/Banner_Saude_PortallavrasTV-170x25.png 170w, https:\/\/lavras.tv\/site\/wp-content\/uploads\/2025\/03\/Banner_Saude_PortallavrasTV-200x29.png 200w\" sizes=\"(max-width: 720px) 100vw, 720px\" width=\"720\" height=\"104\"   \/><\/a><\/li><li><div id=\"lavra-1413100708\" style=\"width:720px;height:104px;background-color:#ddd;overflow:scroll;\">\n\t<strong>Sa\u00edda da depura\u00e7\u00e3o de an\u00fancios<\/strong>\n\t<br><br>\n\tO an\u00fancio n\u00e3o \u00e9 exibido na p\u00e1gina<br><br>post atual: Senador A\u00e9cio Neves 'ludibriou os brasileiros', diz Rodrigo Janot, ID: 9550<br><br><span style=\"color: red;\">O post atual n\u00e3o \u00e9 id\u00eantico ao post principal.<\/span><br><br>An\u00fancios: ROXO - TOPO INTERNA - ROTATIVO 2 (197)<br \/>Grupo de an\u00fancios: Princ_Meio01_720x104 (27)<br><br>Condi\u00e7\u00f5es de exibi\u00e7\u00e3o<div style=\"margin-bottom: 20px; white-space: pre-wrap; font-family: monospace; width: 100%; background: #ffe9e9;\"><strong>condi\u00e7\u00f5es gerais<\/strong><table border=\"1\"><thead><tr><th><\/th><th>An\u00fancios<\/th><th>wp_the_query<\/th><\/tr><\/thead><tr><td>is_main_query<\/td><td>1<\/td><td>1<\/td><\/tr><tr><td>is_rest_api<\/td><td>0<\/td><td>1<\/td><\/tr><tr><td>page<\/td><td>0<\/td><td>1<\/td><\/tr><tr><td>numpages<\/td><td>0<\/td><td>1<\/td><\/tr><tr><td>is_archive<\/td><td>1<\/td><td><\/td><\/tr><tr><td>is_search<\/td><td>1<\/td><td><\/td><\/tr><tr><td>is_home<\/td><td>1<\/td><td><\/td><\/tr><tr><td>is_404<\/td><td>1<\/td><td><\/td><\/tr><tr><td>is_attachment<\/td><td>1<\/td><td><\/td><\/tr><tr><td>is_singular<\/td><td>1<\/td><td><\/td><\/tr><tr><td>is_front_page<\/td><td>1<\/td><td><\/td><\/tr><tr><td>is_feed<\/td><td>1<\/td><td><\/td><\/tr><\/table><\/div><br><br><span style=\"color: red;\">Seu site usa HTTPS, mas o c\u00f3digo do an\u00fancio cont\u00e9m HTTP e pode n\u00e3o funcionar.<\/span>\t<br><br>\n\t<a style=\"color: green;\" href=\"https:\/\/wpadvancedads.com\/manual\/ad-debug-mode\/?utm_source=advanced-ads&utm_medium=link&utm_campaign=ad-debug-mode\" target=\"_blank\" rel=\"nofollow\">Encontre solu\u00e7\u00f5es no manual<\/a>\n<\/div>\n<\/li><\/ul><\/div><script>( window.advanced_ads_ready || jQuery( document ).ready ).call( null, function() {var $lavraslider2944077228 = jQuery( \".lavra-slider-2944077228\" );$lavraslider2944077228.on( \"unslider.ready\", function() { jQuery( \"div.custom-slider ul li\" ).css( \"display\", \"block\" ); });$lavraslider2944077228.unslider({ delay:4000, autoplay:true, nav:false, arrows:false, infinite:true });$lavraslider2944077228.on(\"mouseover\", function() {$lavraslider2944077228.unslider(\"stop\");}).on(\"mouseout\", function() {$lavraslider2944077228.unslider(\"start\");});});<\/script><\/div><p>O procurador-geral da Rep\u00fablica, Rodrigo Janot, disse que o senador A\u00e9cio Neves (PSDB-MG) &#8220;ludibriou os cidad\u00e3os brasileiros&#8221;. <!--more-->&#8220;Sobretudo seus eleitores, que o escolheram para o Senado e o confiaram mais de 51 milh\u00f5es de votos nas elei\u00e7\u00f5es presidenciais (2014)&#8221;, afirmou o procurador, ao requisitar novas dilig\u00eancias contra o tucano.<\/p>\n<p><img fetchpriority=\"high\" decoding=\"async\" class=\"alignnone size-full wp-image-7811 aligncenter\" src=\"http:\/\/lavras.tv\/site\/wp-content\/uploads\/2017\/04\/andrea-aecio.jpg\" alt=\"andrea-aecio\" width=\"650\" height=\"424\" srcset=\"https:\/\/lavras.tv\/site\/wp-content\/uploads\/2017\/04\/andrea-aecio.jpg 650w, https:\/\/lavras.tv\/site\/wp-content\/uploads\/2017\/04\/andrea-aecio-150x98.jpg 150w, https:\/\/lavras.tv\/site\/wp-content\/uploads\/2017\/04\/andrea-aecio-300x196.jpg 300w\" sizes=\"(max-width: 650px) 100vw, 650px\" \/><\/p>\n<p>Essas novas investiga\u00e7\u00f5es foram requeridas na cota da den\u00fancia &#8211; expediente por meio do qual, paralelamente ao oferecimento de acusa\u00e7\u00e3o formal, a Procuradoria pede outras provid\u00eancias. Entre as novas medidas, a Procuradoria quer um inqu\u00e9rito espec\u00edfico para investigar A\u00e9cio por suposto crime de lavagem de dinheiro.<\/p>\n<p>A\u00e9cio foi denunciado pelos crimes de corrup\u00e7\u00e3o passiva e obstru\u00e7\u00e3o da Justi\u00e7a. A Opera\u00e7\u00e3o Patmos, desencadeada no dia 18 de maio, pegou o senador, segundo a Procuradoria, extorquindo.R$ 2 milh\u00f5es do empres\u00e1rio Joesley Batista, acionista da JBS. Al\u00e9m de A\u00e9cio, a Procuradoria acusa sua irm\u00e3, Andr\u00e9a Neves, um primo dele, Frederico Pacheco, o Fred, e um ex-assessor do senador Zez\u00e9 Perrella (PMDB-MG).<\/p>\n<p>&#8220;Os fatos perpetrados pelos denunciados, devidamente descritos na pe\u00e7a acusat\u00f3ria, possuem signific\u00e2ncia que transportam os limites da tolerabilidade, causando frustra\u00e7\u00e3o \u00e0 comunidade\u201d, aponta Janot. &#8220;Os crimes praticados na sorrelfa, valendo-se do mandato eletivo, possuem alto grau de reprovabilidade, causam como\u00e7\u00e3o social, descr\u00e9dito, al\u00e9m de serem capazes de produzir intranquilidade social e descren\u00e7a da popula\u00e7\u00e3o, v\u00edtima mediata da pr\u00e1tica criminosa de tal esp\u00e9cie.\u201d<\/p>\n<p>Sobre A\u00e9cio, o procurador \u00e9 taxativo. &#8220;Tinha grande proje\u00e7\u00e3o pol\u00edtica. Foi presidenci\u00e1vel e, at\u00e9 os fatos serem desvelados, presidente do PSDB. Ludibriou os cidad\u00e3os brasileiros e, sobretudo, seus eleitores, que o escolheram para o Senado e o confiaram mais de 51 milh\u00f5es de votos nas elei\u00e7\u00f5es presidenciais. N\u00e3o h\u00e1 d\u00favida, portanto, que o delito perpetrado causou abalo moral \u00e0 coletividade, interesse este que n\u00e3o pode ficar sem repara\u00e7\u00e3o.\u201d<\/p>\n<p>Nota da defesa do senador A\u00e9cio Neves:<\/p>\n<p>&#8220;A Defesa do Senador A\u00e9cio Neves recebe com surpresa a not\u00edcia de que, na data de hoje, foi oferecida den\u00fancia contra ele em rela\u00e7\u00e3o aos fatos envolvendo o Sr. Joesley Batista. Diversas dilig\u00eancias de fundamental import\u00e2ncia n\u00e3o foram realizadas, como a oitiva do Senador e a per\u00edcia nas grava\u00e7\u00f5es. Assim, a Defesa lamenta o a\u00e7odamento no oferecimento da den\u00fancia e aguarda ter acesso ao seu teor para que possa demonstrar a corre\u00e7\u00e3o da conduta do Senador A\u00e9cio Neves.<\/p>\n<p>Fonte: Itatiaia<\/p>\n","protected":false},"excerpt":{"rendered":"<p>O procurador-geral da Rep\u00fablica, Rodrigo Janot, disse que o senador A\u00e9cio Neves (PSDB-MG) &#8220;ludibriou os cidad\u00e3os brasileiros&#8221;.<\/p>\n","protected":false},"author":2,"featured_media":7811,"comment_status":"closed","ping_status":"open","sticky":false,"template":"","format":"standard","meta":{"advgb_blocks_editor_width":"","advgb_blocks_columns_visual_guide":"","_exactmetrics_skip_tracking":false,"_exactmetrics_sitenote_active":false,"_exactmetrics_sitenote_note":"","_exactmetrics_sitenote_category":0,"footnotes":""},"categories":[12],"tags":[3518,396,3517],"class_list":["post-9550","post","type-post","status-publish","format-standard","has-post-thumbnail","hentry","category-politica","tag-aecio","tag-politica","tag-rodrigo-janot"],"better_featured_image":{"id":7811,"alt_text":"","caption":"","description":"","media_type":"image","media_details":{"width":650,"height":424,"file":"2017\/04\/andrea-aecio.jpg","sizes":{"thumbnail":{"file":"andrea-aecio-150x98.jpg","width":150,"height":98,"mime-type":"image\/jpeg","source_url":"https:\/\/lavras.tv\/site\/wp-content\/uploads\/2017\/04\/andrea-aecio-150x98.jpg"},"medium":{"file":"andrea-aecio-300x196.jpg","width":300,"height":196,"mime-type":"image\/jpeg","source_url":"https:\/\/lavras.tv\/site\/wp-content\/uploads\/2017\/04\/andrea-aecio-300x196.jpg"},"featured-slider-img":{"file":"andrea-aecio-640x424.jpg","width":640,"height":424,"mime-type":"image\/jpeg","source_url":"https:\/\/lavras.tv\/site\/wp-content\/uploads\/2017\/04\/andrea-aecio-640x424.jpg"},"featured-post-img":{"file":"andrea-aecio-480x320.jpg","width":480,"height":320,"mime-type":"image\/jpeg","source_url":"https:\/\/lavras.tv\/site\/wp-content\/uploads\/2017\/04\/andrea-aecio-480x320.jpg"},"sow-carousel-default":{"file":"andrea-aecio-272x182.jpg","width":272,"height":182,"mime-type":"image\/jpeg","source_url":"https:\/\/lavras.tv\/site\/wp-content\/uploads\/2017\/04\/andrea-aecio-272x182.jpg"}},"image_meta":{"aperture":"0","credit":"","camera":"","caption":"","created_timestamp":"0","copyright":"","focal_length":"0","iso":"0","shutter_speed":"0","title":"","orientation":"1","keywords":[]}},"post":7809,"source_url":"https:\/\/lavras.tv\/site\/wp-content\/uploads\/2017\/04\/andrea-aecio.jpg"},"author_meta":{"display_name":"Lavras TV","author_link":"https:\/\/lavras.tv\/site\/author\/lavrastv\/"},"featured_img":"https:\/\/lavras.tv\/site\/wp-content\/uploads\/2017\/04\/andrea-aecio-300x196.jpg","coauthors":[],"tax_additional":{"categories":{"linked":["<a href=\"https:\/\/lavras.tv\/site\/category\/politica\/\" class=\"advgb-post-tax-term\">Pol\u00edtica<\/a>"],"unlinked":["<span class=\"advgb-post-tax-term\">Pol\u00edtica<\/span>"]},"tags":{"linked":["<a href=\"https:\/\/lavras.tv\/site\/category\/politica\/\" class=\"advgb-post-tax-term\">A\u00e9cio<\/a>","<a href=\"https:\/\/lavras.tv\/site\/category\/politica\/\" class=\"advgb-post-tax-term\">pol\u00edtica<\/a>","<a href=\"https:\/\/lavras.tv\/site\/category\/politica\/\" class=\"advgb-post-tax-term\">Rodrigo janot<\/a>"],"unlinked":["<span class=\"advgb-post-tax-term\">A\u00e9cio<\/span>","<span class=\"advgb-post-tax-term\">pol\u00edtica<\/span>","<span class=\"advgb-post-tax-term\">Rodrigo janot<\/span>"]}},"comment_count":"0","relative_dates":{"created":"Publicado 9 anos atr\u00e1s","modified":"Atualizado 9 anos atr\u00e1s"},"absolute_dates":{"created":"Publicado em 5 de junho de 2017","modified":"Atualizado em 5 de junho de 2017"},"absolute_dates_time":{"created":"Publicado em 5 de junho de 2017 09:36","modified":"Atualizado em 5 de junho de 2017 09:36"},"featured_img_caption":"","series_order":"","_links":{"self":[{"href":"https:\/\/lavras.tv\/site\/wp-json\/wp\/v2\/posts\/9550","targetHints":{"allow":["GET"]}}],"collection":[{"href":"https:\/\/lavras.tv\/site\/wp-json\/wp\/v2\/posts"}],"about":[{"href":"https:\/\/lavras.tv\/site\/wp-json\/wp\/v2\/types\/post"}],"author":[{"embeddable":true,"href":"https:\/\/lavras.tv\/site\/wp-json\/wp\/v2\/users\/2"}],"replies":[{"embeddable":true,"href":"https:\/\/lavras.tv\/site\/wp-json\/wp\/v2\/comments?post=9550"}],"version-history":[{"count":1,"href":"https:\/\/lavras.tv\/site\/wp-json\/wp\/v2\/posts\/9550\/revisions"}],"predecessor-version":[{"id":9551,"href":"https:\/\/lavras.tv\/site\/wp-json\/wp\/v2\/posts\/9550\/revisions\/9551"}],"wp:featuredmedia":[{"embeddable":true,"href":"https:\/\/lavras.tv\/site\/wp-json\/wp\/v2\/media\/7811"}],"wp:attachment":[{"href":"https:\/\/lavras.tv\/site\/wp-json\/wp\/v2\/media?parent=9550"}],"wp:term":[{"taxonomy":"category","embeddable":true,"href":"https:\/\/lavras.tv\/site\/wp-json\/wp\/v2\/categories?post=9550"},{"taxonomy":"post_tag","embeddable":true,"href":"https:\/\/lavras.tv\/site\/wp-json\/wp\/v2\/tags?post=9550"}],"curies":[{"name":"wp","href":"https:\/\/api.w.org\/{rel}","templated":true}]}}