{"id":979,"date":"2016-07-20T12:49:24","date_gmt":"2016-07-20T12:49:24","guid":{"rendered":"http:\/\/lavras.tv\/site\/?p=979"},"modified":"2016-07-20T12:49:24","modified_gmt":"2016-07-20T12:49:24","slug":"comecam-hoje-as-convencoes-partidarias","status":"publish","type":"post","link":"https:\/\/lavras.tv\/site\/2016\/07\/20\/comecam-hoje-as-convencoes-partidarias\/","title":{"rendered":"Come\u00e7am hoje as Conven\u00e7\u00f5es Partid\u00e1rias"},"content":{"rendered":"<div class=\"lavra-antes-do-conteudo_2\" id=\"lavra-791455424\"><div id=\"lavra-slider-27\" class=\"custom-slider lavra-slider-2972616081 lavra-slider\"><ul><li><div style=\"margin-left: auto;margin-right: auto;text-align: center;\" id=\"lavra-360429418\"><a href=\"https:\/\/sistemas.lavras.mg.gov.br\/portalcidadao\/#df1b1a7c7b2a290bcb31e32771e610784662739a88807c0dacac58ede5f391a7530e299dc302d611ee73cb143fc22eaf93592e53e7b5bdb01b00a0b8d28dae460c141dd2ff83412e4dc1c31b16b25f33144a9e5620ea73b13f5bc1c59411d98439ad226e8af03840603796067d87afe130812cf3de24982d0e306f9e61e764e5\" aria-label=\"Lavras-TV&#8211;720x104px (1) (1)\"><img src=\"https:\/\/lavras.tv\/site\/wp-content\/uploads\/2025\/01\/Lavras-TV-720x104px-1-1.png\" alt=\"\"  srcset=\"https:\/\/lavras.tv\/site\/wp-content\/uploads\/2025\/01\/Lavras-TV-720x104px-1-1.png 720w, https:\/\/lavras.tv\/site\/wp-content\/uploads\/2025\/01\/Lavras-TV-720x104px-1-1-470x68.png 470w, https:\/\/lavras.tv\/site\/wp-content\/uploads\/2025\/01\/Lavras-TV-720x104px-1-1-170x25.png 170w, https:\/\/lavras.tv\/site\/wp-content\/uploads\/2025\/01\/Lavras-TV-720x104px-1-1-200x29.png 200w\" sizes=\"(max-width: 720px) 100vw, 720px\" width=\"720\" height=\"104\"  style=\"display: inline-block;\" \/><\/a><\/div><\/li><li><a href=\"https:\/\/sistemas.lavras.mg.gov.br\/portalcidadao\/#df1b1a7c7b2a290bcb31e32771e610784662739a88807c0dacac58ede5f391a7530e299dc302d611ee73cb143fc22eaf93592e53e7b5bdb01b00a0b8d28dae460c141dd2ff83412e4dc1c31b16b25f33144a9e5620ea73b13f5bc1c59411d98439ad226e8af03840603796067d87afe130812cf3de24982d0e306f9e61e764e5\" aria-label=\"Banner_Emprego_PortallavrasTV\"><img src=\"https:\/\/lavras.tv\/site\/wp-content\/uploads\/2025\/03\/Banner_Emprego_PortallavrasTV.png\" alt=\"\"  srcset=\"https:\/\/lavras.tv\/site\/wp-content\/uploads\/2025\/03\/Banner_Emprego_PortallavrasTV.png 720w, https:\/\/lavras.tv\/site\/wp-content\/uploads\/2025\/03\/Banner_Emprego_PortallavrasTV-470x68.png 470w, https:\/\/lavras.tv\/site\/wp-content\/uploads\/2025\/03\/Banner_Emprego_PortallavrasTV-170x25.png 170w, https:\/\/lavras.tv\/site\/wp-content\/uploads\/2025\/03\/Banner_Emprego_PortallavrasTV-200x29.png 200w\" sizes=\"(max-width: 720px) 100vw, 720px\" width=\"720\" height=\"104\"   \/><\/a><\/li><li><a href=\"https:\/\/sistemas.lavras.mg.gov.br\/portalcidadao\/#df1b1a7c7b2a290bcb31e32771e610784662739a88807c0dacac58ede5f391a7530e299dc302d611ee73cb143fc22eaf93592e53e7b5bdb01b00a0b8d28dae460c141dd2ff83412e4dc1c31b16b25f33144a9e5620ea73b13f5bc1c59411d98439ad226e8af03840603796067d87afe130812cf3de24982d0e306f9e61e764e5\" aria-label=\"Banner_Obras_PortallavrasTV\"><img src=\"https:\/\/lavras.tv\/site\/wp-content\/uploads\/2025\/03\/Banner_Obras_PortallavrasTV.png\" alt=\"\"  srcset=\"https:\/\/lavras.tv\/site\/wp-content\/uploads\/2025\/03\/Banner_Obras_PortallavrasTV.png 720w, https:\/\/lavras.tv\/site\/wp-content\/uploads\/2025\/03\/Banner_Obras_PortallavrasTV-470x68.png 470w, https:\/\/lavras.tv\/site\/wp-content\/uploads\/2025\/03\/Banner_Obras_PortallavrasTV-170x25.png 170w, https:\/\/lavras.tv\/site\/wp-content\/uploads\/2025\/03\/Banner_Obras_PortallavrasTV-200x29.png 200w\" sizes=\"(max-width: 720px) 100vw, 720px\" width=\"720\" height=\"104\"   \/><\/a><\/li><li><div style=\"margin-left: auto;margin-right: auto;text-align: center;\" id=\"lavra-183128020\"><a href=\"https:\/\/sistemas.lavras.mg.gov.br\/portalcidadao\/#df1b1a7c7b2a290bcb31e32771e610784662739a88807c0dacac58ede5f391a7530e299dc302d611ee73cb143fc22eaf93592e53e7b5bdb01b00a0b8d28dae460c141dd2ff83412e4dc1c31b16b25f33144a9e5620ea73b13f5bc1c59411d98439ad226e8af03840603796067d87afe130812cf3de24982d0e306f9e61e764e5\" aria-label=\"Banner_Educa\u00e7\u00e3o_PortallavrasTV\"><img src=\"https:\/\/lavras.tv\/site\/wp-content\/uploads\/2025\/01\/Banner_Educacao_PortallavrasTV.png\" alt=\"\"  srcset=\"https:\/\/lavras.tv\/site\/wp-content\/uploads\/2025\/01\/Banner_Educacao_PortallavrasTV.png 720w, https:\/\/lavras.tv\/site\/wp-content\/uploads\/2025\/01\/Banner_Educacao_PortallavrasTV-470x68.png 470w, https:\/\/lavras.tv\/site\/wp-content\/uploads\/2025\/01\/Banner_Educacao_PortallavrasTV-170x25.png 170w, https:\/\/lavras.tv\/site\/wp-content\/uploads\/2025\/01\/Banner_Educacao_PortallavrasTV-200x29.png 200w\" sizes=\"(max-width: 720px) 100vw, 720px\" width=\"720\" height=\"104\"  style=\"display: inline-block;\" \/><\/a><\/div><\/li><li><a href=\"https:\/\/sistemas.lavras.mg.gov.br\/portalcidadao\/#df1b1a7c7b2a290bcb31e32771e610784662739a88807c0dacac58ede5f391a7530e299dc302d611ee73cb143fc22eaf93592e53e7b5bdb01b00a0b8d28dae460c141dd2ff83412e4dc1c31b16b25f33144a9e5620ea73b13f5bc1c59411d98439ad226e8af03840603796067d87afe130812cf3de24982d0e306f9e61e764e5\" aria-label=\"Banner_Sa\u00fade_PortallavrasTV\"><img src=\"https:\/\/lavras.tv\/site\/wp-content\/uploads\/2025\/03\/Banner_Saude_PortallavrasTV.png\" alt=\"\"  srcset=\"https:\/\/lavras.tv\/site\/wp-content\/uploads\/2025\/03\/Banner_Saude_PortallavrasTV.png 720w, https:\/\/lavras.tv\/site\/wp-content\/uploads\/2025\/03\/Banner_Saude_PortallavrasTV-470x68.png 470w, https:\/\/lavras.tv\/site\/wp-content\/uploads\/2025\/03\/Banner_Saude_PortallavrasTV-170x25.png 170w, https:\/\/lavras.tv\/site\/wp-content\/uploads\/2025\/03\/Banner_Saude_PortallavrasTV-200x29.png 200w\" sizes=\"(max-width: 720px) 100vw, 720px\" width=\"720\" height=\"104\"   \/><\/a><\/li><li><div id=\"lavra-947381096\" style=\"width:720px;height:104px;background-color:#ddd;overflow:scroll;\">\n\t<strong>Sa\u00edda da depura\u00e7\u00e3o de an\u00fancios<\/strong>\n\t<br><br>\n\tO an\u00fancio n\u00e3o \u00e9 exibido na p\u00e1gina<br><br>post atual: Come\u00e7am hoje as Conven\u00e7\u00f5es Partid\u00e1rias, ID: 979<br><br><span style=\"color: red;\">O post atual n\u00e3o \u00e9 id\u00eantico ao post principal.<\/span><br><br>An\u00fancios: ROXO - TOPO INTERNA - ROTATIVO 2 (197)<br \/>Grupo de an\u00fancios: Princ_Meio01_720x104 (27)<br><br>Condi\u00e7\u00f5es de exibi\u00e7\u00e3o<div style=\"margin-bottom: 20px; white-space: pre-wrap; font-family: monospace; width: 100%; background: #ffe9e9;\"><strong>condi\u00e7\u00f5es gerais<\/strong><table border=\"1\"><thead><tr><th><\/th><th>An\u00fancios<\/th><th>wp_the_query<\/th><\/tr><\/thead><tr><td>is_main_query<\/td><td>1<\/td><td>1<\/td><\/tr><tr><td>is_rest_api<\/td><td>0<\/td><td>1<\/td><\/tr><tr><td>page<\/td><td>0<\/td><td>1<\/td><\/tr><tr><td>numpages<\/td><td>0<\/td><td>1<\/td><\/tr><tr><td>is_archive<\/td><td>1<\/td><td><\/td><\/tr><tr><td>is_search<\/td><td>1<\/td><td><\/td><\/tr><tr><td>is_home<\/td><td>1<\/td><td><\/td><\/tr><tr><td>is_404<\/td><td>1<\/td><td><\/td><\/tr><tr><td>is_attachment<\/td><td>1<\/td><td><\/td><\/tr><tr><td>is_singular<\/td><td>1<\/td><td><\/td><\/tr><tr><td>is_front_page<\/td><td>1<\/td><td><\/td><\/tr><tr><td>is_feed<\/td><td>1<\/td><td><\/td><\/tr><\/table><\/div><br><br><span style=\"color: red;\">Seu site usa HTTPS, mas o c\u00f3digo do an\u00fancio cont\u00e9m HTTP e pode n\u00e3o funcionar.<\/span>\t<br><br>\n\t<a style=\"color: green;\" href=\"https:\/\/wpadvancedads.com\/manual\/ad-debug-mode\/?utm_source=advanced-ads&utm_medium=link&utm_campaign=ad-debug-mode\" target=\"_blank\" rel=\"nofollow\">Encontre solu\u00e7\u00f5es no manual<\/a>\n<\/div>\n<\/li><\/ul><\/div><script>( window.advanced_ads_ready || jQuery( document ).ready ).call( null, function() {var $lavraslider2972616081 = jQuery( \".lavra-slider-2972616081\" );$lavraslider2972616081.on( \"unslider.ready\", function() { jQuery( \"div.custom-slider ul li\" ).css( \"display\", \"block\" ); });$lavraslider2972616081.unslider({ delay:4000, autoplay:true, nav:false, arrows:false, infinite:true });$lavraslider2972616081.on(\"mouseover\", function() {$lavraslider2972616081.unslider(\"stop\");}).on(\"mouseout\", function() {$lavraslider2972616081.unslider(\"start\");});});<\/script><\/div><p>As conven\u00e7\u00f5es partid\u00e1rias que ir\u00e3o definir os candidatos a vereador e a prefeito dos 5.570 munic\u00edpios do pa\u00eds t\u00eam in\u00edcio nesta quarta-feira, dia 20.<!--more--> Elas devem ocorrer at\u00e9 o dia 5 de agosto. V\u00e1rios partidos em cidades espalhadas pelo Brasil marcaram sua conven\u00e7\u00e3o j\u00e1 para este primeiro dia do prazo.<\/p>\n<p>Durante o per\u00edodo, os partidos se re\u00fanem para decidir tamb\u00e9m as coliga\u00e7\u00f5es a serem formadas para o pleito deste ano.<img fetchpriority=\"high\" decoding=\"async\" class=\"alignnone size-full wp-image-951\" src=\"http:\/\/lavras.tv\/site\/wp-content\/uploads\/2016\/07\/urna.jpg\" alt=\"urna\" width=\"1181\" height=\"801\" srcset=\"https:\/\/lavras.tv\/site\/wp-content\/uploads\/2016\/07\/urna.jpg 1181w, https:\/\/lavras.tv\/site\/wp-content\/uploads\/2016\/07\/urna-150x102.jpg 150w, https:\/\/lavras.tv\/site\/wp-content\/uploads\/2016\/07\/urna-300x203.jpg 300w, https:\/\/lavras.tv\/site\/wp-content\/uploads\/2016\/07\/urna-1024x695.jpg 1024w\" sizes=\"(max-width: 1181px) 100vw, 1181px\" \/><\/p>\n<p>A partir desta quarta, os partidos e candidatos j\u00e1 poder\u00e3o formalizar contratos que gerem despesas e gastos com a instala\u00e7\u00e3o f\u00edsica e virtual de seus comit\u00eas de campanha.<\/p>\n<p>Os gastos, no entanto, s\u00f3 ser\u00e3o efetivados ap\u00f3s a Justi\u00e7a Eleitoral receber o CNPJ, a conta banc\u00e1ria espec\u00edfica para a movimenta\u00e7\u00e3o financeira de campanha e os recibos eleitorais.<\/p>\n<p>Os candidatos poder\u00e3o gastar um valor limitado a cada munic\u00edpio. O TSE divulga tamb\u00e9m nesta quarta-feira o teto para cada cidade do Brasil.<\/p>\n<p><strong>\u00a0<\/strong><\/p>\n<p><strong>Processos eleitorais<\/strong><\/p>\n<p>A Lei das Elei\u00e7\u00f5es tamb\u00e9m determina que a partir desta quarta os processos eleitorais tenham prioridade de tramita\u00e7\u00e3o e julgamento em rela\u00e7\u00e3o aos demais. S\u00e3o exce\u00e7\u00e3o apenas os habeas corpus e mandados de seguran\u00e7a.<\/p>\n<p>A lei estabelece que ju\u00edzes e promotores, a partir dessa data, n\u00e3o podem deixar de cumprir os prazos definidos. O descumprimento constitui crime de responsabilidade e \u00e9 objeto de anota\u00e7\u00e3o funcional para efeito de promo\u00e7\u00e3o na carreira.<\/p>\n<p>Al\u00e9m das pol\u00edcias judici\u00e1rias, os \u00f3rg\u00e3os da Receita federal, estadual e municipal, os tribunais e \u00f3rg\u00e3os de Contas auxiliar\u00e3o a Justi\u00e7a Eleitoral na apura\u00e7\u00e3o dos delitos eleitorais, com prioridade sobre suas atribui\u00e7\u00f5es regulares.<\/p>\n<p>&nbsp;<\/p>\n<p><strong>Sistema e enquetes<\/strong><\/p>\n<p>Tamb\u00e9m estar\u00e1 dispon\u00edvel nesta quarta o download, no site do TSE, do Sistema de Presta\u00e7\u00e3o de Contas Eleitorais (SPCE). A ferramenta deve ser utilizada por candidatos e partidos pol\u00edticos para registrar a movimenta\u00e7\u00e3o financeira da campanha e gerar a presta\u00e7\u00e3o de contas eleitoral.<\/p>\n<p>J\u00e1 as enquetes referentes ao processo eleitoral est\u00e3o proibidas. Segundo a defini\u00e7\u00e3o, enquete \u00e9 a simples coleta de opini\u00f5es de eleitores sem nenhum controle de amostra e sem a utiliza\u00e7\u00e3o de m\u00e9todo cient\u00edfico para sua realiza\u00e7\u00e3o. Esse tipo de consulta depende apenas da participa\u00e7\u00e3o espont\u00e2nea do interessado.<\/p>\n<p>J\u00e1 a pesquisa eleitoral, que est\u00e1 permitida e deve ser registrada, requer dados estat\u00edsticos realizados junto a uma parcela da popula\u00e7\u00e3o de eleitores, com o objetivo de comparar a prefer\u00eancia e a inten\u00e7\u00e3o de voto a respeito dos candidatos que disputam determinada elei\u00e7\u00e3o.<\/p>\n<p>A divulga\u00e7\u00e3o de enquetes e sondagens em desacordo com as regras previstas na legisla\u00e7\u00e3o eleitoral pode ser punida com o pagamento de multa, que varia de R$ 53 a R$ 106 mil.<\/p>\n<p>&nbsp;<\/p>\n<p>Fonte: Portal G1<\/p>\n","protected":false},"excerpt":{"rendered":"<p>As conven\u00e7\u00f5es partid\u00e1rias que ir\u00e3o definir os candidatos a vereador e a prefeito dos 5.570 munic\u00edpios do pa\u00eds t\u00eam in\u00edcio nesta quarta-feira, dia 20.<\/p>\n","protected":false},"author":2,"featured_media":951,"comment_status":"closed","ping_status":"open","sticky":false,"template":"","format":"standard","meta":{"advgb_blocks_editor_width":"","advgb_blocks_columns_visual_guide":"","_exactmetrics_skip_tracking":false,"_exactmetrics_sitenote_active":false,"_exactmetrics_sitenote_note":"","_exactmetrics_sitenote_category":0,"footnotes":""},"categories":[7,12],"tags":[],"class_list":["post-979","post","type-post","status-publish","format-standard","has-post-thumbnail","hentry","category-destaques","category-politica"],"better_featured_image":{"id":951,"alt_text":"","caption":"","description":"","media_type":"image","media_details":{"width":1181,"height":801,"file":"2016\/07\/urna.jpg","sizes":{"thumbnail":{"file":"urna-150x102.jpg","width":150,"height":102,"mime-type":"image\/jpeg","source_url":"https:\/\/lavras.tv\/site\/wp-content\/uploads\/2016\/07\/urna-150x102.jpg"},"medium":{"file":"urna-300x203.jpg","width":300,"height":203,"mime-type":"image\/jpeg","source_url":"https:\/\/lavras.tv\/site\/wp-content\/uploads\/2016\/07\/urna-300x203.jpg"},"large":{"file":"urna-1024x695.jpg","width":1024,"height":695,"mime-type":"image\/jpeg","source_url":"https:\/\/lavras.tv\/site\/wp-content\/uploads\/2016\/07\/urna-1024x695.jpg"},"featured-slider-img":{"file":"urna-640x480.jpg","width":640,"height":480,"mime-type":"image\/jpeg","source_url":"https:\/\/lavras.tv\/site\/wp-content\/uploads\/2016\/07\/urna-640x480.jpg"},"featured-post-img":{"file":"urna-480x320.jpg","width":480,"height":320,"mime-type":"image\/jpeg","source_url":"https:\/\/lavras.tv\/site\/wp-content\/uploads\/2016\/07\/urna-480x320.jpg"},"sow-carousel-default":{"file":"urna-272x182.jpg","width":272,"height":182,"mime-type":"image\/jpeg","source_url":"https:\/\/lavras.tv\/site\/wp-content\/uploads\/2016\/07\/urna-272x182.jpg"}},"image_meta":{"aperture":"0","credit":"","camera":"","caption":"","created_timestamp":"0","copyright":"","focal_length":"0","iso":"0","shutter_speed":"0","title":"","orientation":"0","keywords":[]}},"post":950,"source_url":"https:\/\/lavras.tv\/site\/wp-content\/uploads\/2016\/07\/urna.jpg"},"author_meta":{"display_name":"Lavras TV","author_link":"https:\/\/lavras.tv\/site\/author\/lavrastv\/"},"featured_img":"https:\/\/lavras.tv\/site\/wp-content\/uploads\/2016\/07\/urna-300x203.jpg","coauthors":[],"tax_additional":{"categories":{"linked":["<a href=\"https:\/\/lavras.tv\/site\/category\/destaques\/\" class=\"advgb-post-tax-term\">Destaques<\/a>","<a href=\"https:\/\/lavras.tv\/site\/category\/politica\/\" class=\"advgb-post-tax-term\">Pol\u00edtica<\/a>"],"unlinked":["<span class=\"advgb-post-tax-term\">Destaques<\/span>","<span class=\"advgb-post-tax-term\">Pol\u00edtica<\/span>"]}},"comment_count":"0","relative_dates":{"created":"Publicado 10 anos atr\u00e1s","modified":"Atualizado 10 anos atr\u00e1s"},"absolute_dates":{"created":"Publicado em 20 de julho de 2016","modified":"Atualizado em 20 de julho de 2016"},"absolute_dates_time":{"created":"Publicado em 20 de julho de 2016 12:49","modified":"Atualizado em 20 de julho de 2016 12:49"},"featured_img_caption":"","series_order":"","_links":{"self":[{"href":"https:\/\/lavras.tv\/site\/wp-json\/wp\/v2\/posts\/979","targetHints":{"allow":["GET"]}}],"collection":[{"href":"https:\/\/lavras.tv\/site\/wp-json\/wp\/v2\/posts"}],"about":[{"href":"https:\/\/lavras.tv\/site\/wp-json\/wp\/v2\/types\/post"}],"author":[{"embeddable":true,"href":"https:\/\/lavras.tv\/site\/wp-json\/wp\/v2\/users\/2"}],"replies":[{"embeddable":true,"href":"https:\/\/lavras.tv\/site\/wp-json\/wp\/v2\/comments?post=979"}],"version-history":[{"count":1,"href":"https:\/\/lavras.tv\/site\/wp-json\/wp\/v2\/posts\/979\/revisions"}],"predecessor-version":[{"id":980,"href":"https:\/\/lavras.tv\/site\/wp-json\/wp\/v2\/posts\/979\/revisions\/980"}],"wp:featuredmedia":[{"embeddable":true,"href":"https:\/\/lavras.tv\/site\/wp-json\/wp\/v2\/media\/951"}],"wp:attachment":[{"href":"https:\/\/lavras.tv\/site\/wp-json\/wp\/v2\/media?parent=979"}],"wp:term":[{"taxonomy":"category","embeddable":true,"href":"https:\/\/lavras.tv\/site\/wp-json\/wp\/v2\/categories?post=979"},{"taxonomy":"post_tag","embeddable":true,"href":"https:\/\/lavras.tv\/site\/wp-json\/wp\/v2\/tags?post=979"}],"curies":[{"name":"wp","href":"https:\/\/api.w.org\/{rel}","templated":true}]}}